{"id":34175,"date":"2022-11-11T20:37:05","date_gmt":"2022-11-11T23:37:05","guid":{"rendered":"https:\/\/morenoprimero.com.ar\/?p=34175"},"modified":"2022-11-11T20:37:06","modified_gmt":"2022-11-11T23:37:06","slug":"el-gobierno-lanzo-el-programa-precios-justos-con-mas-de-1-700-productos-congelados-hasta-marzo","status":"publish","type":"post","link":"https:\/\/morenoprimero.com.ar\/archivo\/el-gobierno-lanzo-el-programa-precios-justos-con-mas-de-1-700-productos-congelados-hasta-marzo\/","title":{"rendered":"El Gobierno lanz\u00f3 el programa Precios Justos, con m\u00e1s de 1.700 productos congelados hasta marzo"},"content":{"rendered":"\n<p>El ministro de Econom\u00eca, Sergio Massa, lanz\u00f3 este viernes el programa Precios Justos, que&nbsp;<strong>congelar\u00e1 los valores de los productos por cuatro meses (entre diciembre y marzo)<\/strong>&nbsp;e incluye un total de 1.788 art\u00edculos de la canasta b\u00e1sica, con la participaci\u00f3n de 102 empresas en 2.500 puntos de venta de todo el pa\u00eds.<\/p>\n\n\n\n<p>\u00abEl acuerdo de\u00a0Precios Justos\u00a0resuelve uno de los problemas de la inflaci\u00f3n; pero debemos seguir trabajando en el sendero de la pol\u00edtica fiscal y la acumulaci\u00f3n de reservas\u00bb, se\u00f1al\u00f3 Massa durante la presentaci\u00f3n de Precios Justos en el Centro Cultural Kirchner (CCK).<\/p>\n\n\n\n<p>En el cierre del acto, Massa agradeci\u00f3 el \u00abtrabajo coordinado\u00bb junto a las m\u00e1s de 100 empresas que participaron del acuerdo y sugiri\u00f3 a quienes a\u00fan dudan de sumarse que lo hagan porque \u00abvan a perder mercado\u00bb.<\/p>\n\n\n\n<p><strong>Las empresas que adhirieron al programa no podr\u00e1n aumentar los precios de los productos que est\u00e1n por fuera del programa\u00a0<\/strong>m\u00e1s de 4%, precis\u00f3 el ministro de Econom\u00eda.<\/p>\n\n\n\n<p>\u00abTenemos el compromiso de estas compa\u00f1\u00edas de que en el resto de los 30.000 productos no pueden aumentar mas del 4%\u00bb, afirm\u00f3.<\/p>\n\n\n\n<p>En cuanto al mecanismo de aplicaci\u00f3n, record\u00f3 a los empresarios que tendr\u00e1n la libertad de \u00abdenunciarnos si como Gobierno no honramos nuestro compromiso, al igual que lo har\u00e1n los ciudadanos con las empresas que incumplan lo acordado\u00bb.<\/p>\n\n\n\n<p><strong>\u00abM\u00e1s de 1.700 productos deber\u00e1n valer lo mismo en los pr\u00f3ximos cuatro meses; esperamos que la semana que viene estemos hablando de m\u00e1s de 2.000 productos\u00bb<\/strong>, indic\u00f3 el titular del Palacio de Hacienda.<\/p>\n\n\n\n<p>En cuanto a la relaci\u00f3n de los fabricantes con las cadenas de supermercados, inst\u00f3 a que las grandes bocas de venta \u00abrechacen las listas de precios que no respeten el acuerdo\u00bb que se extender\u00e1 por cuatro meses, entre diciembre y marzo del a\u00f1o que viene.<\/p>\n\n\n\n<p>El ministro tambi\u00e9n adelant\u00f3 que \u00abfinalizada esta etapa, la semana que viene empezaremos a trabajar un acuerdo de insumos difundidos\u00bb.<\/p>\n\n\n\n<p><strong>\u00abAc\u00e1 el esfuerzo m\u00e1s grande lo hacen millones de argentinos y argentinas que nos acompa\u00f1an en un plan que impulsamos con convicci\u00f3n\u00bb<\/strong>, concluy\u00f3.<\/p>\n\n\n\n<p>El secretario de Comercio, Mat\u00edas Tombolini, detall\u00f3 que 102 empresas han manifestado su adhesi\u00f3n hasta el momento y anticip\u00f3 que ser\u00e1n 114 al cierre de hoy y 125 para la semana que viene.<\/p>\n\n\n\n<p>\u00abHay 1.788 productos que forman parte de la canasta de Precios Justos que van a tener el mismo precio hasta febrero\u00bb, precis\u00f3 el funcionario, en referencia al grupo de productos que se mantendr\u00e1 sin modificaciones en sus valores.<\/p>\n\n\n\n<p>Tombolini asegur\u00f3 que el programa permitir\u00e1 \u00abgarantizar el orden en los precios, previsibilidad y alivio en la mesa de los argentinos, abastecimiento, cuidar los d\u00f3lares y evitar los abusos\u00bb.<\/p>\n\n\n\n<p><strong>\u00abLa\u00a0aplicaci\u00f3n que ya se puede bajar en los celulares\u00a0no solamente permitir\u00e1 conocer los precios sino que cuando no se cumple, se dispara un proceso de fiscalizaci\u00f3n\u00bb<\/strong>, subray\u00f3.<\/p>\n\n\n\n<p>En este sentido, destac\u00f3 el rol que tendr\u00e1n los intendentes, a quienes se les transfiri\u00f3 la potestad de \u00abfiscalizar este acuerdo a lo largo y a lo ancho de la Argentina\u00bb.<\/p>\n\n\n\n<p>Entre otros empresarios, participaron del acto el titular de la Uni\u00f3n Industrial Argentina (UIA) y la Coordinadora de las Industrias de Productos Alimenticios (Copal), Daniel Funes de Rioja; Alfredo Coto (Supermercados Coto), Mart\u00edn Cabrales (Caf\u00e9 Cabrales), Agust\u00edn Torres Campell (Molinos), Walter L\u00f3pez (Queruclor), Francisco de Narv\u00e1ez (Chango M\u00e1s), V\u00edctor Fera (Maxiconsumo) y Lucas Menoyo.<\/p>\n\n\n\n<p>Entre los intendentes, asistieron Jorge Ferraresi (Avellaneda), Mayra Mendoza (Quilmes), Andr\u00e9s Watson (Florencio Varela), Federico Ach\u00e1val (Pilar), y Mariel Fern\u00e1ndez (Moreno), Alberto Descalzo (Ituzaing\u00f3) y Juan Andreotti (San Fernando).<\/p>\n\n\n\n<figure class=\"wp-block-image size-full\"><a href=\"https:\/\/morenoprimero.com.ar\/wp-content\/uploads\/2022\/11\/WhatsApp-Image-2022-11-11-at-7.47.42-PM.jpeg\"><img loading=\"lazy\" decoding=\"async\" width=\"685\" height=\"458\" src=\"https:\/\/morenoprimero.com.ar\/wp-content\/uploads\/2022\/11\/WhatsApp-Image-2022-11-11-at-7.47.42-PM.jpeg\" alt=\"\" class=\"wp-image-34176\" srcset=\"https:\/\/morenoprimero.com.ar\/archivo\/wp-content\/uploads\/2022\/11\/WhatsApp-Image-2022-11-11-at-7.47.42-PM.jpeg 685w, https:\/\/morenoprimero.com.ar\/archivo\/wp-content\/uploads\/2022\/11\/WhatsApp-Image-2022-11-11-at-7.47.42-PM-300x201.jpeg 300w\" sizes=\"auto, (max-width: 685px) 100vw, 685px\" \/><\/a><\/figure>\n\n\n\n<p><\/p>\n\n\n\n<p>El sindicalismo estuvo representado por el titular de la Confederaci\u00f3n General del Trabajo (CGT), H\u00e9ctor Daer; el secretario general del Sindicato de Industrias de la Alimentaci\u00f3n, H\u00e9ctor Morcillo; el presidente de Osecac, Carlos P\u00e8rez; y el secretario general adjunto del sindicato de Camioneros, Pablo Moyano.<\/p>\n","protected":false},"excerpt":{"rendered":"<p>El ministro de Econom\u00eca, Sergio Massa, lanz\u00f3 este viernes el programa Precios Justos, que&nbsp;congelar\u00e1 los valores de los productos por cuatro meses (entre diciembre y marzo)&nbsp;e incluye un total de 1.788 art\u00edculos de la canasta b\u00e1sica, con la participaci\u00f3n de &hellip; <a href=\"https:\/\/morenoprimero.com.ar\/archivo\/el-gobierno-lanzo-el-programa-precios-justos-con-mas-de-1-700-productos-congelados-hasta-marzo\/\">Sigue leyendo <span class=\"meta-nav\">&rarr;<\/span><\/a><\/p>\n","protected":false},"author":6,"featured_media":34177,"comment_status":"closed","ping_status":"closed","sticky":false,"template":"","format":"standard","meta":{"footnotes":""},"categories":[2330],"tags":[276,4335,792],"class_list":["post-34175","post","type-post","status-publish","format-standard","has-post-thumbnail","hentry","category-nacional","tag-mariel-fernandez","tag-precios-justos","tag-sergio-massa"],"_links":{"self":[{"href":"https:\/\/morenoprimero.com.ar\/archivo\/wp-json\/wp\/v2\/posts\/34175","targetHints":{"allow":["GET"]}}],"collection":[{"href":"https:\/\/morenoprimero.com.ar\/archivo\/wp-json\/wp\/v2\/posts"}],"about":[{"href":"https:\/\/morenoprimero.com.ar\/archivo\/wp-json\/wp\/v2\/types\/post"}],"author":[{"embeddable":true,"href":"https:\/\/morenoprimero.com.ar\/archivo\/wp-json\/wp\/v2\/users\/6"}],"replies":[{"embeddable":true,"href":"https:\/\/morenoprimero.com.ar\/archivo\/wp-json\/wp\/v2\/comments?post=34175"}],"version-history":[{"count":1,"href":"https:\/\/morenoprimero.com.ar\/archivo\/wp-json\/wp\/v2\/posts\/34175\/revisions"}],"predecessor-version":[{"id":34178,"href":"https:\/\/morenoprimero.com.ar\/archivo\/wp-json\/wp\/v2\/posts\/34175\/revisions\/34178"}],"wp:featuredmedia":[{"embeddable":true,"href":"https:\/\/morenoprimero.com.ar\/archivo\/wp-json\/wp\/v2\/media\/34177"}],"wp:attachment":[{"href":"https:\/\/morenoprimero.com.ar\/archivo\/wp-json\/wp\/v2\/media?parent=34175"}],"wp:term":[{"taxonomy":"category","embeddable":true,"href":"https:\/\/morenoprimero.com.ar\/archivo\/wp-json\/wp\/v2\/categories?post=34175"},{"taxonomy":"post_tag","embeddable":true,"href":"https:\/\/morenoprimero.com.ar\/archivo\/wp-json\/wp\/v2\/tags?post=34175"}],"curies":[{"name":"wp","href":"https:\/\/api.w.org\/{rel}","templated":true}]}}