{"id":34158,"date":"2022-11-11T17:58:51","date_gmt":"2022-11-11T20:58:51","guid":{"rendered":"https:\/\/morenoprimero.com.ar\/?p=34158"},"modified":"2022-11-11T17:58:51","modified_gmt":"2022-11-11T20:58:51","slug":"moreno-llega-un-nuevo-fin-de-semana-con-propuestas-culturales-y-turisticas","status":"publish","type":"post","link":"https:\/\/morenoprimero.com.ar\/archivo\/moreno-llega-un-nuevo-fin-de-semana-con-propuestas-culturales-y-turisticas\/","title":{"rendered":"Moreno: llega un nuevo fin de semana con propuestas culturales y tur\u00edsticas"},"content":{"rendered":"\n<p>Como cada fin de semana, el Municipio brinda una variedad de propuestas culturales y tur\u00edsticas para que pueda disfrutar la comunidad local y provincial. Algunos de los eventos que estar\u00e1n este fin de semana son las obras \u201cN\u00e9stor, el presidente militante\u201d y \u201cAmor de Almanaque\u201d ; la actividad recreativa \u00abMilonga en la Plaza\u00bb con la presencia del Dj Cristian Aguilar; la Peatonal Mitre; el \u201cPatio Pe\u00f1ero en la Buj\u00e1n\u201d; entre otras. Y como siempre, las actividades recreativas que brinda La Reserva Municipal Los Robles.<\/p>\n\n\n\n<p>Como cada segundo s\u00e1bado del mes, de 12 a 22 horas, las familias podr\u00e1n recorrer la Peatonal Mitre de Moreno, para pasear y disfrutar de los mejores espect\u00e1culos del arte callejero, la Feria Artesanal y el Patio Gastron\u00f3mico con propuestas para todos los gustos.<\/p>\n\n\n\n<p>La peatonal contar\u00e1 con la presentaci\u00f3n de los artistas: Oscarcito Circo, Pepiniyo Circo, El show de Limoncito y Ricota Circo. Adem\u00e1s habr\u00e1 m\u00fasica y teatro con los grupos \u201cLas temperas\u201d, \u201cMisi\u00f3n espacial\u201d, \u201cLos hermanos cara dura\u201d y \u201cLa cualquiera\u201d.<\/p>\n\n\n\n<figure class=\"wp-block-image size-large\"><a href=\"https:\/\/morenoprimero.com.ar\/wp-content\/uploads\/2022\/11\/WhatsApp-Image-2022-11-11-at-1.55.09-PM.jpeg\"><img loading=\"lazy\" decoding=\"async\" width=\"576\" height=\"1024\" src=\"https:\/\/morenoprimero.com.ar\/wp-content\/uploads\/2022\/11\/WhatsApp-Image-2022-11-11-at-1.55.09-PM-576x1024.jpeg\" alt=\"\" class=\"wp-image-34160\" srcset=\"https:\/\/morenoprimero.com.ar\/archivo\/wp-content\/uploads\/2022\/11\/WhatsApp-Image-2022-11-11-at-1.55.09-PM-576x1024.jpeg 576w, https:\/\/morenoprimero.com.ar\/archivo\/wp-content\/uploads\/2022\/11\/WhatsApp-Image-2022-11-11-at-1.55.09-PM-169x300.jpeg 169w, https:\/\/morenoprimero.com.ar\/archivo\/wp-content\/uploads\/2022\/11\/WhatsApp-Image-2022-11-11-at-1.55.09-PM.jpeg 720w\" sizes=\"auto, (max-width: 576px) 100vw, 576px\" \/><\/a><\/figure>\n\n\n\n<p><\/p>\n\n\n\n<p>Se invita a los y las artistas, deportistas, personalidades destacadas, vecinas y vecinos pioneros e hist\u00f3ricos a participar de los Pre-Congresos Culturales que se realizar\u00e1n durante el fin de semana en las localidades de Moreno Norte y Moreno Sur, con el objetivo de revalorizar, promover, preservar y sintetizar el acervo cultural como parte del patrimonio morenense. Los mismos se llevar\u00e1n a cabo el s\u00e1bado 12 de noviembre en Moreno Sur, en las calles Argentinidad y San Nicol\u00e1s del Barrio Cascallares, a partir de las 12 horas. El domingo 13 de noviembre en Moreno Norte, desde las 14 horas, en M\u00e9xico esquina El Salvador, frente a la Escuela Agraria.<\/p>\n\n\n\n<p>Estos encuentros se reproducen en distintos puntos del territorio y tienen por finalidad sintetizar el acervo cultural del distrito en un gran Congreso Cultural que se realizar\u00e1 el d\u00eda 27 de noviembre en la plaza Doctor Buj\u00e1n, de Paso del Rey.<\/p>\n\n\n\n<p>Adem\u00e1s, todos los s\u00e1bados, domingos y feriados ,de 9 a 18 horas, se puede visitar y disfrutar en familia del Predio Municipal Ferial, Ruta 23 y O\u2019Brien, donde se ofrece indumentaria, artesan\u00edas, bazar, antig\u00fcedades y juguetes. El espacio cuenta adem\u00e1s con patio de comidas y estacionamiento libre y gratuito.<\/p>\n\n\n\n<p>Asimismo, el viernes 11 de noviembre, a las 21 horas, en el teatro Municipal \u201cLeopoldo Marechal\u201d, se presentar\u00e1 la obra \u201cN\u00e9stor, el presidente militante\u201d. Se trata de la versi\u00f3n teatral del libro del mismo nombre, escrito por Gabriel Pandolfo y publicado en el a\u00f1o 2011. El espect\u00e1culo cuenta la historia de N\u00e9stor Kirchner desde el nacimiento hasta su muerte poniendo el foco en momentos que subrayan su personalidad y su obra al frente de los distintos cargos que ocup\u00f3, sus pensamientos pol\u00edticos y su impronta.<\/p>\n\n\n\n<p>El s\u00e1bado 12 de noviembre, a las 20 horas, se presenta en el teatro Municipal \u201cLeopoldo Marechal\u201d el espect\u00e1culo \u201cAmor de Almanaque\u201d por el Ballet Folkl\u00f3rico El Orejano. Una obra de teatro con danza, humor, una historia para recordar.<\/p>\n\n\n\n<p>Las entradas de cada una de las obras del Teatro Leopoldo Marechal, son libres y gratuitas, y se retiran siempre una hora antes de la funci\u00f3n en la puerta del mismo.<\/p>\n\n\n\n<p>El domingo 13 de noviembre, a partir de las 16 horas, se realizar\u00e1 en la plaza Mariano Moreno (Asconap\u00e9 y Joly) la actividad recreativa \u201cMilonga en la Plaza\u201d con la presencia del Dj Cristian Aguilar.<\/p>\n\n\n\n<p>Tambi\u00e9n, el domingo 13 de noviembre, a partir de las 15 horas, vuelve a la plaza Doctor Buj\u00e1n de Paso del Rey el \u201cPatio Pe\u00f1ero en la Buj\u00e1n\u201d, en donde se presentar\u00e1 los artistas: Leonel Gonz\u00e1lez y Ra\u00edces Criollas.<\/p>\n\n\n\n<figure class=\"wp-block-gallery has-nested-images columns-default is-cropped wp-block-gallery-1 is-layout-flex wp-block-gallery-is-layout-flex\">\n<figure class=\"wp-block-image size-full\"><a href=\"https:\/\/morenoprimero.com.ar\/wp-content\/uploads\/2022\/11\/WhatsApp-Image-2022-11-11-at-1.55.08-PM.jpeg\"><img loading=\"lazy\" decoding=\"async\" width=\"900\" height=\"900\" data-id=\"34165\" src=\"https:\/\/morenoprimero.com.ar\/wp-content\/uploads\/2022\/11\/WhatsApp-Image-2022-11-11-at-1.55.08-PM.jpeg\" alt=\"\" class=\"wp-image-34165\" srcset=\"https:\/\/morenoprimero.com.ar\/archivo\/wp-content\/uploads\/2022\/11\/WhatsApp-Image-2022-11-11-at-1.55.08-PM.jpeg 900w, https:\/\/morenoprimero.com.ar\/archivo\/wp-content\/uploads\/2022\/11\/WhatsApp-Image-2022-11-11-at-1.55.08-PM-300x300.jpeg 300w, https:\/\/morenoprimero.com.ar\/archivo\/wp-content\/uploads\/2022\/11\/WhatsApp-Image-2022-11-11-at-1.55.08-PM-150x150.jpeg 150w, https:\/\/morenoprimero.com.ar\/archivo\/wp-content\/uploads\/2022\/11\/WhatsApp-Image-2022-11-11-at-1.55.08-PM-768x768.jpeg 768w\" sizes=\"auto, (max-width: 900px) 100vw, 900px\" \/><\/a><\/figure>\n\n\n\n<figure class=\"wp-block-image size-large\"><a href=\"https:\/\/morenoprimero.com.ar\/wp-content\/uploads\/2022\/11\/WhatsApp-Image-2022-11-11-at-1.55.08-PM-2.jpeg\"><img loading=\"lazy\" decoding=\"async\" width=\"900\" height=\"900\" data-id=\"34161\" src=\"https:\/\/morenoprimero.com.ar\/wp-content\/uploads\/2022\/11\/WhatsApp-Image-2022-11-11-at-1.55.08-PM-2.jpeg\" alt=\"\" class=\"wp-image-34161\" srcset=\"https:\/\/morenoprimero.com.ar\/archivo\/wp-content\/uploads\/2022\/11\/WhatsApp-Image-2022-11-11-at-1.55.08-PM-2.jpeg 900w, https:\/\/morenoprimero.com.ar\/archivo\/wp-content\/uploads\/2022\/11\/WhatsApp-Image-2022-11-11-at-1.55.08-PM-2-300x300.jpeg 300w, https:\/\/morenoprimero.com.ar\/archivo\/wp-content\/uploads\/2022\/11\/WhatsApp-Image-2022-11-11-at-1.55.08-PM-2-150x150.jpeg 150w, https:\/\/morenoprimero.com.ar\/archivo\/wp-content\/uploads\/2022\/11\/WhatsApp-Image-2022-11-11-at-1.55.08-PM-2-768x768.jpeg 768w\" sizes=\"auto, (max-width: 900px) 100vw, 900px\" \/><\/a><\/figure>\n\n\n\n<figure class=\"wp-block-image size-large\"><a href=\"https:\/\/morenoprimero.com.ar\/wp-content\/uploads\/2022\/11\/WhatsApp-Image-2022-11-11-at-1.55.08-PM-1.jpeg\"><img loading=\"lazy\" decoding=\"async\" width=\"916\" height=\"923\" data-id=\"34162\" src=\"https:\/\/morenoprimero.com.ar\/wp-content\/uploads\/2022\/11\/WhatsApp-Image-2022-11-11-at-1.55.08-PM-1.jpeg\" alt=\"\" class=\"wp-image-34162\" srcset=\"https:\/\/morenoprimero.com.ar\/archivo\/wp-content\/uploads\/2022\/11\/WhatsApp-Image-2022-11-11-at-1.55.08-PM-1.jpeg 916w, https:\/\/morenoprimero.com.ar\/archivo\/wp-content\/uploads\/2022\/11\/WhatsApp-Image-2022-11-11-at-1.55.08-PM-1-298x300.jpeg 298w, https:\/\/morenoprimero.com.ar\/archivo\/wp-content\/uploads\/2022\/11\/WhatsApp-Image-2022-11-11-at-1.55.08-PM-1-150x150.jpeg 150w, https:\/\/morenoprimero.com.ar\/archivo\/wp-content\/uploads\/2022\/11\/WhatsApp-Image-2022-11-11-at-1.55.08-PM-1-768x774.jpeg 768w\" sizes=\"auto, (max-width: 916px) 100vw, 916px\" \/><\/a><\/figure>\n\n\n\n<figure class=\"wp-block-image size-large\"><a href=\"https:\/\/morenoprimero.com.ar\/wp-content\/uploads\/2022\/11\/WhatsApp-Image-2022-11-11-at-1.55.09-PM-1.jpeg\"><img loading=\"lazy\" decoding=\"async\" width=\"900\" height=\"900\" data-id=\"34163\" src=\"https:\/\/morenoprimero.com.ar\/wp-content\/uploads\/2022\/11\/WhatsApp-Image-2022-11-11-at-1.55.09-PM-1.jpeg\" alt=\"\" class=\"wp-image-34163\" srcset=\"https:\/\/morenoprimero.com.ar\/archivo\/wp-content\/uploads\/2022\/11\/WhatsApp-Image-2022-11-11-at-1.55.09-PM-1.jpeg 900w, https:\/\/morenoprimero.com.ar\/archivo\/wp-content\/uploads\/2022\/11\/WhatsApp-Image-2022-11-11-at-1.55.09-PM-1-300x300.jpeg 300w, https:\/\/morenoprimero.com.ar\/archivo\/wp-content\/uploads\/2022\/11\/WhatsApp-Image-2022-11-11-at-1.55.09-PM-1-150x150.jpeg 150w, https:\/\/morenoprimero.com.ar\/archivo\/wp-content\/uploads\/2022\/11\/WhatsApp-Image-2022-11-11-at-1.55.09-PM-1-768x768.jpeg 768w\" sizes=\"auto, (max-width: 900px) 100vw, 900px\" \/><\/a><\/figure>\n<\/figure>\n\n\n\n<p><\/p>\n\n\n\n<p><strong>Reserva municipal \u201cLos Robles\u201d<\/strong><\/p>\n\n\n\n<p>La Reserva Natural Municipal \u201cLos Robles\u201d es una excelente alternativa para compartir en familia y disfrutar de las bondades de este espacio natural que hacen de \u00e9l un punto tur\u00edstico importante en la provincia de Buenos Aires. All\u00ed se puede dormir, acampar, disfrutar del sector gastron\u00f3mico, realizar caminatas guiadas, espacios de juegos libres y de lectura para la ni\u00f1ez, y diversas actividades m\u00e1s.<\/p>\n\n\n\n<p>Durante este fin de semana la reserva natural presenta una serie de actividades para disfrutar del espacio al aire libre.<\/p>\n\n\n\n<p>El s\u00e1bado 12, a las 9 horas se desarrollar\u00e1, durante todo el d\u00eda, en la biblioteca una muestra art\u00edstica de obras tradicionales argentinas. Desde las 10 horas, se podr\u00e1 disfrutar del patio gastron\u00f3mico y, desde las 12 horas, estar\u00e1 disponible la feria artesanal. A las 10:30 horas habr\u00e1 yoga para todas las edades; a las 15 horas se realizar\u00e1 la caminata guiada por los senderos del bosque. A las 16 horas yoga; y a las 18 horas se realizar\u00e1 la \u201cCaminata al atardecer\u201d por los senderos del museo F. Mu\u00f1iz. La actividad es con inscripci\u00f3n previa mediante el correo electr\u00f3nico: <a href=\"mailto:reservamunicipallosrobles@gmail.com\">reservamunicipallosrobles@gmail.com<\/a><\/p>\n\n\n\n<p>El domingo 13, desde las 10 y hasta las 17 horas, se podr\u00e1 disfrutar del patio gastron\u00f3mico y, a partir de las 12 horas estar\u00e1 disponible la feria artesanal. A las 15 horas se realizar\u00e1 la caminata guiada por los senderos del bosque, a las 15:30 horas comienzan las clases abiertas de milonga tango; y a las 16 horas se realizar\u00e1 la actividad \u201cAtardeceres en el bosque\u201d.<\/p>\n\n\n\n<figure class=\"wp-block-gallery has-nested-images columns-default is-cropped wp-block-gallery-2 is-layout-flex wp-block-gallery-is-layout-flex\">\n<figure class=\"wp-block-image size-large\"><a href=\"https:\/\/morenoprimero.com.ar\/wp-content\/uploads\/2022\/11\/WhatsApp-Image-2022-11-11-at-1.55.09-PM-2.jpeg\"><img loading=\"lazy\" decoding=\"async\" width=\"576\" height=\"1024\" data-id=\"34164\" src=\"https:\/\/morenoprimero.com.ar\/wp-content\/uploads\/2022\/11\/WhatsApp-Image-2022-11-11-at-1.55.09-PM-2-576x1024.jpeg\" alt=\"\" class=\"wp-image-34164\" srcset=\"https:\/\/morenoprimero.com.ar\/archivo\/wp-content\/uploads\/2022\/11\/WhatsApp-Image-2022-11-11-at-1.55.09-PM-2-576x1024.jpeg 576w, https:\/\/morenoprimero.com.ar\/archivo\/wp-content\/uploads\/2022\/11\/WhatsApp-Image-2022-11-11-at-1.55.09-PM-2-169x300.jpeg 169w, https:\/\/morenoprimero.com.ar\/archivo\/wp-content\/uploads\/2022\/11\/WhatsApp-Image-2022-11-11-at-1.55.09-PM-2.jpeg 720w\" sizes=\"auto, (max-width: 576px) 100vw, 576px\" \/><\/a><\/figure>\n\n\n\n<figure class=\"wp-block-image size-large\"><a href=\"https:\/\/morenoprimero.com.ar\/wp-content\/uploads\/2022\/11\/WhatsApp-Image-2022-11-11-at-1.55.09-PM-3.jpeg\"><img loading=\"lazy\" decoding=\"async\" width=\"576\" height=\"1024\" data-id=\"34159\" src=\"https:\/\/morenoprimero.com.ar\/wp-content\/uploads\/2022\/11\/WhatsApp-Image-2022-11-11-at-1.55.09-PM-3-576x1024.jpeg\" alt=\"\" class=\"wp-image-34159\" srcset=\"https:\/\/morenoprimero.com.ar\/archivo\/wp-content\/uploads\/2022\/11\/WhatsApp-Image-2022-11-11-at-1.55.09-PM-3-576x1024.jpeg 576w, https:\/\/morenoprimero.com.ar\/archivo\/wp-content\/uploads\/2022\/11\/WhatsApp-Image-2022-11-11-at-1.55.09-PM-3-169x300.jpeg 169w, https:\/\/morenoprimero.com.ar\/archivo\/wp-content\/uploads\/2022\/11\/WhatsApp-Image-2022-11-11-at-1.55.09-PM-3.jpeg 720w\" sizes=\"auto, (max-width: 576px) 100vw, 576px\" \/><\/a><\/figure>\n\n\n\n<figure class=\"wp-block-image size-large\"><a href=\"https:\/\/morenoprimero.com.ar\/wp-content\/uploads\/2022\/11\/WhatsApp-Image-2022-11-11-at-1.55.07-PM.jpeg\"><img loading=\"lazy\" decoding=\"async\" width=\"576\" height=\"1024\" data-id=\"34166\" src=\"https:\/\/morenoprimero.com.ar\/wp-content\/uploads\/2022\/11\/WhatsApp-Image-2022-11-11-at-1.55.07-PM-576x1024.jpeg\" alt=\"\" class=\"wp-image-34166\" srcset=\"https:\/\/morenoprimero.com.ar\/archivo\/wp-content\/uploads\/2022\/11\/WhatsApp-Image-2022-11-11-at-1.55.07-PM-576x1024.jpeg 576w, https:\/\/morenoprimero.com.ar\/archivo\/wp-content\/uploads\/2022\/11\/WhatsApp-Image-2022-11-11-at-1.55.07-PM-169x300.jpeg 169w, https:\/\/morenoprimero.com.ar\/archivo\/wp-content\/uploads\/2022\/11\/WhatsApp-Image-2022-11-11-at-1.55.07-PM.jpeg 720w\" sizes=\"auto, (max-width: 576px) 100vw, 576px\" \/><\/a><\/figure>\n<\/figure>\n\n\n\n<p><\/p>\n\n\n\n<p>En \u201cLos Robles\u201d se tiene la posibilidad de alquilar Posadas del Bosque y las reservas se pueden tramitar a trav\u00e9s del e-mail <a href=\"mailto:turismo@moreno.gov.ar\">turismo@moreno.gov.ar<\/a>, o por las siguientes plataformas: #Airbnb, #TripAdvisor y #Booking; as\u00ed como de manera presencial en la administraci\u00f3n de las caba\u00f1as.<\/p>\n\n\n\n<p>Para visitar la reserva no hace falta inscripci\u00f3n previa. Las visitas son por orden de llegada hasta completar la capacidad del lugar. El Municipio invita a disfrutar con conciencia este hermoso refugio de vida y naturaleza.<\/p>\n\n\n\n<p>Para llegar en transporte p\u00fablico, se encuentra disponible el recorrido 26 de La Perlita, cartel \u201cLos Robles\u201d. Los horarios de salida desde Moreno son: 7:35 horas \u2013 10:13 horas &#8211; 12:35 horas \u2013 13:40 horas &#8211; 14:40 horas \u2013 16:20 horas y 17:35 horas. Los de regreso desde Los Robles son: 8 horas \u2013 10:33 horas \u2013 13 horas \u2013 14:05 horas \u2013 15:05 horas &#8211; 16:45 horas y a las 18 horas.<\/p>\n","protected":false},"excerpt":{"rendered":"<p>Como cada fin de semana, el Municipio brinda una variedad de propuestas culturales y tur\u00edsticas para que pueda disfrutar la comunidad local y provincial. Algunos de los eventos que estar\u00e1n este fin de semana son las obras \u201cN\u00e9stor, el presidente &hellip; <a href=\"https:\/\/morenoprimero.com.ar\/archivo\/moreno-llega-un-nuevo-fin-de-semana-con-propuestas-culturales-y-turisticas\/\">Sigue leyendo <span class=\"meta-nav\">&rarr;<\/span><\/a><\/p>\n","protected":false},"author":6,"featured_media":34168,"comment_status":"closed","ping_status":"closed","sticky":false,"template":"","format":"standard","meta":{"footnotes":""},"categories":[2332],"tags":[162,1358],"class_list":["post-34158","post","type-post","status-publish","format-standard","has-post-thumbnail","hentry","category-cultura","tag-cultura-moreno","tag-turismo-moreno"],"_links":{"self":[{"href":"https:\/\/morenoprimero.com.ar\/archivo\/wp-json\/wp\/v2\/posts\/34158","targetHints":{"allow":["GET"]}}],"collection":[{"href":"https:\/\/morenoprimero.com.ar\/archivo\/wp-json\/wp\/v2\/posts"}],"about":[{"href":"https:\/\/morenoprimero.com.ar\/archivo\/wp-json\/wp\/v2\/types\/post"}],"author":[{"embeddable":true,"href":"https:\/\/morenoprimero.com.ar\/archivo\/wp-json\/wp\/v2\/users\/6"}],"replies":[{"embeddable":true,"href":"https:\/\/morenoprimero.com.ar\/archivo\/wp-json\/wp\/v2\/comments?post=34158"}],"version-history":[{"count":1,"href":"https:\/\/morenoprimero.com.ar\/archivo\/wp-json\/wp\/v2\/posts\/34158\/revisions"}],"predecessor-version":[{"id":34170,"href":"https:\/\/morenoprimero.com.ar\/archivo\/wp-json\/wp\/v2\/posts\/34158\/revisions\/34170"}],"wp:featuredmedia":[{"embeddable":true,"href":"https:\/\/morenoprimero.com.ar\/archivo\/wp-json\/wp\/v2\/media\/34168"}],"wp:attachment":[{"href":"https:\/\/morenoprimero.com.ar\/archivo\/wp-json\/wp\/v2\/media?parent=34158"}],"wp:term":[{"taxonomy":"category","embeddable":true,"href":"https:\/\/morenoprimero.com.ar\/archivo\/wp-json\/wp\/v2\/categories?post=34158"},{"taxonomy":"post_tag","embeddable":true,"href":"https:\/\/morenoprimero.com.ar\/archivo\/wp-json\/wp\/v2\/tags?post=34158"}],"curies":[{"name":"wp","href":"https:\/\/api.w.org\/{rel}","templated":true}]}}