{"id":34134,"date":"2022-11-15T10:44:04","date_gmt":"2022-11-15T13:44:04","guid":{"rendered":"https:\/\/morenoprimero.com.ar\/?p=34134"},"modified":"2022-11-15T10:48:37","modified_gmt":"2022-11-15T13:48:37","slug":"el-imdel-implementa-servicio-gratuito-de-busqueda-de-empleo-y-contratacion","status":"publish","type":"post","link":"https:\/\/morenoprimero.com.ar\/archivo\/el-imdel-implementa-servicio-gratuito-de-busqueda-de-empleo-y-contratacion\/","title":{"rendered":"El IMDEL implementa servicio gratuito de b\u00fasqueda de empleo y contrataci\u00f3n"},"content":{"rendered":"\n<p>El Municipio de Moreno, a trav\u00e9s de la Oficina de Empleo del Instituto Municipal de Desarrollo Econ\u00f3mico Local (IMDEL), brinda a toda la comunidad la posibilidad de postularse para un empleo. Del mismo modo, ofrece un servicio gratuito de b\u00fasqueda, perfilamiento y capacitaci\u00f3n laboral para empresas, comercios e industrias del distrito orientado a sus necesidades de contrataci\u00f3n de personal, con el objetivo de articular entre la demanda y la oferta de trabajo local y regional.<\/p>\n\n\n\n<p>Para tales fines la Oficina de Empleo realiza la preperfilaci\u00f3n de postulantes mediante un servicio de intermediaci\u00f3n laboral, con el cual se realiza la b\u00fasqueda y preselecci\u00f3n de postulantes acordes al perfil solicitado por la empresa.<\/p>\n\n\n\n<p>El servicio consiste en: reclutamiento, selecci\u00f3n de curriculums, entrevistas personales y grupales, evaluaci\u00f3n, presentaci\u00f3n de candidatos y candidatas y seguimiento de las incorporaciones. Adem\u00e1s, al formar parte de la Red Federal de Empleo del Ministerio de Trabajo, Empleo y Seguridad Social de la Naci\u00f3n, se ofrecen diversas herramientas y programas para promover la inclusi\u00f3n laboral de trabajadores y trabajadoras, con pol\u00edticas de promoci\u00f3n del empleo y reducci\u00f3n de costos laborales al contratar personal desde la Oficina de Empleo.<\/p>\n\n\n\n<p>Para m\u00e1s informaci\u00f3n escanee el c\u00f3digo QR o env\u00ede un correo electr\u00f3nico a: <a href=\"mailto:infoempleo@moreno.gob.ar\">infoempleo@moreno.gob.ar<\/a><\/p>\n\n\n\n<p>Asimismo, desde la Coordinaci\u00f3n de Empleo y Capacitaci\u00f3n para el trabajo del IMDEL se puede acceder a las propuestas de empleo dentro del distrito y a la adhesi\u00f3n a programas del MTEySS.<\/p>\n\n\n\n<p>Tambi\u00e9n brinda la posibilidad de acceder a diversos puestos de trabajo. Luego de recibir el Curriculum Vitae (CV) se realizar\u00e1n entrevistas personales en la que podr\u00e1n aplicar a alguna de las propuestas de inserci\u00f3n laboral que se encuentren vigentes, del mismo modo en que ofrece distintas herramientas vinculadas con la formaci\u00f3n y capacitaci\u00f3n para el empleo.<\/p>\n\n\n\n<p>Para m\u00e1s consultas escanee el c\u00f3digo QR o bien, env\u00ede un e-mail a: <a href=\"mailto:cvempleo@moreno.gob.ar\">cvempleo@moreno.gob.ar<\/a> o puede acercarse a la Oficina de Empleo, que se encuentra ubicada en Merlo 2091, entre Corbal\u00e1n y Vicente L\u00f3pez y Planes (Moreno Centro), y atiende de lunes a viernes de 8 a 16 horas. Tambi\u00e9n puede comunicarse por tel\u00e9fono al 0237-4666554.<\/p>\n\n\n\n<figure class=\"wp-block-gallery has-nested-images columns-default is-cropped wp-block-gallery-1 is-layout-flex wp-block-gallery-is-layout-flex\">\n<figure class=\"wp-block-image size-large\"><a href=\"https:\/\/morenoprimero.com.ar\/wp-content\/uploads\/2022\/11\/WhatsApp-Image-2022-11-10-at-7.30.21-PM-1.jpeg\"><img loading=\"lazy\" decoding=\"async\" width=\"724\" height=\"1024\" data-id=\"34140\" src=\"https:\/\/morenoprimero.com.ar\/wp-content\/uploads\/2022\/11\/WhatsApp-Image-2022-11-10-at-7.30.21-PM-1-724x1024.jpeg\" alt=\"\" class=\"wp-image-34140\" srcset=\"https:\/\/morenoprimero.com.ar\/archivo\/wp-content\/uploads\/2022\/11\/WhatsApp-Image-2022-11-10-at-7.30.21-PM-1-724x1024.jpeg 724w, https:\/\/morenoprimero.com.ar\/archivo\/wp-content\/uploads\/2022\/11\/WhatsApp-Image-2022-11-10-at-7.30.21-PM-1-212x300.jpeg 212w, https:\/\/morenoprimero.com.ar\/archivo\/wp-content\/uploads\/2022\/11\/WhatsApp-Image-2022-11-10-at-7.30.21-PM-1-768x1086.jpeg 768w, https:\/\/morenoprimero.com.ar\/archivo\/wp-content\/uploads\/2022\/11\/WhatsApp-Image-2022-11-10-at-7.30.21-PM-1.jpeg 905w\" sizes=\"auto, (max-width: 724px) 100vw, 724px\" \/><\/a><\/figure>\n\n\n\n<figure class=\"wp-block-image size-large\"><a href=\"https:\/\/morenoprimero.com.ar\/wp-content\/uploads\/2022\/11\/WhatsApp-Image-2022-11-10-at-7.30.21-PM.jpeg\"><img loading=\"lazy\" decoding=\"async\" width=\"724\" height=\"1024\" data-id=\"34141\" src=\"https:\/\/morenoprimero.com.ar\/wp-content\/uploads\/2022\/11\/WhatsApp-Image-2022-11-10-at-7.30.21-PM-724x1024.jpeg\" alt=\"\" class=\"wp-image-34141\" srcset=\"https:\/\/morenoprimero.com.ar\/archivo\/wp-content\/uploads\/2022\/11\/WhatsApp-Image-2022-11-10-at-7.30.21-PM-724x1024.jpeg 724w, https:\/\/morenoprimero.com.ar\/archivo\/wp-content\/uploads\/2022\/11\/WhatsApp-Image-2022-11-10-at-7.30.21-PM-212x300.jpeg 212w, https:\/\/morenoprimero.com.ar\/archivo\/wp-content\/uploads\/2022\/11\/WhatsApp-Image-2022-11-10-at-7.30.21-PM-768x1086.jpeg 768w, https:\/\/morenoprimero.com.ar\/archivo\/wp-content\/uploads\/2022\/11\/WhatsApp-Image-2022-11-10-at-7.30.21-PM.jpeg 905w\" sizes=\"auto, (max-width: 724px) 100vw, 724px\" \/><\/a><\/figure>\n<\/figure>\n","protected":false},"excerpt":{"rendered":"<p>El Municipio de Moreno, a trav\u00e9s de la Oficina de Empleo del Instituto Municipal de Desarrollo Econ\u00f3mico Local (IMDEL), brinda a toda la comunidad la posibilidad de postularse para un empleo. Del mismo modo, ofrece un servicio gratuito de b\u00fasqueda, &hellip; <a href=\"https:\/\/morenoprimero.com.ar\/archivo\/el-imdel-implementa-servicio-gratuito-de-busqueda-de-empleo-y-contratacion\/\">Sigue leyendo <span class=\"meta-nav\">&rarr;<\/span><\/a><\/p>\n","protected":false},"author":6,"featured_media":34227,"comment_status":"closed","ping_status":"closed","sticky":false,"template":"","format":"standard","meta":{"footnotes":""},"categories":[2328],"tags":[4334,242],"class_list":["post-34134","post","type-post","status-publish","format-standard","has-post-thumbnail","hentry","category-local","tag-coordinacion-de-empleo-y-capacitacion","tag-imdel"],"_links":{"self":[{"href":"https:\/\/morenoprimero.com.ar\/archivo\/wp-json\/wp\/v2\/posts\/34134","targetHints":{"allow":["GET"]}}],"collection":[{"href":"https:\/\/morenoprimero.com.ar\/archivo\/wp-json\/wp\/v2\/posts"}],"about":[{"href":"https:\/\/morenoprimero.com.ar\/archivo\/wp-json\/wp\/v2\/types\/post"}],"author":[{"embeddable":true,"href":"https:\/\/morenoprimero.com.ar\/archivo\/wp-json\/wp\/v2\/users\/6"}],"replies":[{"embeddable":true,"href":"https:\/\/morenoprimero.com.ar\/archivo\/wp-json\/wp\/v2\/comments?post=34134"}],"version-history":[{"count":1,"href":"https:\/\/morenoprimero.com.ar\/archivo\/wp-json\/wp\/v2\/posts\/34134\/revisions"}],"predecessor-version":[{"id":34142,"href":"https:\/\/morenoprimero.com.ar\/archivo\/wp-json\/wp\/v2\/posts\/34134\/revisions\/34142"}],"wp:featuredmedia":[{"embeddable":true,"href":"https:\/\/morenoprimero.com.ar\/archivo\/wp-json\/wp\/v2\/media\/34227"}],"wp:attachment":[{"href":"https:\/\/morenoprimero.com.ar\/archivo\/wp-json\/wp\/v2\/media?parent=34134"}],"wp:term":[{"taxonomy":"category","embeddable":true,"href":"https:\/\/morenoprimero.com.ar\/archivo\/wp-json\/wp\/v2\/categories?post=34134"},{"taxonomy":"post_tag","embeddable":true,"href":"https:\/\/morenoprimero.com.ar\/archivo\/wp-json\/wp\/v2\/tags?post=34134"}],"curies":[{"name":"wp","href":"https:\/\/api.w.org\/{rel}","templated":true}]}}