{"id":34122,"date":"2022-11-11T12:51:45","date_gmt":"2022-11-11T15:51:45","guid":{"rendered":"https:\/\/morenoprimero.com.ar\/?p=34122"},"modified":"2022-11-11T12:51:46","modified_gmt":"2022-11-11T15:51:46","slug":"mariel-fernandez-y-jorge-donofrio-entregaron-mas-de-mil-pases-libres-multimodales-para-vecinos-y-vecinas-de-moreno","status":"publish","type":"post","link":"https:\/\/morenoprimero.com.ar\/archivo\/mariel-fernandez-y-jorge-donofrio-entregaron-mas-de-mil-pases-libres-multimodales-para-vecinos-y-vecinas-de-moreno\/","title":{"rendered":"Mariel Fern\u00e1ndez y Jorge D&#8217;Onofrio entregaron m\u00e1s de mil Pases Libres Multimodales para vecinos y vecinas de Moreno"},"content":{"rendered":"\n<p>La intendenta de Moreno, Mariel Fern\u00e1ndez, y el ministro de Transporte de la Provincia de Buenos Aires, Jorge D&#8217;Onofrio, encabezaron del acto de entrega de 1.078 Pases Libres Multimodales (PLM) que permiten el acceso libre y gratuito al transporte p\u00fablico de pasajeros automotor y fluvial, a personas con discapacidad. Tambi\u00e9n firmaron un convenio de colaboraci\u00f3n para analizar la situaci\u00f3n del transporte en el distrito y proponer pol\u00edticas que brinden soluciones.<\/p>\n\n\n\n<p>\u201cEs una enorme alegr\u00eda poder entregar estos pases que eran tan esperados por nuestras vecinas y vecinos y que se gestionaron en este poco tiempo de creaci\u00f3n del Ministerio\u201d, afirm\u00f3 la intendenta durante el acto que se desarroll\u00f3 en el Polideportivo de Paso del Rey y destac\u00f3: \u201cHay muchas pol\u00edticas del Estado que funcionan en el territorio, les pido que ante cualquier circunstancia o necesidad no duden en acercarse para que podamos acompa\u00f1arlos en la soluci\u00f3n de sus problemas.\u201d<\/p>\n\n\n\n<p>Por su parte, el ministro expres\u00f3 que \u201cesto no es ning\u00fan regalo sino que se trata de un derecho que surge de la Ley y el Estado debe estar para cumplirlo\u201d.<\/p>\n\n\n\n<p>En el 2022, ya son 2025 las y los vecinos de Moreno que cuentan con este derecho y 57.810 en la Provincia de Buenos Aires. De esta manera, se impulsa una pol\u00edtica de reconocimiento y ampliaci\u00f3n de derechos que permite que las personas con discapacidad, trasplantadas o en lista de espera de trasplante puedan utilizar sin costo alguno los servicios urbanos e interurbanos de transporte p\u00fablico de pasajeros, como as\u00ed tambi\u00e9n las embarcaciones que transiten por aguas jurisdiccionales de la Provincia.<\/p>\n\n\n\n<p>Adem\u00e1s, la intendenta y el ministro firmaron un convenio de colaboraci\u00f3n para analizar y proponer pol\u00edticas que brinden soluciones a problemas vinculados al transporte en el Municipio, situaci\u00f3n que el Concejo Deliberante declar\u00f3 en emergencia, con el objetivo de extender frecuencias y recorridos para mejorar el servicio p\u00fablico de pasajeros. Al respecto, la intendenta se\u00f1al\u00f3: \u201cSabemos que el transporte en Moreno es un problema y se necesita poder ampliar el servicio, por eso firmamos un convenio para poder hacer un an\u00e1lisis y plantear soluciones con el acompa\u00f1amiento del Ministerio.\u201d<\/p>\n\n\n\n<p>Durante el acto de entrega, estuvieron presentes el secretario de Tr\u00e1nsito y Transporte, Martin Fraiz, autoridades municipales y provinciales.<\/p>\n\n\n\n<figure class=\"wp-block-image size-full\"><a href=\"https:\/\/morenoprimero.com.ar\/wp-content\/uploads\/2022\/11\/WhatsApp-Image-2022-11-10-at-10.20.00-AM.jpeg\"><img loading=\"lazy\" decoding=\"async\" width=\"1024\" height=\"682\" src=\"https:\/\/morenoprimero.com.ar\/wp-content\/uploads\/2022\/11\/WhatsApp-Image-2022-11-10-at-10.20.00-AM.jpeg\" alt=\"\" class=\"wp-image-34124\" srcset=\"https:\/\/morenoprimero.com.ar\/archivo\/wp-content\/uploads\/2022\/11\/WhatsApp-Image-2022-11-10-at-10.20.00-AM.jpeg 1024w, https:\/\/morenoprimero.com.ar\/archivo\/wp-content\/uploads\/2022\/11\/WhatsApp-Image-2022-11-10-at-10.20.00-AM-300x200.jpeg 300w, https:\/\/morenoprimero.com.ar\/archivo\/wp-content\/uploads\/2022\/11\/WhatsApp-Image-2022-11-10-at-10.20.00-AM-768x512.jpeg 768w\" sizes=\"auto, (max-width: 1024px) 100vw, 1024px\" \/><\/a><\/figure>\n\n\n\n<p><\/p>\n\n\n\n<p><strong>Pases Libres Multimodales<\/strong><\/p>\n\n\n\n<p>Pueden acceder al Pase Libre Multimodal todas las personas que acrediten su condici\u00f3n de beneficiarias a trav\u00e9s del CUD (Certificado \u00danico de Discapacidad) y\/o de su credencial INCUCAI\/CUCAIBA. El Pase Libre Multimodal vence al mismo tiempo que el C.U.D. y de la Credencial INCUCAI\/CUCAIBA y se renueva a trav\u00e9s del Sistema de Solicitud de Pases v\u00eda web. Adem\u00e1s, puede llevarse de forma f\u00edsica, en su forma de tarjeta de cart\u00f3n, o digitalmente a trav\u00e9s de la aplicaci\u00f3n para celulares \u201cMi Argentina\u201d.<\/p>\n\n\n\n<p>\u00bfC\u00f3mo gestionar el Certificado \u00danico de Discapacidad (CUD)?<br>Para gestionar el inicio o la renovaci\u00f3n de este certificado de manera m\u00e1s r\u00e1pida, f\u00e1cil y din\u00e1mica se encuentran las 22 Unidad Sanitarias (US) disponibles en todas las localidades del territorio. El tr\u00e1mite es voluntario y gratuito. Las personas interesadas ser\u00e1n atendidas y asesoradas sobre los requisitos necesarios para iniciar la gesti\u00f3n.<br>A continuaci\u00f3n, se detalla las unidades sanitarias y su ubicaci\u00f3n en cada localidad.<\/p>\n\n\n\n<p>En Moreno Norte:<\/p>\n\n\n\n<ul class=\"wp-block-list\"><li>US JARDINES, Larreta entre Democracia y Otto Krause.<\/li><li>US INDABURU, Segurola 1475.<\/li><li>US LOS PARAISOS, El Salvador 6618.<\/li><li>US LA PERLITA, 12 de octubre 5560.<\/li><li>US SAN JOS\u00c9, Per\u00fa y Colombia.<\/li><li>US LA PERLA, Ascasubi y Z\u00e1rate.<\/li><li>US 25 DE MAYO, Los Araucanos 237.<\/li><\/ul>\n\n\n\n<p>En Moreno Sur:<\/p>\n\n\n\n<ul class=\"wp-block-list\"><li>US SAN JORGE, Fonrouge 2202.<\/li><li>US JURAMENTO, 1719.<\/li><\/ul>\n\n\n\n<p>En Paso del Rey:<\/p>\n\n\n\n<ul class=\"wp-block-list\"><li>CIC SANGUINETTI, Corrientes 2301.<\/li><li>US PASO DEL REY, Yapey\u00fa 237.<\/li><li>US PARQUE PASO DEL REY, Beltr\u00e1n 2631.<\/li><li>US BONGIOVANNI, Remedios de Escalada 4614.<\/li><\/ul>\n\n\n\n<p>En Cuartel V:<\/p>\n\n\n\n<ul class=\"wp-block-list\"><li>US MOLINA CAMPOS, Ibarbourou 9547.<\/li><li>US ANDERSON, Disc\u00e9polo 6702.<\/li><li>UPA 12 \u2013 M5, Ruta 24 7800.<\/li><\/ul>\n\n\n\n<p>En Trujui:<\/p>\n\n\n\n<ul class=\"wp-block-list\"><li>US LAS CATONAS, Chuquisaca 3181.<\/li><li>US PAVON, G\u00e1lvez entre L\u00edbano y Pit\u00e1goras.<\/li><li>US LA FORTUNA, Tablada entre Puccini y A. Argentina.<\/li><li>US SANTA BR\u00cdGIDA, Moctezuma y A. Argentina.<\/li><\/ul>\n\n\n\n<p>En La Reja:<\/p>\n\n\n\n<ul class=\"wp-block-list\"><li>US CORTEJARENA, Cruz Varela 600 y Diagonal N\u00e1poles.<\/li><\/ul>\n\n\n\n<p>En Francisco \u00c1lvarez:<\/p>\n\n\n\n<ul class=\"wp-block-list\"><li>US FCO. \u00c1LVAREZ, Fray Mamerto Esqui\u00fa 508<\/li><\/ul>\n","protected":false},"excerpt":{"rendered":"<p>La intendenta de Moreno, Mariel Fern\u00e1ndez, y el ministro de Transporte de la Provincia de Buenos Aires, Jorge D&#8217;Onofrio, encabezaron del acto de entrega de 1.078 Pases Libres Multimodales (PLM) que permiten el acceso libre y gratuito al transporte p\u00fablico &hellip; <a href=\"https:\/\/morenoprimero.com.ar\/archivo\/mariel-fernandez-y-jorge-donofrio-entregaron-mas-de-mil-pases-libres-multimodales-para-vecinos-y-vecinas-de-moreno\/\">Sigue leyendo <span class=\"meta-nav\">&rarr;<\/span><\/a><\/p>\n","protected":false},"author":6,"featured_media":34123,"comment_status":"closed","ping_status":"closed","sticky":false,"template":"","format":"standard","meta":{"footnotes":""},"categories":[2328],"tags":[4330,276,4331],"class_list":["post-34122","post","type-post","status-publish","format-standard","has-post-thumbnail","hentry","category-local","tag-jorge-donofrio","tag-mariel-fernandez","tag-pases-libres-multimodales"],"_links":{"self":[{"href":"https:\/\/morenoprimero.com.ar\/archivo\/wp-json\/wp\/v2\/posts\/34122","targetHints":{"allow":["GET"]}}],"collection":[{"href":"https:\/\/morenoprimero.com.ar\/archivo\/wp-json\/wp\/v2\/posts"}],"about":[{"href":"https:\/\/morenoprimero.com.ar\/archivo\/wp-json\/wp\/v2\/types\/post"}],"author":[{"embeddable":true,"href":"https:\/\/morenoprimero.com.ar\/archivo\/wp-json\/wp\/v2\/users\/6"}],"replies":[{"embeddable":true,"href":"https:\/\/morenoprimero.com.ar\/archivo\/wp-json\/wp\/v2\/comments?post=34122"}],"version-history":[{"count":1,"href":"https:\/\/morenoprimero.com.ar\/archivo\/wp-json\/wp\/v2\/posts\/34122\/revisions"}],"predecessor-version":[{"id":34125,"href":"https:\/\/morenoprimero.com.ar\/archivo\/wp-json\/wp\/v2\/posts\/34122\/revisions\/34125"}],"wp:featuredmedia":[{"embeddable":true,"href":"https:\/\/morenoprimero.com.ar\/archivo\/wp-json\/wp\/v2\/media\/34123"}],"wp:attachment":[{"href":"https:\/\/morenoprimero.com.ar\/archivo\/wp-json\/wp\/v2\/media?parent=34122"}],"wp:term":[{"taxonomy":"category","embeddable":true,"href":"https:\/\/morenoprimero.com.ar\/archivo\/wp-json\/wp\/v2\/categories?post=34122"},{"taxonomy":"post_tag","embeddable":true,"href":"https:\/\/morenoprimero.com.ar\/archivo\/wp-json\/wp\/v2\/tags?post=34122"}],"curies":[{"name":"wp","href":"https:\/\/api.w.org\/{rel}","templated":true}]}}