{"id":34102,"date":"2022-11-10T08:45:40","date_gmt":"2022-11-10T11:45:40","guid":{"rendered":"https:\/\/morenoprimero.com.ar\/?p=34102"},"modified":"2022-11-10T08:45:41","modified_gmt":"2022-11-10T11:45:41","slug":"jornada-de-inscripcion-a-los-registros-nacionales-de-productores-agropecuarios-apicolas-y-de-la-agricultura-familiar","status":"publish","type":"post","link":"https:\/\/morenoprimero.com.ar\/archivo\/jornada-de-inscripcion-a-los-registros-nacionales-de-productores-agropecuarios-apicolas-y-de-la-agricultura-familiar\/","title":{"rendered":"Jornada de inscripci\u00f3n a los Registros Nacionales de Productores Agropecuarios, Ap\u00edcolas y de la Agricultura Familiar"},"content":{"rendered":"\n<p>El Municipio de Moreno, a trav\u00e9s del Instituto Municipal de Desarrollo Econ\u00f3mico Local (IMDEL) y en articulaci\u00f3n con el Servicio Nacional de Sanidad y Calidad Agroalimentaria (SENASA), desarrollar\u00e1 una jornada de inscripci\u00f3n a los Registos Nacionales de Productores Agropecuarios, Ap\u00edcolas y de la Agricultura familar de Moreno. El evento se realizar\u00e1 en el SUM Parque del Oeste, el jueves 10 de noviembre.<\/p>\n\n\n\n<p>La actividad se llevar\u00e1 a cabo el jueves 10 de noviembre, desde las 9.30 horas, en el SUM Parque del Oeste, ubicado en Esopo y Lavalle, en la localidad Cuartel V.<\/p>\n\n\n\n<p>Las inscripciones ser\u00e1n para el Registro Nacional Sanitario de Productores Agropecuarios (RENSPA); el Registro Nacional de la Agricultura Familiar (RENAF) y el Registro Nacional de Productores Ap\u00edcolas (RENAPA).<\/p>\n\n\n\n<p>Para consultas y m\u00e1s informaci\u00f3n contactarse v\u00eda coreo electr\u00f3nico a: produccionagroalimentaria@moreno.gov.ar<\/p>\n\n\n\n<figure class=\"wp-block-image size-large\"><a href=\"https:\/\/morenoprimero.com.ar\/wp-content\/uploads\/2022\/11\/WhatsApp-Image-2022-11-09-at-4.16.51-PM.jpeg\"><img loading=\"lazy\" decoding=\"async\" width=\"1021\" height=\"1024\" src=\"https:\/\/morenoprimero.com.ar\/wp-content\/uploads\/2022\/11\/WhatsApp-Image-2022-11-09-at-4.16.51-PM-1021x1024.jpeg\" alt=\"\" class=\"wp-image-34105\" srcset=\"https:\/\/morenoprimero.com.ar\/archivo\/wp-content\/uploads\/2022\/11\/WhatsApp-Image-2022-11-09-at-4.16.51-PM-1021x1024.jpeg 1021w, https:\/\/morenoprimero.com.ar\/archivo\/wp-content\/uploads\/2022\/11\/WhatsApp-Image-2022-11-09-at-4.16.51-PM-300x300.jpeg 300w, https:\/\/morenoprimero.com.ar\/archivo\/wp-content\/uploads\/2022\/11\/WhatsApp-Image-2022-11-09-at-4.16.51-PM-150x150.jpeg 150w, https:\/\/morenoprimero.com.ar\/archivo\/wp-content\/uploads\/2022\/11\/WhatsApp-Image-2022-11-09-at-4.16.51-PM-768x770.jpeg 768w, https:\/\/morenoprimero.com.ar\/archivo\/wp-content\/uploads\/2022\/11\/WhatsApp-Image-2022-11-09-at-4.16.51-PM.jpeg 1080w\" sizes=\"auto, (max-width: 1021px) 100vw, 1021px\" \/><\/a><\/figure>\n","protected":false},"excerpt":{"rendered":"<p>El Municipio de Moreno, a trav\u00e9s del Instituto Municipal de Desarrollo Econ\u00f3mico Local (IMDEL) y en articulaci\u00f3n con el Servicio Nacional de Sanidad y Calidad Agroalimentaria (SENASA), desarrollar\u00e1 una jornada de inscripci\u00f3n a los Registos Nacionales de Productores Agropecuarios, Ap\u00edcolas &hellip; <a href=\"https:\/\/morenoprimero.com.ar\/archivo\/jornada-de-inscripcion-a-los-registros-nacionales-de-productores-agropecuarios-apicolas-y-de-la-agricultura-familiar\/\">Sigue leyendo <span class=\"meta-nav\">&rarr;<\/span><\/a><\/p>\n","protected":false},"author":6,"featured_media":34115,"comment_status":"closed","ping_status":"closed","sticky":false,"template":"","format":"standard","meta":{"footnotes":""},"categories":[2328],"tags":[242],"class_list":["post-34102","post","type-post","status-publish","format-standard","has-post-thumbnail","hentry","category-local","tag-imdel"],"_links":{"self":[{"href":"https:\/\/morenoprimero.com.ar\/archivo\/wp-json\/wp\/v2\/posts\/34102","targetHints":{"allow":["GET"]}}],"collection":[{"href":"https:\/\/morenoprimero.com.ar\/archivo\/wp-json\/wp\/v2\/posts"}],"about":[{"href":"https:\/\/morenoprimero.com.ar\/archivo\/wp-json\/wp\/v2\/types\/post"}],"author":[{"embeddable":true,"href":"https:\/\/morenoprimero.com.ar\/archivo\/wp-json\/wp\/v2\/users\/6"}],"replies":[{"embeddable":true,"href":"https:\/\/morenoprimero.com.ar\/archivo\/wp-json\/wp\/v2\/comments?post=34102"}],"version-history":[{"count":1,"href":"https:\/\/morenoprimero.com.ar\/archivo\/wp-json\/wp\/v2\/posts\/34102\/revisions"}],"predecessor-version":[{"id":34108,"href":"https:\/\/morenoprimero.com.ar\/archivo\/wp-json\/wp\/v2\/posts\/34102\/revisions\/34108"}],"wp:featuredmedia":[{"embeddable":true,"href":"https:\/\/morenoprimero.com.ar\/archivo\/wp-json\/wp\/v2\/media\/34115"}],"wp:attachment":[{"href":"https:\/\/morenoprimero.com.ar\/archivo\/wp-json\/wp\/v2\/media?parent=34102"}],"wp:term":[{"taxonomy":"category","embeddable":true,"href":"https:\/\/morenoprimero.com.ar\/archivo\/wp-json\/wp\/v2\/categories?post=34102"},{"taxonomy":"post_tag","embeddable":true,"href":"https:\/\/morenoprimero.com.ar\/archivo\/wp-json\/wp\/v2\/tags?post=34102"}],"curies":[{"name":"wp","href":"https:\/\/api.w.org\/{rel}","templated":true}]}}