{"id":34097,"date":"2022-11-11T17:49:21","date_gmt":"2022-11-11T20:49:21","guid":{"rendered":"https:\/\/morenoprimero.com.ar\/?p=34097"},"modified":"2022-11-11T17:49:21","modified_gmt":"2022-11-11T20:49:21","slug":"continuan-las-obras-integrales-en-francisco-alvarez","status":"publish","type":"post","link":"https:\/\/morenoprimero.com.ar\/archivo\/continuan-las-obras-integrales-en-francisco-alvarez\/","title":{"rendered":"Contin\u00faan las obras integrales en Francisco \u00c1lvarez"},"content":{"rendered":"\n<p>El Municipio de Moreno contin\u00faa con los trabajos de bacheo, colocaci\u00f3n de asfalto, pavimento y luminarias LED en distintas partes de la localidad para mejorar la calidad de vida de los vecinos y vecinas, asegur\u00e1ndoles mayor seguridad y una mejora de la circulaci\u00f3n en los barrios.<\/p>\n\n\n\n<p>Con material de las plantas asf\u00e1lticas municipales, ya se asfaltaron las siguientes calles:<br>\u2022 La Providencia desde Ruta 7 hasta Los Robles;<br>\u2022 La Providencia desde Los Robles hasta Los Abedules<br>\u2022 La Providencia desde Los Abedules hasta Los Tulipaneros<br>\u2022 La Providencia desde Los Tulipaneros hasta Los Fresnos<br>\u2022 La Providencia desde Los Fresnos hasta S\u00e1nchez de Bustamante<br>\u2022 La Providencia desde S\u00e1nchez de Bustamante y Zuloaga<br>\u2022 Puerto Deseado desde Colectora Ruta 24 hasta Vieytes<br>\u2022 Puerto Deseado desde Vieytes hasta El Teatro<br>\u2022 Puerto Deseado desde El Teatro hasta La M\u00fasica<br>\u2022 Aguirre desde La M\u00fasica hasta Vieytes<br>\u2022 Aguirre desde Vieytes hasta El Teatro<br>\u2022 Asunci\u00f3n desde Gral. San Mart\u00edn hasta Sanabria<br>\u2022 Rembrandt desde Colectora Ruta 24 hasta La M\u00fasica<br>\u2022 La M\u00fasica desde Rembrandt hasta Mario Buschiazzo<br>\u2022 La Pintura desde Mario Buschiazzo hasta Ciudadela<br>\u2022 La Pintura desde Ciudadela hasta Infanta Isabel<br>\u2022 La Pintura desde Mario Buschiazzo hasta Carola Lorenzini<br>\u2022 Ciudadela desde La Pintura hasta La Escultura<br>\u2022 Alfredo Bufano desde Granaderos hasta La Escultura<br>\u2022 Alfredo Bufano desde La Escultura hasta La M\u00fasica<br>\u2022 La Pintura desde Infanta Isabel hasta Alfredo Bufano<br>\u2022 Alfredo Bufano desde La M\u00fasica hasta Colectora Ruta 24<\/p>\n\n\n\n<p>Actualmente, el Municipio realiza trabajos de asfaltado sobre las calle Lapacho, desde Tulissi hasta Treinta y Tres Orientales, y comenzaron en la calle Colonia que ser\u00e1 asfaltada desde desde Vidt hasta Cellini.<\/p>\n\n\n\n<p>A su vez, a trav\u00e9s del Plan Integral de Bacheo, se realizaron los trabajos de reparaci\u00f3n correspondientes en las siguientes intersecciones:<\/p>\n\n\n\n<p>\u2022 Fray Mamerto Esqui\u00fa &#8211; Esquina RPN\u00b07<br>\u2022 Tulissi esquina Finochietto<br>\u2022 Agrelo esquina Recuerdos de Provincia<br>\u2022 Vidt esquina El Quijote<br>\u2022 Rotonda RPN\u00b07 Los Abedules, Los Olmos y Diario La Prensa<br>\u2022 Semana de Mayo esquina Tegucigalpa<br>\u2022 Tulissi, Victoria y \u00c1lvarez Jonte<br>\u2022 Nemesio \u00c1lvarez esquina C\u00e1ndido Moreno<br>\u2022 San Mart\u00edn, C\u00e1ndido Moreno y Veracruz<br>\u2022 San Mart\u00edn, Tegucigalpa y Paramaribo<br>\u2022 San Mart\u00edn, Paramaribo y \u00c1lvarez Jonte<br>\u2022 San Mart\u00edn, Finochietto y \u00c1lvarez Jonte<br>\u2022 Diario La Prensa esquina Los Fresnos<br>\u2022 Diario La Prensa esquina Zuloaga<br>\u2022 Diario La Prensa esquina El Rodeo<br>\u2022 Diario La Prensa, Wilde y Mir\u00f3<br>\u2022 Diario La Naci\u00f3n y Falc\u00f3n<\/p>\n\n\n\n<p>Por otra parte, tambi\u00e9n se realizan otras acciones para llegar a cada barrio con obras de forma integral, tales como la limpieza de basurales, barrido de calles, colocaci\u00f3n de c\u00e1maras de seguridad y la instalaci\u00f3n de luminarias.<\/p>\n\n\n\n<p>En esta localidad ya se instalaron m\u00e1s de 1500 luminarias LED en los barrios La Providencia; Los Eucaliptus; Aguaribay; Fademac; G\u00fcemes; Villa Escobar; La Tradici\u00f3n; Los Molinos; San Carlos; \u00c1lvarez Centro; La Esperanza; Los Fresnos; San Carlos; Indian\u00e1polis; El Quijote; Luchetti; La Reja; Santa Marta y Gorriti. A su vez, ya se instalaron 110 c\u00e1maras de seguridad que son visualizadas las 24 horas desde el Centro de Monitoreo municipal.<\/p>\n\n\n\n<p>Pr\u00f3ximas obras<\/p>\n\n\n\n<p>La adquisici\u00f3n de las plantas asf\u00e1lticas son una propuesta de la intendenta Mariel Fern\u00e1ndez, que permite asfaltar cuadras todos los d\u00edas, y as\u00ed responder a una demanda hist\u00f3rica del municipio como lo es la reparaci\u00f3n y pavimentaci\u00f3n de calles. Pr\u00f3ximamente, en esta localidad se comenzar\u00e1 a asfaltar las calles:<\/p>\n\n\n\n<p>\u2022 Tapalqu\u00e9 desde Chopin hasta Linneo<br>\u2022 Tegucigalpa desde Semana de Mayo hasta Falc\u00f3n<br>\u2022 Jujuy desde Tegucigalpa hasta Paramaribo<br>\u2022 Racine desde El Arreo hasta S\u00e1nchez de Bustamante<br>\u2022 El Arreo desde Racine hasta Jos\u00e9 Mart\u00ed<br>\u2022 El Arreo desde Jose Mart\u00ed hasta San Pedro<br>\u2022 Tiradentes desde El Arreo hasta Recuerdos de Provincia<br>\u2022 Mir\u00f3 desde Ruta 7 hasta Almafuerte<\/p>\n\n\n\n<p>Tambi\u00e9n se instalar\u00e1n nuevos equipos LED sobre las calles La Naci\u00f3n, desde Semana de Mayo hasta Cellini, y en Manuel de Falla, desde la calle Piovano hasta Beato de Balaguer.<\/p>\n\n\n\n<p>Adem\u00e1s, pr\u00f3ximamente comenzar\u00e1 la obra hidr\u00e1ulica en el barrio La Tradici\u00f3n, con el objetivo de evitar inundaciones por precipitaciones, logrando que el agua circule de forma fluida sin dificultar el acceso sobre la calle Los Tulipaneros. Este saneamiento hidr\u00e1ulico contempla la construcci\u00f3n de alcantarillas, c\u00e1maras de empalme y sumideros para disponerlos en distintas zonas de la localidad.<\/p>\n\n\n\n<p>De esta manera el Estado municipal contin\u00faa con obras integrales en distintas partes de Moreno para mejorar la infraestructura de los barrios y la calidad de vida de las vecinas y vecinos.<\/p>\n\n\n\n<figure class=\"wp-block-gallery has-nested-images columns-default is-cropped wp-block-gallery-1 is-layout-flex wp-block-gallery-is-layout-flex\">\n<figure class=\"wp-block-image size-large\"><a href=\"https:\/\/morenoprimero.com.ar\/wp-content\/uploads\/2022\/11\/WhatsApp-Image-2022-11-09-at-4.16.50-PM.jpeg\"><img loading=\"lazy\" decoding=\"async\" width=\"1024\" height=\"682\" data-id=\"34099\" src=\"https:\/\/morenoprimero.com.ar\/wp-content\/uploads\/2022\/11\/WhatsApp-Image-2022-11-09-at-4.16.50-PM-1024x682.jpeg\" alt=\"\" class=\"wp-image-34099\" srcset=\"https:\/\/morenoprimero.com.ar\/archivo\/wp-content\/uploads\/2022\/11\/WhatsApp-Image-2022-11-09-at-4.16.50-PM-1024x682.jpeg 1024w, https:\/\/morenoprimero.com.ar\/archivo\/wp-content\/uploads\/2022\/11\/WhatsApp-Image-2022-11-09-at-4.16.50-PM-300x200.jpeg 300w, https:\/\/morenoprimero.com.ar\/archivo\/wp-content\/uploads\/2022\/11\/WhatsApp-Image-2022-11-09-at-4.16.50-PM-768x512.jpeg 768w, https:\/\/morenoprimero.com.ar\/archivo\/wp-content\/uploads\/2022\/11\/WhatsApp-Image-2022-11-09-at-4.16.50-PM.jpeg 1280w\" sizes=\"auto, (max-width: 1024px) 100vw, 1024px\" \/><\/a><\/figure>\n\n\n\n<figure class=\"wp-block-image size-large\"><a href=\"https:\/\/morenoprimero.com.ar\/wp-content\/uploads\/2022\/11\/WhatsApp-Image-2022-11-09-at-4.16.49-PM.jpeg\"><img loading=\"lazy\" decoding=\"async\" width=\"1024\" height=\"682\" data-id=\"34100\" src=\"https:\/\/morenoprimero.com.ar\/wp-content\/uploads\/2022\/11\/WhatsApp-Image-2022-11-09-at-4.16.49-PM-1024x682.jpeg\" alt=\"\" class=\"wp-image-34100\" srcset=\"https:\/\/morenoprimero.com.ar\/archivo\/wp-content\/uploads\/2022\/11\/WhatsApp-Image-2022-11-09-at-4.16.49-PM-1024x682.jpeg 1024w, https:\/\/morenoprimero.com.ar\/archivo\/wp-content\/uploads\/2022\/11\/WhatsApp-Image-2022-11-09-at-4.16.49-PM-300x200.jpeg 300w, https:\/\/morenoprimero.com.ar\/archivo\/wp-content\/uploads\/2022\/11\/WhatsApp-Image-2022-11-09-at-4.16.49-PM-768x512.jpeg 768w, https:\/\/morenoprimero.com.ar\/archivo\/wp-content\/uploads\/2022\/11\/WhatsApp-Image-2022-11-09-at-4.16.49-PM.jpeg 1280w\" sizes=\"auto, (max-width: 1024px) 100vw, 1024px\" \/><\/a><\/figure>\n<\/figure>\n","protected":false},"excerpt":{"rendered":"<p>El Municipio de Moreno contin\u00faa con los trabajos de bacheo, colocaci\u00f3n de asfalto, pavimento y luminarias LED en distintas partes de la localidad para mejorar la calidad de vida de los vecinos y vecinas, asegur\u00e1ndoles mayor seguridad y una mejora &hellip; <a href=\"https:\/\/morenoprimero.com.ar\/archivo\/continuan-las-obras-integrales-en-francisco-alvarez\/\">Sigue leyendo <span class=\"meta-nav\">&rarr;<\/span><\/a><\/p>\n","protected":false},"author":6,"featured_media":34098,"comment_status":"closed","ping_status":"closed","sticky":false,"template":"","format":"standard","meta":{"footnotes":""},"categories":[2457,2328],"tags":[477,285],"class_list":["post-34097","post","type-post","status-publish","format-standard","has-post-thumbnail","hentry","category-franciscoalvarez","category-local","tag-francisco-alvarez-2","tag-obras-publicas"],"_links":{"self":[{"href":"https:\/\/morenoprimero.com.ar\/archivo\/wp-json\/wp\/v2\/posts\/34097","targetHints":{"allow":["GET"]}}],"collection":[{"href":"https:\/\/morenoprimero.com.ar\/archivo\/wp-json\/wp\/v2\/posts"}],"about":[{"href":"https:\/\/morenoprimero.com.ar\/archivo\/wp-json\/wp\/v2\/types\/post"}],"author":[{"embeddable":true,"href":"https:\/\/morenoprimero.com.ar\/archivo\/wp-json\/wp\/v2\/users\/6"}],"replies":[{"embeddable":true,"href":"https:\/\/morenoprimero.com.ar\/archivo\/wp-json\/wp\/v2\/comments?post=34097"}],"version-history":[{"count":1,"href":"https:\/\/morenoprimero.com.ar\/archivo\/wp-json\/wp\/v2\/posts\/34097\/revisions"}],"predecessor-version":[{"id":34106,"href":"https:\/\/morenoprimero.com.ar\/archivo\/wp-json\/wp\/v2\/posts\/34097\/revisions\/34106"}],"wp:featuredmedia":[{"embeddable":true,"href":"https:\/\/morenoprimero.com.ar\/archivo\/wp-json\/wp\/v2\/media\/34098"}],"wp:attachment":[{"href":"https:\/\/morenoprimero.com.ar\/archivo\/wp-json\/wp\/v2\/media?parent=34097"}],"wp:term":[{"taxonomy":"category","embeddable":true,"href":"https:\/\/morenoprimero.com.ar\/archivo\/wp-json\/wp\/v2\/categories?post=34097"},{"taxonomy":"post_tag","embeddable":true,"href":"https:\/\/morenoprimero.com.ar\/archivo\/wp-json\/wp\/v2\/tags?post=34097"}],"curies":[{"name":"wp","href":"https:\/\/api.w.org\/{rel}","templated":true}]}}