{"id":34088,"date":"2022-11-11T14:54:37","date_gmt":"2022-11-11T17:54:37","guid":{"rendered":"https:\/\/morenoprimero.com.ar\/?p=34088"},"modified":"2022-11-11T14:54:38","modified_gmt":"2022-11-11T17:54:38","slug":"avanzan-las-obras-en-el-cementerio-municipal","status":"publish","type":"post","link":"https:\/\/morenoprimero.com.ar\/archivo\/avanzan-las-obras-en-el-cementerio-municipal\/","title":{"rendered":"Avanzan las obras en el Cementerio Municipal"},"content":{"rendered":"\n<p>El Municipio de Moreno contin\u00faa con refacciones y mejoras en el cementerio municipal. A trav\u00e9s de la Secretar\u00eda de Obras P\u00fablicas, se realizaron obras en distintos sectores tales como la reconstrucci\u00f3n de las veredas de la entrada principal; la colocaci\u00f3n de nuevas luminarias led sobre el predio y la ampliaci\u00f3n de un nuevo sector de nichos con m\u00e1s de 1400 urneras nuevas y m\u00e1s de 400 nichos ata\u00fad. Adem\u00e1s, se construy\u00f3 el Jard\u00edn de la Memoria y las calles para facilitar su acceso.<\/p>\n\n\n\n<p>Actualmente, se coloca una garita de seguridad para garantizar mayor prevenci\u00f3n, se construye un nuevo osario y se refaccionan nichos. A su vez, avanza la construcci\u00f3n del nuevo espacio de la oficina de administraci\u00f3n, continua la instalaci\u00f3n de luminarias y se realizan tareas de mantenimiento diario.<\/p>\n\n\n\n<p>La intendenta, Mariel Fern\u00e1ndez, recorri\u00f3 las obras junto a las y los trabajadores del cementerio, la secretaria de Obras y Servicios P\u00fablicos, Mar\u00eda Gim\u00e9nez y la directora del cementerio, Natalia Sosa.<\/p>\n\n\n\n<p>Con estas acciones, el gobierno municipal recupera y pone en valor este importante espacio para la comunidad.<\/p>\n\n\n\n<p>D\u00edas, horarios y canales de contacto del Cementerio<\/p>\n\n\n\n<p>Las visitas al cementerio municipal son de lunes a domingos desde las 8 hasta las 16 horas, y la administraci\u00f3n se encuentra abierta de lunes a domingos de 7 a 14 horas. Para consultas comunicarse por WhatsApp al 1122571183 o por correo a <a href=\"mailto:direcciondecementerio@moreno.gov.ar\">direcciondecementerio@moreno.gov.ar<\/a><\/p>\n\n\n\n<figure class=\"wp-block-gallery has-nested-images columns-default is-cropped wp-block-gallery-1 is-layout-flex wp-block-gallery-is-layout-flex\">\n<figure class=\"wp-block-image size-large\"><a href=\"https:\/\/morenoprimero.com.ar\/wp-content\/uploads\/2022\/11\/WhatsApp-Image-2022-11-09-at-1.59.18-PM-1.jpeg\"><img loading=\"lazy\" decoding=\"async\" width=\"1024\" height=\"682\" data-id=\"34090\" src=\"https:\/\/morenoprimero.com.ar\/wp-content\/uploads\/2022\/11\/WhatsApp-Image-2022-11-09-at-1.59.18-PM-1-1024x682.jpeg\" alt=\"\" class=\"wp-image-34090\" srcset=\"https:\/\/morenoprimero.com.ar\/archivo\/wp-content\/uploads\/2022\/11\/WhatsApp-Image-2022-11-09-at-1.59.18-PM-1-1024x682.jpeg 1024w, https:\/\/morenoprimero.com.ar\/archivo\/wp-content\/uploads\/2022\/11\/WhatsApp-Image-2022-11-09-at-1.59.18-PM-1-300x200.jpeg 300w, https:\/\/morenoprimero.com.ar\/archivo\/wp-content\/uploads\/2022\/11\/WhatsApp-Image-2022-11-09-at-1.59.18-PM-1-768x512.jpeg 768w, https:\/\/morenoprimero.com.ar\/archivo\/wp-content\/uploads\/2022\/11\/WhatsApp-Image-2022-11-09-at-1.59.18-PM-1.jpeg 1280w\" sizes=\"auto, (max-width: 1024px) 100vw, 1024px\" \/><\/a><\/figure>\n\n\n\n<figure class=\"wp-block-image size-large\"><a href=\"https:\/\/morenoprimero.com.ar\/wp-content\/uploads\/2022\/11\/WhatsApp-Image-2022-11-09-at-1.59.17-PM-2.jpeg\"><img loading=\"lazy\" decoding=\"async\" width=\"1024\" height=\"682\" data-id=\"34089\" src=\"https:\/\/morenoprimero.com.ar\/wp-content\/uploads\/2022\/11\/WhatsApp-Image-2022-11-09-at-1.59.17-PM-2-1024x682.jpeg\" alt=\"\" class=\"wp-image-34089\" srcset=\"https:\/\/morenoprimero.com.ar\/archivo\/wp-content\/uploads\/2022\/11\/WhatsApp-Image-2022-11-09-at-1.59.17-PM-2-1024x682.jpeg 1024w, https:\/\/morenoprimero.com.ar\/archivo\/wp-content\/uploads\/2022\/11\/WhatsApp-Image-2022-11-09-at-1.59.17-PM-2-300x200.jpeg 300w, https:\/\/morenoprimero.com.ar\/archivo\/wp-content\/uploads\/2022\/11\/WhatsApp-Image-2022-11-09-at-1.59.17-PM-2-768x512.jpeg 768w, https:\/\/morenoprimero.com.ar\/archivo\/wp-content\/uploads\/2022\/11\/WhatsApp-Image-2022-11-09-at-1.59.17-PM-2.jpeg 1280w\" sizes=\"auto, (max-width: 1024px) 100vw, 1024px\" \/><\/a><\/figure>\n\n\n\n<figure class=\"wp-block-image size-large\"><a href=\"https:\/\/morenoprimero.com.ar\/wp-content\/uploads\/2022\/11\/WhatsApp-Image-2022-11-09-at-1.59.17-PM-1.jpeg\"><img loading=\"lazy\" decoding=\"async\" width=\"1024\" height=\"682\" data-id=\"34092\" src=\"https:\/\/morenoprimero.com.ar\/wp-content\/uploads\/2022\/11\/WhatsApp-Image-2022-11-09-at-1.59.17-PM-1-1024x682.jpeg\" alt=\"\" class=\"wp-image-34092\" srcset=\"https:\/\/morenoprimero.com.ar\/archivo\/wp-content\/uploads\/2022\/11\/WhatsApp-Image-2022-11-09-at-1.59.17-PM-1-1024x682.jpeg 1024w, https:\/\/morenoprimero.com.ar\/archivo\/wp-content\/uploads\/2022\/11\/WhatsApp-Image-2022-11-09-at-1.59.17-PM-1-300x200.jpeg 300w, https:\/\/morenoprimero.com.ar\/archivo\/wp-content\/uploads\/2022\/11\/WhatsApp-Image-2022-11-09-at-1.59.17-PM-1-768x512.jpeg 768w, https:\/\/morenoprimero.com.ar\/archivo\/wp-content\/uploads\/2022\/11\/WhatsApp-Image-2022-11-09-at-1.59.17-PM-1.jpeg 1280w\" sizes=\"auto, (max-width: 1024px) 100vw, 1024px\" \/><\/a><\/figure>\n<\/figure>\n","protected":false},"excerpt":{"rendered":"<p>El Municipio de Moreno contin\u00faa con refacciones y mejoras en el cementerio municipal. A trav\u00e9s de la Secretar\u00eda de Obras P\u00fablicas, se realizaron obras en distintos sectores tales como la reconstrucci\u00f3n de las veredas de la entrada principal; la colocaci\u00f3n &hellip; <a href=\"https:\/\/morenoprimero.com.ar\/archivo\/avanzan-las-obras-en-el-cementerio-municipal\/\">Sigue leyendo <span class=\"meta-nav\">&rarr;<\/span><\/a><\/p>\n","protected":false},"author":6,"featured_media":34091,"comment_status":"closed","ping_status":"closed","sticky":false,"template":"","format":"standard","meta":{"footnotes":""},"categories":[2328],"tags":[276,389],"class_list":["post-34088","post","type-post","status-publish","format-standard","has-post-thumbnail","hentry","category-local","tag-mariel-fernandez","tag-secretaria-de-obras-y-servicios-publicos"],"_links":{"self":[{"href":"https:\/\/morenoprimero.com.ar\/archivo\/wp-json\/wp\/v2\/posts\/34088","targetHints":{"allow":["GET"]}}],"collection":[{"href":"https:\/\/morenoprimero.com.ar\/archivo\/wp-json\/wp\/v2\/posts"}],"about":[{"href":"https:\/\/morenoprimero.com.ar\/archivo\/wp-json\/wp\/v2\/types\/post"}],"author":[{"embeddable":true,"href":"https:\/\/morenoprimero.com.ar\/archivo\/wp-json\/wp\/v2\/users\/6"}],"replies":[{"embeddable":true,"href":"https:\/\/morenoprimero.com.ar\/archivo\/wp-json\/wp\/v2\/comments?post=34088"}],"version-history":[{"count":1,"href":"https:\/\/morenoprimero.com.ar\/archivo\/wp-json\/wp\/v2\/posts\/34088\/revisions"}],"predecessor-version":[{"id":34093,"href":"https:\/\/morenoprimero.com.ar\/archivo\/wp-json\/wp\/v2\/posts\/34088\/revisions\/34093"}],"wp:featuredmedia":[{"embeddable":true,"href":"https:\/\/morenoprimero.com.ar\/archivo\/wp-json\/wp\/v2\/media\/34091"}],"wp:attachment":[{"href":"https:\/\/morenoprimero.com.ar\/archivo\/wp-json\/wp\/v2\/media?parent=34088"}],"wp:term":[{"taxonomy":"category","embeddable":true,"href":"https:\/\/morenoprimero.com.ar\/archivo\/wp-json\/wp\/v2\/categories?post=34088"},{"taxonomy":"post_tag","embeddable":true,"href":"https:\/\/morenoprimero.com.ar\/archivo\/wp-json\/wp\/v2\/tags?post=34088"}],"curies":[{"name":"wp","href":"https:\/\/api.w.org\/{rel}","templated":true}]}}