{"id":34083,"date":"2022-11-10T18:08:49","date_gmt":"2022-11-10T21:08:49","guid":{"rendered":"https:\/\/morenoprimero.com.ar\/?p=34083"},"modified":"2022-11-10T18:08:50","modified_gmt":"2022-11-10T21:08:50","slug":"se-puso-en-marcha-la-terminacion-de-116-viviendas-del-plan-federal-de-la-perla","status":"publish","type":"post","link":"https:\/\/morenoprimero.com.ar\/archivo\/se-puso-en-marcha-la-terminacion-de-116-viviendas-del-plan-federal-de-la-perla\/","title":{"rendered":"Se puso en marcha la terminaci\u00f3n de 116 viviendas del plan federal de La Perla"},"content":{"rendered":"\n<p>El Municipio de Moreno junto al Gobierno de la Provincia de Buenos Aires, puso en marcha las obras de terminaci\u00f3n de los 116 hogares que forman parte del Plan Federal de Viviendas del barrio La Perla, ubicado en la localidad de Moreno Norte, que beneficiar\u00e1n a m\u00e1s de 360 familias.<\/p>\n\n\n\n<p>Ya iniciaron los trabajos de limpieza y cercado del terreno donde estar\u00e1n ubicadas las nuevas viviendas que completar\u00e1n el proyecto original de 1.196 que fue postergado en el 2018. Vale destacar que, a finales del a\u00f1o 2020, la intendenta Mariel Fern\u00e1ndez junto al gobernador Axel Kicillof, entregaron m\u00e1s de 360 viviendas que forman parte de este proyecto y fueron reconstruidas durante esta gesti\u00f3n.<\/p>\n\n\n\n<p>De esta manera, desde el gobierno municipal y provincial se trabaja para asegurar a cada vez m\u00e1s familias el cumplimiento del derecho al acceso a una vivienda digna, segura y propia.<\/p>\n\n\n\n<figure class=\"wp-block-gallery has-nested-images columns-default is-cropped wp-block-gallery-1 is-layout-flex wp-block-gallery-is-layout-flex\">\n<figure class=\"wp-block-image size-large\"><a href=\"https:\/\/morenoprimero.com.ar\/wp-content\/uploads\/2022\/11\/WhatsApp-Image-2022-11-09-at-1.59.16-PM-1.jpeg\"><img loading=\"lazy\" decoding=\"async\" width=\"1024\" height=\"682\" data-id=\"34084\" src=\"https:\/\/morenoprimero.com.ar\/wp-content\/uploads\/2022\/11\/WhatsApp-Image-2022-11-09-at-1.59.16-PM-1-1024x682.jpeg\" alt=\"\" class=\"wp-image-34084\" srcset=\"https:\/\/morenoprimero.com.ar\/archivo\/wp-content\/uploads\/2022\/11\/WhatsApp-Image-2022-11-09-at-1.59.16-PM-1-1024x682.jpeg 1024w, https:\/\/morenoprimero.com.ar\/archivo\/wp-content\/uploads\/2022\/11\/WhatsApp-Image-2022-11-09-at-1.59.16-PM-1-300x200.jpeg 300w, https:\/\/morenoprimero.com.ar\/archivo\/wp-content\/uploads\/2022\/11\/WhatsApp-Image-2022-11-09-at-1.59.16-PM-1-768x511.jpeg 768w, https:\/\/morenoprimero.com.ar\/archivo\/wp-content\/uploads\/2022\/11\/WhatsApp-Image-2022-11-09-at-1.59.16-PM-1.jpeg 1280w\" sizes=\"auto, (max-width: 1024px) 100vw, 1024px\" \/><\/a><\/figure>\n\n\n\n<figure class=\"wp-block-image size-large\"><a href=\"https:\/\/morenoprimero.com.ar\/wp-content\/uploads\/2022\/11\/WhatsApp-Image-2022-11-09-at-1.59.16-PM.jpeg\"><img loading=\"lazy\" decoding=\"async\" width=\"1024\" height=\"681\" data-id=\"34086\" src=\"https:\/\/morenoprimero.com.ar\/wp-content\/uploads\/2022\/11\/WhatsApp-Image-2022-11-09-at-1.59.16-PM-1024x681.jpeg\" alt=\"\" class=\"wp-image-34086\" srcset=\"https:\/\/morenoprimero.com.ar\/archivo\/wp-content\/uploads\/2022\/11\/WhatsApp-Image-2022-11-09-at-1.59.16-PM-1024x681.jpeg 1024w, https:\/\/morenoprimero.com.ar\/archivo\/wp-content\/uploads\/2022\/11\/WhatsApp-Image-2022-11-09-at-1.59.16-PM-300x199.jpeg 300w, https:\/\/morenoprimero.com.ar\/archivo\/wp-content\/uploads\/2022\/11\/WhatsApp-Image-2022-11-09-at-1.59.16-PM-768x511.jpeg 768w, https:\/\/morenoprimero.com.ar\/archivo\/wp-content\/uploads\/2022\/11\/WhatsApp-Image-2022-11-09-at-1.59.16-PM.jpeg 1280w\" sizes=\"auto, (max-width: 1024px) 100vw, 1024px\" \/><\/a><\/figure>\n<\/figure>\n","protected":false},"excerpt":{"rendered":"<p>El Municipio de Moreno junto al Gobierno de la Provincia de Buenos Aires, puso en marcha las obras de terminaci\u00f3n de los 116 hogares que forman parte del Plan Federal de Viviendas del barrio La Perla, ubicado en la localidad &hellip; <a href=\"https:\/\/morenoprimero.com.ar\/archivo\/se-puso-en-marcha-la-terminacion-de-116-viviendas-del-plan-federal-de-la-perla\/\">Sigue leyendo <span class=\"meta-nav\">&rarr;<\/span><\/a><\/p>\n","protected":false},"author":6,"featured_media":34085,"comment_status":"closed","ping_status":"closed","sticky":false,"template":"","format":"standard","meta":{"footnotes":""},"categories":[2328],"tags":[1261,970,714],"class_list":["post-34083","post","type-post","status-publish","format-standard","has-post-thumbnail","hentry","category-local","tag-barrio-la-perla","tag-gobierno-de-la-provincia-de-buenos-aires","tag-municipalidad-de-moreno"],"_links":{"self":[{"href":"https:\/\/morenoprimero.com.ar\/archivo\/wp-json\/wp\/v2\/posts\/34083","targetHints":{"allow":["GET"]}}],"collection":[{"href":"https:\/\/morenoprimero.com.ar\/archivo\/wp-json\/wp\/v2\/posts"}],"about":[{"href":"https:\/\/morenoprimero.com.ar\/archivo\/wp-json\/wp\/v2\/types\/post"}],"author":[{"embeddable":true,"href":"https:\/\/morenoprimero.com.ar\/archivo\/wp-json\/wp\/v2\/users\/6"}],"replies":[{"embeddable":true,"href":"https:\/\/morenoprimero.com.ar\/archivo\/wp-json\/wp\/v2\/comments?post=34083"}],"version-history":[{"count":1,"href":"https:\/\/morenoprimero.com.ar\/archivo\/wp-json\/wp\/v2\/posts\/34083\/revisions"}],"predecessor-version":[{"id":34087,"href":"https:\/\/morenoprimero.com.ar\/archivo\/wp-json\/wp\/v2\/posts\/34083\/revisions\/34087"}],"wp:featuredmedia":[{"embeddable":true,"href":"https:\/\/morenoprimero.com.ar\/archivo\/wp-json\/wp\/v2\/media\/34085"}],"wp:attachment":[{"href":"https:\/\/morenoprimero.com.ar\/archivo\/wp-json\/wp\/v2\/media?parent=34083"}],"wp:term":[{"taxonomy":"category","embeddable":true,"href":"https:\/\/morenoprimero.com.ar\/archivo\/wp-json\/wp\/v2\/categories?post=34083"},{"taxonomy":"post_tag","embeddable":true,"href":"https:\/\/morenoprimero.com.ar\/archivo\/wp-json\/wp\/v2\/tags?post=34083"}],"curies":[{"name":"wp","href":"https:\/\/api.w.org\/{rel}","templated":true}]}}