{"id":34057,"date":"2022-11-11T10:40:19","date_gmt":"2022-11-11T13:40:19","guid":{"rendered":"https:\/\/morenoprimero.com.ar\/?p=34057"},"modified":"2022-11-11T10:52:47","modified_gmt":"2022-11-11T13:52:47","slug":"se-llevara-a-cabo-la-jornada-de-formacion-cultura-cooperativa-en-moreno","status":"publish","type":"post","link":"https:\/\/morenoprimero.com.ar\/archivo\/se-llevara-a-cabo-la-jornada-de-formacion-cultura-cooperativa-en-moreno\/","title":{"rendered":"Se llevar\u00e1 a cabo la jornada de formaci\u00f3n \u201cCultura Cooperativa\u201d\u00a0en Moreno"},"content":{"rendered":"\n<p>La jornada est\u00e1 organizada por el INAES, en articulaci\u00f3n con el Municipio de Moreno, a trav\u00e9s de la subsecretar\u00eda de Cultura. Se realizar\u00e1 el pr\u00f3ximo martes 15 de noviembre a las 18 horas en el Teatro Marechal (Asconap\u00e9 85). \u201cEn contraste a la sociedad an\u00f3nima que despersonaliza la producci\u00f3n, el asociativismo reconoce que es muy dif\u00edcil crear sin personas. Por eso creemos que el cooperativismo es la forma l\u00f3gica de organizaci\u00f3n del arte\u201d, considera respecto de esta forma asociativa, Alexandre Roig, titular del INAES.&nbsp;<\/p>\n\n\n\n<p>La jornada de formaci\u00f3n Cultura Cooperativa para emprendimientos culturales llega a Moreno en el marco de las actividades que el INAES lleva adelante para promocionar el asociativismo en las industrias culturales. &nbsp;<\/p>\n\n\n\n<p>Durante la jornada se brindar\u00e1n&nbsp;herramientas a entidades y grupos precooperativos de Moreno, respecto de las posibilidades que ofrece la asociaci\u00f3n cooperativa para el desarrollo de las actividades culturales.&nbsp;<\/p>\n\n\n\n<p>Con estos encuentros, el INAES acompa\u00f1a&nbsp;el desarrollo de las industrias culturales, tanto locales como provinciales y nacionales, sumado a la creatividad de&nbsp;artistas morenenses y&nbsp;el potencial que surge del trabajo asociado en un emprendimiento cooperativo.&nbsp;<\/p>\n\n\n\n<p><strong>El<\/strong> <strong>convenio para la promoci\u00f3n de las industrias culturales, los espacios y las artesan\u00edas<\/strong>&nbsp;<\/p>\n\n\n\n<p>En julio del corriente a\u00f1o se firm\u00f3 un convenio en el Centro Cultural Kirchner, entre el INAES y el Ministerio de Cultura de la Naci\u00f3n en un acto realizado en el Centro Cultural Kirchner, del que participaron distintos exponentes dedicados a la producci\u00f3n art\u00edstica y cultural mediante herramientas asociativas.&nbsp;<\/p>\n\n\n\n<p>A trav\u00e9s de este convenio, los organismos podr\u00e1n articular la gesti\u00f3n de programas, proyectos, actividades y acciones tendientes a la promoci\u00f3n, seguimiento y fortalecimiento de colectivos culturales independientes y autogestivos de la econom\u00eda social. Asimismo, se busca impulsar la acci\u00f3n cooperativa en el marco de las industrias culturales a trav\u00e9s de instrumentos normativos.&nbsp;<\/p>\n\n\n\n<p>\u201cHay un tesoro que algunos van descubriendo, que resuelve muchos problemas y que la industria del arte ha encontrado, pero todav\u00eda no es tan usado como deber\u00eda, y tenemos grandes esperanzas en seguir abriendo o\u00eddos, ojos e imaginarios a la vida cooperativa\u201d, expres\u00f3 el titular del INAES, Alexandre Roig. \u201c\u00bfPor qu\u00e9 decimos que es un tesoro? Porque en contraste a la sociedad an\u00f3nima que despersonaliza la producci\u00f3n, el asociativismo reconoce que es muy dif\u00edcil crear sin personas. Por eso creemos que el cooperativismo es la forma l\u00f3gica de organizaci\u00f3n del arte.\u201d explic\u00f3.&nbsp;<\/p>\n\n\n\n<p>El otro eje en el que el presidente del Instituto puso \u00e9nfasis fue la ventaja que ofrecen las empresas asociativas en funci\u00f3n del derecho laboral de las y los trabajadores del arte y la cultura, remarcando que \u201cla cooperativa le da una forma a la relaci\u00f3n de trabajo, permite asumirse como trabajador y sujeto creativo al mismo tiempo y, por ende, permite la articulaci\u00f3n de las agendas art\u00edsticas, populares y feministas en un concepto amplio de trabajo y producci\u00f3n\u201d.&nbsp;<\/p>\n\n\n\n<p><strong>El Mercado de Cooperativismo y culturas Autogestivas Argentinas<\/strong>&nbsp;<\/p>\n\n\n\n<p>Adem\u00e1s, desde el INAES y el Ministerio de Cultura, llevan adelante el&nbsp;Mercado de Cooperativismo y Culturas Autogestivas Argentinas (MARCA)&nbsp;para promover el cooperativismo entre los proyectos de las industrias culturales, los espacios culturales y las artesan\u00edas.&nbsp;<\/p>\n\n\n\n<p>En relaci\u00f3n a este proyecto, ya se&nbsp;entregaron cientos de&nbsp;matr\u00edculas de las Industrias Culturales. Emprendimientos culturales del sector de la m\u00fasica como La Bersuit, Los Esp\u00edritus, Nonpalidece, Kumbia Queers y La Fern\u00e1ndez Fierro, entre otros, recibieron las matr\u00edculas por las que quedan formalmente constituidas como cooperativas.&nbsp;<\/p>\n\n\n\n<p>Adem\u00e1s, a partir de la Resoluci\u00f3n Renovar, el INAES facilita el tr\u00e1mite de obtenci\u00f3n de matr\u00edculas de cooperativas de trabajo, que incluye la unificaci\u00f3n de 3 objetos culturales: Industrias Culturales para 15 sectores, Gesti\u00f3n de Espacios Culturales y Artesan\u00edas. Centenares de organizaciones iniciaros su solicitud.&nbsp;<\/p>\n\n\n\n<p><\/p>\n","protected":false},"excerpt":{"rendered":"<p>La jornada est\u00e1 organizada por el INAES, en articulaci\u00f3n con el Municipio de Moreno, a trav\u00e9s de la subsecretar\u00eda de Cultura. Se realizar\u00e1 el pr\u00f3ximo martes 15 de noviembre a las 18 horas en el Teatro Marechal (Asconap\u00e9 85). \u201cEn &hellip; <a href=\"https:\/\/morenoprimero.com.ar\/archivo\/se-llevara-a-cabo-la-jornada-de-formacion-cultura-cooperativa-en-moreno\/\">Sigue leyendo <span class=\"meta-nav\">&rarr;<\/span><\/a><\/p>\n","protected":false},"author":6,"featured_media":34149,"comment_status":"closed","ping_status":"closed","sticky":false,"template":"","format":"standard","meta":{"footnotes":""},"categories":[2328],"tags":[3061,326],"class_list":["post-34057","post","type-post","status-publish","format-standard","has-post-thumbnail","hentry","category-local","tag-cooperativa","tag-cultura-2"],"_links":{"self":[{"href":"https:\/\/morenoprimero.com.ar\/archivo\/wp-json\/wp\/v2\/posts\/34057","targetHints":{"allow":["GET"]}}],"collection":[{"href":"https:\/\/morenoprimero.com.ar\/archivo\/wp-json\/wp\/v2\/posts"}],"about":[{"href":"https:\/\/morenoprimero.com.ar\/archivo\/wp-json\/wp\/v2\/types\/post"}],"author":[{"embeddable":true,"href":"https:\/\/morenoprimero.com.ar\/archivo\/wp-json\/wp\/v2\/users\/6"}],"replies":[{"embeddable":true,"href":"https:\/\/morenoprimero.com.ar\/archivo\/wp-json\/wp\/v2\/comments?post=34057"}],"version-history":[{"count":2,"href":"https:\/\/morenoprimero.com.ar\/archivo\/wp-json\/wp\/v2\/posts\/34057\/revisions"}],"predecessor-version":[{"id":34061,"href":"https:\/\/morenoprimero.com.ar\/archivo\/wp-json\/wp\/v2\/posts\/34057\/revisions\/34061"}],"wp:featuredmedia":[{"embeddable":true,"href":"https:\/\/morenoprimero.com.ar\/archivo\/wp-json\/wp\/v2\/media\/34149"}],"wp:attachment":[{"href":"https:\/\/morenoprimero.com.ar\/archivo\/wp-json\/wp\/v2\/media?parent=34057"}],"wp:term":[{"taxonomy":"category","embeddable":true,"href":"https:\/\/morenoprimero.com.ar\/archivo\/wp-json\/wp\/v2\/categories?post=34057"},{"taxonomy":"post_tag","embeddable":true,"href":"https:\/\/morenoprimero.com.ar\/archivo\/wp-json\/wp\/v2\/tags?post=34057"}],"curies":[{"name":"wp","href":"https:\/\/api.w.org\/{rel}","templated":true}]}}