{"id":3391,"date":"2020-10-03T09:00:29","date_gmt":"2020-10-03T09:00:29","guid":{"rendered":"https:\/\/morenoprimero.com.ar\/?p=3391"},"modified":"2022-06-29T12:33:06","modified_gmt":"2022-06-29T15:33:06","slug":"el-viejo-matias-un-proyecto-cultural-y-social-de-paso-del-rey","status":"publish","type":"post","link":"https:\/\/morenoprimero.com.ar\/archivo\/el-viejo-matias-un-proyecto-cultural-y-social-de-paso-del-rey\/","title":{"rendered":"EL VIEJO MATIAS: UN PROYECTO CULTURAL Y SOCIAL DE PASO DEL REY"},"content":{"rendered":"\n<h4 class=\"wp-block-heading\"><strong>Gonzalo Romano es integrante del Centro Cultural \u00abEl viejo Matias\u00bb de Paso del Rey. En esta conversaci\u00f3n, cuenta como las actividades que se realizan dentro de la asociaci\u00f3n, c\u00f3mo las afect\u00f3 la pandemia y el vinculo que buscan construir con la comunidad<\/strong>.<\/h4>\n\n\n\n<figure class=\"wp-block-image size-large\"><img loading=\"lazy\" decoding=\"async\" width=\"1024\" height=\"790\" src=\"https:\/\/morenoprimero.com.ar\/wp-content\/uploads\/2020\/10\/WhatsApp-Image-2020-10-01-at-15.39.56-1024x790.jpeg\" alt=\"\" class=\"wp-image-3434\" srcset=\"https:\/\/morenoprimero.com.ar\/archivo\/wp-content\/uploads\/2020\/10\/WhatsApp-Image-2020-10-01-at-15.39.56-1024x790.jpeg 1024w, https:\/\/morenoprimero.com.ar\/archivo\/wp-content\/uploads\/2020\/10\/WhatsApp-Image-2020-10-01-at-15.39.56-300x231.jpeg 300w, https:\/\/morenoprimero.com.ar\/archivo\/wp-content\/uploads\/2020\/10\/WhatsApp-Image-2020-10-01-at-15.39.56-768x592.jpeg 768w, https:\/\/morenoprimero.com.ar\/archivo\/wp-content\/uploads\/2020\/10\/WhatsApp-Image-2020-10-01-at-15.39.56.jpeg 1280w\" sizes=\"auto, (max-width: 1024px) 100vw, 1024px\" \/><figcaption>Gonzalo Romano en el Centro Cultural \u00abEl viejo Mat\u00edas\u00bb<\/figcaption><\/figure>\n\n\n\n<p><strong>Moreno Primero<\/strong>:<strong> \u00bfC\u00f3mo surgi\u00f3 el nombre del centro?<\/strong><\/p>\n\n\n\n<p><strong>Gonzalo Romano<\/strong>: <strong>El nombre del centro cultural lo eligi\u00f3 nuestro compa\u00f1ero Emmanuel Fern\u00e1ndez, que&nbsp;actualmente&nbsp;es&nbsp;Secretario de Cultura, Educaci\u00f3n y Deporte del municipio. Elige ese nombre justamente como referencia a la canci\u00f3n de V\u00edctor Heredia que es un vecino de Paso del Rey y justamente \u00abEl viejo Mat\u00edas\u00bb es la canci\u00f3n que habla de este mendigo, de esta persona que baja del tren en Paso del Rey y forma parte de la comunidad<\/strong>. De hecho, nosotros nos re\u00edmos porque hay varias referencias, hay una&nbsp;remiseria&nbsp;que se llama \u00abEl viejo&nbsp;Mat\u00edas\u00bb, est\u00e1 la olla \u00abViejo Mat\u00edas\u00bb, una galer\u00eda, <strong>hay muchas cosas en Paso del Rey que se llaman El viejo Mat\u00edas porque es muy representativa de la localidad<\/strong>. De&nbsp;hecho&nbsp;fue un personaje que mucha gente lo conoce, la gente de cierta edad lo conoc\u00eda porque estaba en la plaza de Paso del Rey.&nbsp;&nbsp;<\/p>\n\n\n\n<figure class=\"wp-block-audio\"><audio controls src=\"https:\/\/morenoprimero.com.ar\/wp-content\/uploads\/2020\/10\/audio-1-cltural-ok.mp3\"><\/audio><figcaption>Audio 1 Gonzalo Romano<\/figcaption><\/figure>\n\n\n\n<p><strong>MP<\/strong>: <strong>\u00bfHace cu\u00e1nto funciona el centro?&nbsp;<\/strong><\/p>\n\n\n\n<p><strong>GR<\/strong>: Desde&nbsp;Abril&nbsp;del a\u00f1o 2019. El centro cultural es un proyecto de la organizaci\u00f3n social Movimiento Evita, del que formo parte y Emanuel tambi\u00e9n. Se abre para ampliar la visi\u00f3n de construcci\u00f3n cultural, social y pol\u00edtica que se tiene desde el Movimiento Evita, hace dos d\u00e9cadas, y que no ten\u00eda una representaci\u00f3n en Paso del Rey.&nbsp;<\/p>\n\n\n\n<p><strong>El centro cultural forma parte de la comunidad como un faro donde se construye organizaci\u00f3n popular, no solamente la cuesti\u00f3n espec\u00edfica de tal o cual taller, sino que genera como un punto de referencia para la construcci\u00f3n de comunidad, para la construcci\u00f3n popular y para resolver los problemas del barrio para transformar la sociedad.<\/strong><\/p>\n\n\n\n<blockquote class=\"wp-block-quote is-style-large is-layout-flow wp-block-quote-is-layout-flow\"><p>El centro cultural forma parte de la comunidad como un faro donde se construye organizaci\u00f3n popular, no solamente la cuesti\u00f3n espec\u00edfica de tal o cual taller, sino que genera como un punto de referencia para la construcci\u00f3n de comunidad, para la construcci\u00f3n popular y para resolver los problemas del barrio para transformar la sociedad.<\/p><\/blockquote>\n\n\n\n<figure class=\"wp-block-audio\"><audio controls src=\"https:\/\/morenoprimero.com.ar\/wp-content\/uploads\/2020\/10\/audio2a-cltural-ok.mp3\"><\/audio><figcaption>Audio 2a Gonzalo Romano<\/figcaption><\/figure>\n\n\n\n<figure class=\"wp-block-audio\"><audio controls src=\"https:\/\/morenoprimero.com.ar\/wp-content\/uploads\/2020\/10\/audio2b-cltural-ok.mp3\"><\/audio><figcaption>Audio 2b Gonzalo Romano<\/figcaption><\/figure>\n\n\n\n<p><strong>MP<\/strong>: <strong>\u00bfCu\u00e1ntas personas trabajan en el centro?<\/strong><\/p>\n\n\n\n<p><strong>GR<\/strong>: Ahora en pandemia se nos complica. Ahora somos 5\/6, pero nos turnamos por esta cuesti\u00f3n de distanciamiento social y el protocolo, tratamos de no ser muchos por turno. El horario es corto, no hay talleres. En la cuarentena arrancamos con una radio con antena; en el barrio&nbsp;Bongiovanni&nbsp;que encontramos una radio que no estaba funcionando entonces la pusimos en funcionamiento con un programa sobre el centro cultural y las ollas populares, y despu\u00e9s hicimos una aplicaci\u00f3n y ese programa lo estamos haciendo desde el centro cultural.<\/p>\n\n\n\n<p>Tambi\u00e9n estamos haciendo shows v\u00eda&nbsp;streaming&nbsp;todos los viernes con m\u00fasicos locales. La sede de MIM (<strong>M\u00fasicos Independientes de Moreno<\/strong>, agrupaci\u00f3n gremial) es en centro cultural \u00abEl viejo&nbsp;Mat\u00edas\u00bb.<\/p>\n\n\n\n<p>Tambi\u00e9n tenemos una peque\u00f1a huerta urbana, est\u00e1 sobre la calle <strong>Alcorta<\/strong> al costado de las v\u00edas. Tratamos de trabajar algunas l\u00edneas que salieron del municipio y del Movimiento Evita, que ten\u00eda un trabajo en cuanto al reciclaje y a la separaci\u00f3n de residuos desde hace a\u00f1os, que ahora es una pol\u00edtica estatal. En el Viejo Mat\u00edas tenemos un <strong>punto de verde<\/strong>, lo que hacemos es un poco de pedagog\u00eda a trav\u00e9s de unos folletos y la charla con las y los vecinos para la separaci\u00f3n de residuos entre org\u00e1nico e inorg\u00e1nico, m\u00e1s que nada pl\u00e1sticos y papel, por una cuesti\u00f3n de seguridad no juntamos vidrio. Tenemos cuatro, cinco o seis l\u00edneas de trabajo que seguimos manteniendo ahora en pandemia. Porque justamente los talleres como no los podemos hacer presenciales, estamos haciendo algunas tele clases, clases&nbsp;virtuales.&nbsp;&nbsp;<\/p>\n\n\n\n<figure class=\"wp-block-audio\"><audio controls src=\"https:\/\/morenoprimero.com.ar\/wp-content\/uploads\/2020\/10\/audio-3-centro-cultural.mp3\"><\/audio><figcaption>Audio 3 Gonzalo Romano<\/figcaption><\/figure>\n\n\n\n<figure class=\"wp-block-audio\"><audio controls src=\"https:\/\/morenoprimero.com.ar\/wp-content\/uploads\/2020\/10\/audio-4-centro-cultural.mp3\"><\/audio><figcaption>Audio 4 Gonzalo Romano<\/figcaption><\/figure>\n\n\n\n<figure class=\"wp-block-audio\"><audio controls src=\"https:\/\/morenoprimero.com.ar\/wp-content\/uploads\/2020\/10\/audio-5-centro-cultural.mp3\"><\/audio><figcaption>Audio 5 Gonzalo Romano<\/figcaption><\/figure>\n\n\n\n<p><strong>MP<\/strong>:<strong> \u00bfQu\u00e9 talleres realizaban antes de la pandemia?&nbsp;<\/strong><\/p>\n\n\n\n<p><strong>G<\/strong>R: Bueno ten\u00edamos Tela, pilates, taller literario, guitarra, bajo, canto, fotograf\u00eda, ten\u00edamos un cine club los viernes (pas\u00e1bamos pel\u00edculas) cine debate, tocaban bandas. Tuvimos flauta traversa, dibujo,&nbsp;\u00edbamos&nbsp;a&nbsp;arrancar&nbsp;tambi\u00e9n con un taller de cine.&nbsp;&nbsp;<\/p>\n\n\n\n<p>Ahora de hecho tambi\u00e9n, est\u00e1bamos haciendo por zoom como alternativa a los encuentros presenciales un taller de Oratoria.&nbsp;<\/p>\n\n\n\n<figure class=\"wp-block-audio\"><audio controls src=\"https:\/\/morenoprimero.com.ar\/wp-content\/uploads\/2020\/10\/audio-6-cetro.mp3\"><\/audio><figcaption>Audio 6 Gonzalo Romano<\/figcaption><\/figure>\n\n\n\n<figure class=\"wp-block-audio\"><audio controls src=\"https:\/\/morenoprimero.com.ar\/wp-content\/uploads\/2020\/10\/audio-seven.mp3\"><\/audio><figcaption>Audio 7 Gonzalo Romano<\/figcaption><\/figure>\n\n\n\n<p><strong>MP<\/strong>: <strong>\u00bfC\u00f3mo se manejaron en estos \u00faltimos meses con respecto a la&nbsp;pandemia?&nbsp;<\/strong><\/p>\n\n\n\n<p><strong>GR<\/strong>: Nosotros, como a todos, nos sorprendi\u00f3 la pandemia y la cuarentena en&nbsp;Marzo&nbsp;cuando arranc\u00f3 esto. En principio el orden de prioridades cambi\u00f3 porque cuando surge la pandemia en Moreno desde la gesti\u00f3n municipal,  se crean los comit\u00e9s de crisis, en cada uno de las localidades. Uno se crea en Paso del Rey , donde nosotros formamos parte junto al resto de las organizaciones e instituciones de la localidad de Paso del Rey. <strong>El orden de prioridades cambi\u00f3 y entonces dejamos de tener una actividad cultural. <\/strong>De hecho, hicimos una olla popular en la plaza del tanque, sobre la calle Mor\u00f3n. Arrancamos con eso y despu\u00e9s lo continuaron otros compa\u00f1eros y compa\u00f1eras de la zona. <\/p>\n\n\n\n<p>Empezamos a funcionar casi como un dep\u00f3sito, armamos lo que se llama \u201cPaso del Rey solidario\u201d que fue una colecta conjunta que hicimos con las ollas populares con las cuales tambi\u00e9n colaboramos, que algunas funcionan en la plaza de Paso del Rey que son la Olla Viejo Mat\u00edas, Merienda Solidaria y tambi\u00e9n nos daban una mano la agrupaci\u00f3n Moreno Zen. <\/p>\n\n\n\n<p>P<strong>asamos de la parte cultural a trabajar en lo urgente que era el alimento para las ollas populares, entonces creamos Paso del Rey solidario y empezamos a funcionar casi como un dep\u00f3sito de alimentos y de cosas que ten\u00edan que ver con el cuidado como lavandina, alcohol en gel<\/strong>. Y despu\u00e9s como la cuarentena se fue extendiendo empezamos a retornar un poco a las actividades culturales y ah\u00ed arrancamos con la radio que se llama \u201cCuando hay que bancar\u201d y que surge justamente en cuarentena teniendo como agenda a las ollas populares, hac\u00edamos notas a las ollas populares donde le pregunt\u00e1bamos donde funcionaban, a qu\u00e9 hora, qu\u00e9 necesitaban y bueno tratamos de darles una mano con eso.&nbsp;&nbsp;<\/p>\n\n\n\n<p><strong>Despu\u00e9s  la agenda volvi\u00f3 a ser cultural, entonces arrancamos filmando&nbsp;algunas teleclases, arrancamos con la radio un poquito m\u00e1s que  temas culturales, la m\u00fasica y funciones de teatro, etc\u00e9tera y otra agenda. Arrancamos con los&nbsp;streamings&nbsp;y ahora en estos \u00faltimos d\u00edas estamos viendo que los protocolos nos pueden permitir arrancar con alguna actividad en el espacio abierto, tal vez percusi\u00f3n o alguna otra que funcione en un espacio de abierto.<\/strong><\/p>\n\n\n\n<figure class=\"wp-block-audio\"><audio controls src=\"https:\/\/morenoprimero.com.ar\/wp-content\/uploads\/2020\/10\/audio-8-OK-centro.mp3\"><\/audio><figcaption>Audio 8 Gonzalo Romano<\/figcaption><\/figure>\n\n\n\n<p><strong>MP<\/strong>: <strong>\u00bfC\u00f3mo  articulan con el Comit\u00e9 de Crisis y los Operativos Detectar?&nbsp;<\/strong><\/p>\n\n\n\n<p><strong>GR<\/strong>: Este comit\u00e9 de crisis que en principio se arm\u00f3 para la distribuci\u00f3n de mercader\u00eda a las ollas populares tambi\u00e9n tienen otras funciones,&nbsp;o&nbsp;de hecho, <strong>la idea de construir organizaci\u00f3n popular o comunidad no quiere quedarse solamente en lo urgente o la emergencia de la falta de comida<\/strong>. <strong>La idea es que se pueda ir pasando a otras tareas, que sea una herramienta social y pol\u00edtica para la construcci\u00f3n de una comunidad mejor<\/strong>. <\/p>\n\n\n\n<p>El operativo Detectar es convocado por el municipio, despu\u00e9s se pasa a los comit\u00e9s de crisis de cada localidad, y&nbsp;a trav\u00e9s&nbsp;del comit\u00e9 se convoca a las distintas organizaciones, instituciones, clubes, merenderos, etc\u00e9tera. Se convoca al comit\u00e9 de crisis para tener un trabajo en conjunto, comunitario, y plural, para que el barco vaya para el mismo lado con todos los tripulantes, entonces se convoca a todas las asociaciones civiles de la localidad para que participen y nosotros como tambi\u00e9n somos actores sociales de Paso del Rey estamos ah\u00ed siempre al pie del ca\u00f1\u00f3n participando de las actividades sociales, culturales, y pol\u00edticas que se hagan en la localidad de Paso del Rey.&nbsp;<\/p>\n\n\n\n<figure class=\"wp-block-audio\"><audio controls src=\"https:\/\/morenoprimero.com.ar\/wp-content\/uploads\/2020\/10\/audio-9-centro.mp3\"><\/audio><figcaption>Audio 9 Gonzalo Romano<\/figcaption><\/figure>\n\n\n\n<figure class=\"wp-block-gallery has-nested-images columns-default is-cropped wp-block-gallery-1 is-layout-flex wp-block-gallery-is-layout-flex\">\n<figure class=\"wp-block-image size-large\"><img loading=\"lazy\" decoding=\"async\" width=\"1024\" height=\"683\" data-id=\"3493\" src=\"https:\/\/morenoprimero.com.ar\/wp-content\/uploads\/2020\/10\/60138095_2422375117795591_5490194834062835712_o-1-1024x683.jpg\" alt=\"\" class=\"wp-image-3493\" srcset=\"https:\/\/morenoprimero.com.ar\/archivo\/wp-content\/uploads\/2020\/10\/60138095_2422375117795591_5490194834062835712_o-1-1024x683.jpg 1024w, https:\/\/morenoprimero.com.ar\/archivo\/wp-content\/uploads\/2020\/10\/60138095_2422375117795591_5490194834062835712_o-1-300x200.jpg 300w, https:\/\/morenoprimero.com.ar\/archivo\/wp-content\/uploads\/2020\/10\/60138095_2422375117795591_5490194834062835712_o-1-768x512.jpg 768w, https:\/\/morenoprimero.com.ar\/archivo\/wp-content\/uploads\/2020\/10\/60138095_2422375117795591_5490194834062835712_o-1-1536x1024.jpg 1536w, https:\/\/morenoprimero.com.ar\/archivo\/wp-content\/uploads\/2020\/10\/60138095_2422375117795591_5490194834062835712_o-1.jpg 2048w\" sizes=\"auto, (max-width: 1024px) 100vw, 1024px\" \/><\/figure>\n\n\n\n<figure class=\"wp-block-image size-large\"><img loading=\"lazy\" decoding=\"async\" width=\"1024\" height=\"768\" data-id=\"3494\" src=\"https:\/\/morenoprimero.com.ar\/wp-content\/uploads\/2020\/10\/vm-1024x768.jpg\" alt=\"\" class=\"wp-image-3494\" srcset=\"https:\/\/morenoprimero.com.ar\/archivo\/wp-content\/uploads\/2020\/10\/vm-1024x768.jpg 1024w, https:\/\/morenoprimero.com.ar\/archivo\/wp-content\/uploads\/2020\/10\/vm-300x225.jpg 300w, https:\/\/morenoprimero.com.ar\/archivo\/wp-content\/uploads\/2020\/10\/vm-768x576.jpg 768w, https:\/\/morenoprimero.com.ar\/archivo\/wp-content\/uploads\/2020\/10\/vm.jpg 1280w\" sizes=\"auto, (max-width: 1024px) 100vw, 1024px\" \/><\/figure>\n\n\n\n<figure class=\"wp-block-image size-large\"><img loading=\"lazy\" decoding=\"async\" width=\"720\" height=\"540\" data-id=\"3495\" src=\"https:\/\/morenoprimero.com.ar\/wp-content\/uploads\/2020\/10\/vm2.jpg\" alt=\"\" class=\"wp-image-3495\" srcset=\"https:\/\/morenoprimero.com.ar\/archivo\/wp-content\/uploads\/2020\/10\/vm2.jpg 720w, https:\/\/morenoprimero.com.ar\/archivo\/wp-content\/uploads\/2020\/10\/vm2-300x225.jpg 300w\" sizes=\"auto, (max-width: 720px) 100vw, 720px\" \/><\/figure>\n\n\n\n<figure class=\"wp-block-image size-large\"><img loading=\"lazy\" decoding=\"async\" width=\"1024\" height=\"512\" data-id=\"3496\" src=\"https:\/\/morenoprimero.com.ar\/wp-content\/uploads\/2020\/10\/vm3-1024x512.jpg\" alt=\"\" class=\"wp-image-3496\" srcset=\"https:\/\/morenoprimero.com.ar\/archivo\/wp-content\/uploads\/2020\/10\/vm3-1024x512.jpg 1024w, https:\/\/morenoprimero.com.ar\/archivo\/wp-content\/uploads\/2020\/10\/vm3-300x150.jpg 300w, https:\/\/morenoprimero.com.ar\/archivo\/wp-content\/uploads\/2020\/10\/vm3-768x384.jpg 768w, https:\/\/morenoprimero.com.ar\/archivo\/wp-content\/uploads\/2020\/10\/vm3.jpg 1280w\" sizes=\"auto, (max-width: 1024px) 100vw, 1024px\" \/><\/figure>\n<\/figure>\n","protected":false},"excerpt":{"rendered":"<p>Gonzalo Romano es integrante del Centro Cultural \u00abEl viejo Matias\u00bb de Paso del Rey. En esta conversaci\u00f3n, cuenta como las actividades que se realizan dentro de la asociaci\u00f3n, c\u00f3mo las afect\u00f3 la pandemia y el vinculo que buscan construir con &hellip; <a href=\"https:\/\/morenoprimero.com.ar\/archivo\/el-viejo-matias-un-proyecto-cultural-y-social-de-paso-del-rey\/\">Sigue leyendo <span class=\"meta-nav\">&rarr;<\/span><\/a><\/p>\n","protected":false},"author":6,"featured_media":3492,"comment_status":"closed","ping_status":"closed","sticky":false,"template":"","format":"standard","meta":{"footnotes":""},"categories":[5,20],"tags":[831,6,253],"class_list":["post-3391","post","type-post","status-publish","format-standard","has-post-thumbnail","hentry","category-recomendadas","category-sociedad","tag-centro-cultural-el-viejo-matias","tag-moreno","tag-paso-del-rey"],"_links":{"self":[{"href":"https:\/\/morenoprimero.com.ar\/archivo\/wp-json\/wp\/v2\/posts\/3391","targetHints":{"allow":["GET"]}}],"collection":[{"href":"https:\/\/morenoprimero.com.ar\/archivo\/wp-json\/wp\/v2\/posts"}],"about":[{"href":"https:\/\/morenoprimero.com.ar\/archivo\/wp-json\/wp\/v2\/types\/post"}],"author":[{"embeddable":true,"href":"https:\/\/morenoprimero.com.ar\/archivo\/wp-json\/wp\/v2\/users\/6"}],"replies":[{"embeddable":true,"href":"https:\/\/morenoprimero.com.ar\/archivo\/wp-json\/wp\/v2\/comments?post=3391"}],"version-history":[{"count":12,"href":"https:\/\/morenoprimero.com.ar\/archivo\/wp-json\/wp\/v2\/posts\/3391\/revisions"}],"predecessor-version":[{"id":29600,"href":"https:\/\/morenoprimero.com.ar\/archivo\/wp-json\/wp\/v2\/posts\/3391\/revisions\/29600"}],"wp:featuredmedia":[{"embeddable":true,"href":"https:\/\/morenoprimero.com.ar\/archivo\/wp-json\/wp\/v2\/media\/3492"}],"wp:attachment":[{"href":"https:\/\/morenoprimero.com.ar\/archivo\/wp-json\/wp\/v2\/media?parent=3391"}],"wp:term":[{"taxonomy":"category","embeddable":true,"href":"https:\/\/morenoprimero.com.ar\/archivo\/wp-json\/wp\/v2\/categories?post=3391"},{"taxonomy":"post_tag","embeddable":true,"href":"https:\/\/morenoprimero.com.ar\/archivo\/wp-json\/wp\/v2\/tags?post=3391"}],"curies":[{"name":"wp","href":"https:\/\/api.w.org\/{rel}","templated":true}]}}