{"id":3387,"date":"2020-10-02T17:03:58","date_gmt":"2020-10-02T17:03:58","guid":{"rendered":"https:\/\/morenoprimero.com.ar\/?p=3387"},"modified":"2020-10-02T17:03:59","modified_gmt":"2020-10-02T17:03:59","slug":"axel-kicillof-presento-atr-un-programa-de-acompanamiento-pedagogico","status":"publish","type":"post","link":"https:\/\/morenoprimero.com.ar\/archivo\/axel-kicillof-presento-atr-un-programa-de-acompanamiento-pedagogico\/","title":{"rendered":"AXEL KICILLOF PRESENT\u00d3 \u201cATR\u201d, UN PROGRAMA DE ACOMPA\u00d1AMIENTO PEDAG\u00d3GICO"},"content":{"rendered":"\n<h4 class=\"wp-block-heading\">El Programa de&nbsp;Acompa\u00f1amiento a las Trayectorias y la&nbsp;Revinculaci\u00f3n&nbsp;de Estudiantes apunta a los estudiantes que tuvieron escasa o nula conectividad.&nbsp;<\/h4>\n\n\n\n<p><strong>El plan consiste en ir al domicilio de 279 mil estudiantes de todos los municipios bonaerenses cumpliendo estrictos protocolos sanitarios<\/strong>. Son 70 mil los alumnos que no tuvieron contacto alguno con el sistema educativo mientras que el resto no tuvo una relaci\u00f3n fluida.&nbsp;<\/p>\n\n\n\n<p>&nbsp;&nbsp;<strong>&nbsp;La medida busca enfocarse en los alumnos que necesitan mayor acompa\u00f1amiento pedag\u00f3gico por haber quedado aislados de la escuela debido a las medidas de aislamiento y distanciamiento social y tener poco o nulo acceso a la conectividad.<\/strong>&nbsp;<\/p>\n\n\n\n<p>&nbsp;Para esto, se espera la incorporaci\u00f3n a once mil docentes suplentes que tendr\u00e1n destinado un presupuesto de trescientos millones de pesos. Adem\u00e1s, 35 mil docentes en formaci\u00f3n que tengan estudios avanzados en institutos, recibir\u00e1n una beca de ocho mil pesos, para lo que se invertir\u00e1 340 millones de pesos mensuales.&nbsp;<\/p>\n\n\n\n<figure class=\"wp-block-image size-large\"><img loading=\"lazy\" decoding=\"async\" width=\"1024\" height=\"682\" src=\"https:\/\/morenoprimero.com.ar\/wp-content\/uploads\/2020\/10\/3417228w1033-1024x682.jpg\" alt=\"\" class=\"wp-image-3389\" srcset=\"https:\/\/morenoprimero.com.ar\/archivo\/wp-content\/uploads\/2020\/10\/3417228w1033-1024x682.jpg 1024w, https:\/\/morenoprimero.com.ar\/archivo\/wp-content\/uploads\/2020\/10\/3417228w1033-300x200.jpg 300w, https:\/\/morenoprimero.com.ar\/archivo\/wp-content\/uploads\/2020\/10\/3417228w1033-768x512.jpg 768w, https:\/\/morenoprimero.com.ar\/archivo\/wp-content\/uploads\/2020\/10\/3417228w1033.jpg 1033w\" sizes=\"auto, (max-width: 1024px) 100vw, 1024px\" \/><\/figure>\n\n\n\n<p>\u00abNo funciona llevar a chicos a las escuelas o a las plazas en zonas de alta circulaci\u00f3n del virus. No hay que exponer a los chicos a riesgo, ni a contagios,&nbsp;<strong>hay que ir a buscar a los que perdieron la continuidad pedag\u00f3gica y llevarles la escuela a sus casas\u00bb<\/strong>, expres\u00f3 Kicillof al diferenciarse de las pol\u00edticas planeadas en materia educativa por el Gobierno porte\u00f1o.&nbsp;<\/p>\n","protected":false},"excerpt":{"rendered":"<p>El Programa de&nbsp;Acompa\u00f1amiento a las Trayectorias y la&nbsp;Revinculaci\u00f3n&nbsp;de Estudiantes apunta a los estudiantes que tuvieron escasa o nula conectividad.&nbsp; El plan consiste en ir al domicilio de 279 mil estudiantes de todos los municipios bonaerenses cumpliendo estrictos protocolos sanitarios. Son &hellip; <a href=\"https:\/\/morenoprimero.com.ar\/archivo\/axel-kicillof-presento-atr-un-programa-de-acompanamiento-pedagogico\/\">Sigue leyendo <span class=\"meta-nav\">&rarr;<\/span><\/a><\/p>\n","protected":false},"author":6,"featured_media":3388,"comment_status":"open","ping_status":"open","sticky":false,"template":"","format":"standard","meta":{"footnotes":""},"categories":[578,5,20],"tags":[192,72,60],"class_list":["post-3387","post","type-post","status-publish","format-standard","has-post-thumbnail","hentry","category-educacion","category-recomendadas","category-sociedad","tag-educacion-publica","tag-kicillof","tag-provincia-de-buenos-aires"],"_links":{"self":[{"href":"https:\/\/morenoprimero.com.ar\/archivo\/wp-json\/wp\/v2\/posts\/3387","targetHints":{"allow":["GET"]}}],"collection":[{"href":"https:\/\/morenoprimero.com.ar\/archivo\/wp-json\/wp\/v2\/posts"}],"about":[{"href":"https:\/\/morenoprimero.com.ar\/archivo\/wp-json\/wp\/v2\/types\/post"}],"author":[{"embeddable":true,"href":"https:\/\/morenoprimero.com.ar\/archivo\/wp-json\/wp\/v2\/users\/6"}],"replies":[{"embeddable":true,"href":"https:\/\/morenoprimero.com.ar\/archivo\/wp-json\/wp\/v2\/comments?post=3387"}],"version-history":[{"count":2,"href":"https:\/\/morenoprimero.com.ar\/archivo\/wp-json\/wp\/v2\/posts\/3387\/revisions"}],"predecessor-version":[{"id":3489,"href":"https:\/\/morenoprimero.com.ar\/archivo\/wp-json\/wp\/v2\/posts\/3387\/revisions\/3489"}],"wp:featuredmedia":[{"embeddable":true,"href":"https:\/\/morenoprimero.com.ar\/archivo\/wp-json\/wp\/v2\/media\/3388"}],"wp:attachment":[{"href":"https:\/\/morenoprimero.com.ar\/archivo\/wp-json\/wp\/v2\/media?parent=3387"}],"wp:term":[{"taxonomy":"category","embeddable":true,"href":"https:\/\/morenoprimero.com.ar\/archivo\/wp-json\/wp\/v2\/categories?post=3387"},{"taxonomy":"post_tag","embeddable":true,"href":"https:\/\/morenoprimero.com.ar\/archivo\/wp-json\/wp\/v2\/tags?post=3387"}],"curies":[{"name":"wp","href":"https:\/\/api.w.org\/{rel}","templated":true}]}}