{"id":33698,"date":"2022-10-31T17:54:03","date_gmt":"2022-10-31T20:54:03","guid":{"rendered":"https:\/\/morenoprimero.com.ar\/?p=33698"},"modified":"2022-10-31T18:02:29","modified_gmt":"2022-10-31T21:02:29","slug":"mas-de-500-jovenes-estuvieron-en-el-encuentro-de-participacion-estudiantil","status":"publish","type":"post","link":"https:\/\/morenoprimero.com.ar\/archivo\/mas-de-500-jovenes-estuvieron-en-el-encuentro-de-participacion-estudiantil\/","title":{"rendered":"M\u00e1s de 500 j\u00f3venes estuvieron en el Encuentro de Participaci\u00f3n Estudiantil"},"content":{"rendered":"\n<p>La gesti\u00f3n municipal, a trav\u00e9s de la subsecretar\u00eda de Educaci\u00f3n, llev\u00f3 adelante el primer Encuentro de Participaci\u00f3n Estudiantil con el fin de fomentar el encuentro y debate entre las juventudes del distrito. La jornada se desarroll\u00f3 bajo el lema \u201cCon voz propia\u201d, en donde se congregaron cientos de j\u00f3venes para conocerse, intercambiar y reflexionar sobre ideas de su inter\u00e9s.<\/p>\n\n\n\n<p>M\u00e1s de 500 j\u00f3venes de Escuelas P\u00fablicas se congregaron en el Polideportivo Catonas para conocerse y reflexionar sobre ideas que son de su inter\u00e9s. En las distintas comisiones, debatieron sobre g\u00e9nero y Educaci\u00f3n Sexual Integral; ambiente; convivencia digital; participaci\u00f3n ciudadana; j\u00f3venes y trabajo; inclusi\u00f3n educativa; j\u00f3venes y cuidados psicol\u00f3gicos y f\u00edsicos; derechos humanos; y proyectos de vida.<\/p>\n\n\n\n<p>La apertura de la jornada fue encabezada por la intendenta Mariel Fern\u00e1ndez, la jefa distrital Karina Ram\u00edrez y la subsecretaria de Educaci\u00f3n, Cynthia Mu\u00f1oz. Tambi\u00e9n estuvieron presentes autoridades municipales, sindicales y representantes de las comunidades educativas.<\/p>\n\n\n\n<p>En este marco, la jefa comunal agradeci\u00f3 la participaci\u00f3n de las y los j\u00f3venes y el compromiso de los docentes, y aprovech\u00f3 la oportunidad para reflexionar sobre el acoso escolar: \u201cUstedes est\u00e1n pasando un momento hermoso que es la juventud, que es poder encontrarse en la escuela y cada uno carga con sus mochilas, con su historia en su familia porque la vida no es f\u00e1cil; hay chicos que tienen dificultades en sus casas, su barrio, la situaci\u00f3n econ\u00f3mica es dif\u00edcil. Les pido que nos cuidemos entre todos para que todos nos sintamos bien.\u201d<\/p>\n\n\n\n<p>\u201cTrabajamos mucho en cuidarlos a ustedes, sabemos que todav\u00eda falta un mont\u00f3n, pero hacemos un esfuerzo muy grande para que todo el fondo educativo que llega a las escuelas, todo lo que podemos gestionar desde la provincia de Buenos Aires y la naci\u00f3n sea para ustedes, para que puedan trabajar c\u00f3modos, est\u00e9n felices y que su preocupaci\u00f3n \u00fanicamente sea el estudio. Nosotros los cuidamos y les pido que entre ustedes se cuiden. Acomp\u00e1\u00f1ense y qui\u00e9ranse mucho\u201d, destac\u00f3 Mariel.<\/p>\n\n\n\n<figure class=\"wp-block-gallery has-nested-images columns-default is-cropped wp-block-gallery-1 is-layout-flex wp-block-gallery-is-layout-flex\">\n<figure class=\"wp-block-image size-large\"><a href=\"https:\/\/morenoprimero.com.ar\/wp-content\/uploads\/2022\/10\/WhatsApp-Image-2022-10-31-at-1.39.20-PM.jpeg\"><img loading=\"lazy\" decoding=\"async\" width=\"1280\" height=\"853\" data-id=\"33702\" src=\"https:\/\/morenoprimero.com.ar\/wp-content\/uploads\/2022\/10\/WhatsApp-Image-2022-10-31-at-1.39.20-PM.jpeg\" alt=\"\" class=\"wp-image-33702\" srcset=\"https:\/\/morenoprimero.com.ar\/archivo\/wp-content\/uploads\/2022\/10\/WhatsApp-Image-2022-10-31-at-1.39.20-PM.jpeg 1280w, https:\/\/morenoprimero.com.ar\/archivo\/wp-content\/uploads\/2022\/10\/WhatsApp-Image-2022-10-31-at-1.39.20-PM-300x200.jpeg 300w, https:\/\/morenoprimero.com.ar\/archivo\/wp-content\/uploads\/2022\/10\/WhatsApp-Image-2022-10-31-at-1.39.20-PM-1024x682.jpeg 1024w, https:\/\/morenoprimero.com.ar\/archivo\/wp-content\/uploads\/2022\/10\/WhatsApp-Image-2022-10-31-at-1.39.20-PM-768x512.jpeg 768w\" sizes=\"auto, (max-width: 1280px) 100vw, 1280px\" \/><\/a><\/figure>\n\n\n\n<figure class=\"wp-block-image size-large\"><a href=\"https:\/\/morenoprimero.com.ar\/wp-content\/uploads\/2022\/10\/WhatsApp-Image-2022-10-31-at-1.39.20-PM-1.jpeg\"><img loading=\"lazy\" decoding=\"async\" width=\"1280\" height=\"853\" data-id=\"33701\" src=\"https:\/\/morenoprimero.com.ar\/wp-content\/uploads\/2022\/10\/WhatsApp-Image-2022-10-31-at-1.39.20-PM-1.jpeg\" alt=\"\" class=\"wp-image-33701\" srcset=\"https:\/\/morenoprimero.com.ar\/archivo\/wp-content\/uploads\/2022\/10\/WhatsApp-Image-2022-10-31-at-1.39.20-PM-1.jpeg 1280w, https:\/\/morenoprimero.com.ar\/archivo\/wp-content\/uploads\/2022\/10\/WhatsApp-Image-2022-10-31-at-1.39.20-PM-1-300x200.jpeg 300w, https:\/\/morenoprimero.com.ar\/archivo\/wp-content\/uploads\/2022\/10\/WhatsApp-Image-2022-10-31-at-1.39.20-PM-1-1024x682.jpeg 1024w, https:\/\/morenoprimero.com.ar\/archivo\/wp-content\/uploads\/2022\/10\/WhatsApp-Image-2022-10-31-at-1.39.20-PM-1-768x512.jpeg 768w\" sizes=\"auto, (max-width: 1280px) 100vw, 1280px\" \/><\/a><\/figure>\n\n\n\n<figure class=\"wp-block-image size-large\"><a href=\"https:\/\/morenoprimero.com.ar\/wp-content\/uploads\/2022\/10\/WhatsApp-Image-2022-10-31-at-1.39.20-PM-2.jpeg\"><img loading=\"lazy\" decoding=\"async\" width=\"1280\" height=\"853\" data-id=\"33700\" src=\"https:\/\/morenoprimero.com.ar\/wp-content\/uploads\/2022\/10\/WhatsApp-Image-2022-10-31-at-1.39.20-PM-2.jpeg\" alt=\"\" class=\"wp-image-33700\" srcset=\"https:\/\/morenoprimero.com.ar\/archivo\/wp-content\/uploads\/2022\/10\/WhatsApp-Image-2022-10-31-at-1.39.20-PM-2.jpeg 1280w, https:\/\/morenoprimero.com.ar\/archivo\/wp-content\/uploads\/2022\/10\/WhatsApp-Image-2022-10-31-at-1.39.20-PM-2-300x200.jpeg 300w, https:\/\/morenoprimero.com.ar\/archivo\/wp-content\/uploads\/2022\/10\/WhatsApp-Image-2022-10-31-at-1.39.20-PM-2-1024x682.jpeg 1024w, https:\/\/morenoprimero.com.ar\/archivo\/wp-content\/uploads\/2022\/10\/WhatsApp-Image-2022-10-31-at-1.39.20-PM-2-768x512.jpeg 768w\" sizes=\"auto, (max-width: 1280px) 100vw, 1280px\" \/><\/a><\/figure>\n<\/figure>\n\n\n\n<p><\/p>\n\n\n\n<p>\u201cEstamos sumamente felices con el municipio por este espacio maravilloso, hoy vamos a escucharnos. Es muy importante la voz de ustedes para nosotros, es una posibilidad muy enriquecedora de poner en valor todo lo que ustedes saben y tienen para decirnos. Este es el inicio de todos los encuentros que se van a ir dando\u201d, afirm\u00f3 la jefa distrital.<\/p>\n\n\n\n<p>Sobre el encuentro, Yolanda Borges, estudiante de la Escuela N\u00b065, expres\u00f3 que \u00abeste encuentro es bueno ya que nos podemos conocer entre todos y los talleres concientizan demasiado. Aprendemos m\u00e1s cosas que tal vez no sab\u00edamos y conocemos m\u00e1s a las personas y sus pensamientos. Tambi\u00e9n podemos conocer los proyectos de vida de cada uno, como podemos cuidar el ambiente y otras cosas similares\u201d.<\/p>\n\n\n\n<p>Por su parte, Rom\u00e1n cruce\u00f1o, estudiante de la Escuela N\u00b072, agreg\u00f3: \u201cHablamos mucho de c\u00f3mo es el voto y como relacionarnos con las personas. Es hermoso que los estudiantes podamos hablar con otros estudiantes y podamos conversar y dar ideas y soluciones para los conflictos que est\u00e1n pasando hoy en d\u00eda en el pa\u00eds\u201d.<\/p>\n\n\n\n<p>Este encuentro les permiti\u00f3 a las y los j\u00f3venes exponer sus realidades y generar diversas propuestas. De esta forma, el gobierno municipal visibiliza y prioriza la voz de las juventudes y las y los incorpora en la construcci\u00f3n de un Moreno mejor para toda la comunidad.<\/p>\n","protected":false},"excerpt":{"rendered":"<p>La gesti\u00f3n municipal, a trav\u00e9s de la subsecretar\u00eda de Educaci\u00f3n, llev\u00f3 adelante el primer Encuentro de Participaci\u00f3n Estudiantil con el fin de fomentar el encuentro y debate entre las juventudes del distrito. La jornada se desarroll\u00f3 bajo el lema \u201cCon &hellip; <a href=\"https:\/\/morenoprimero.com.ar\/archivo\/mas-de-500-jovenes-estuvieron-en-el-encuentro-de-participacion-estudiantil\/\">Sigue leyendo <span class=\"meta-nav\">&rarr;<\/span><\/a><\/p>\n","protected":false},"author":6,"featured_media":33703,"comment_status":"closed","ping_status":"closed","sticky":false,"template":"","format":"standard","meta":{"footnotes":""},"categories":[2328],"tags":[4309,6],"class_list":["post-33698","post","type-post","status-publish","format-standard","has-post-thumbnail","hentry","category-local","tag-1er-encuentro-de-participacion-estudiantil","tag-moreno"],"_links":{"self":[{"href":"https:\/\/morenoprimero.com.ar\/archivo\/wp-json\/wp\/v2\/posts\/33698","targetHints":{"allow":["GET"]}}],"collection":[{"href":"https:\/\/morenoprimero.com.ar\/archivo\/wp-json\/wp\/v2\/posts"}],"about":[{"href":"https:\/\/morenoprimero.com.ar\/archivo\/wp-json\/wp\/v2\/types\/post"}],"author":[{"embeddable":true,"href":"https:\/\/morenoprimero.com.ar\/archivo\/wp-json\/wp\/v2\/users\/6"}],"replies":[{"embeddable":true,"href":"https:\/\/morenoprimero.com.ar\/archivo\/wp-json\/wp\/v2\/comments?post=33698"}],"version-history":[{"count":5,"href":"https:\/\/morenoprimero.com.ar\/archivo\/wp-json\/wp\/v2\/posts\/33698\/revisions"}],"predecessor-version":[{"id":33717,"href":"https:\/\/morenoprimero.com.ar\/archivo\/wp-json\/wp\/v2\/posts\/33698\/revisions\/33717"}],"wp:featuredmedia":[{"embeddable":true,"href":"https:\/\/morenoprimero.com.ar\/archivo\/wp-json\/wp\/v2\/media\/33703"}],"wp:attachment":[{"href":"https:\/\/morenoprimero.com.ar\/archivo\/wp-json\/wp\/v2\/media?parent=33698"}],"wp:term":[{"taxonomy":"category","embeddable":true,"href":"https:\/\/morenoprimero.com.ar\/archivo\/wp-json\/wp\/v2\/categories?post=33698"},{"taxonomy":"post_tag","embeddable":true,"href":"https:\/\/morenoprimero.com.ar\/archivo\/wp-json\/wp\/v2\/tags?post=33698"}],"curies":[{"name":"wp","href":"https:\/\/api.w.org\/{rel}","templated":true}]}}