{"id":33052,"date":"2022-10-07T12:21:41","date_gmt":"2022-10-07T15:21:41","guid":{"rendered":"https:\/\/morenoprimero.com.ar\/?p=33052"},"modified":"2022-10-07T12:21:41","modified_gmt":"2022-10-07T15:21:41","slug":"el-oeste-pisa-fuerte-en-la-escena-urbana","status":"publish","type":"post","link":"https:\/\/morenoprimero.com.ar\/archivo\/el-oeste-pisa-fuerte-en-la-escena-urbana\/","title":{"rendered":"El Oeste pisa fuerte en la escena urbana"},"content":{"rendered":"\n<p>Si hay algo que est\u00e1 emergiendo desde la zona oeste del conurbano bonaerense, este \u00faltimo tiempo, es la presencia de artistas emergentes locales que van acaparando la escena urbana nacional. Rojas SJ, artista morenense, cuenta a Moreno Primero como fue el recorrido de comenzar a tirar freestyle en plazas hasta producir sus propios videos musicales.<\/p>\n\n\n\n<p>Nacido y criado en el barrio San Jorge del partido de Moreno, Rojas SJ siempre ha estado familiarizado con la m\u00fasica, particularmente nacional. Entre los tantos artistas que sonaban en su hogar, la m\u00fasica de Andr\u00e9s Calamaro y Charly Garc\u00eda son los que m\u00e1s frecuentaban sus padres.<\/p>\n\n\n\n<p>A la edad de 6 a\u00f1os el artista morenense comenz\u00f3 a incursionar en la escritura: \u201c<strong>Me acuerdo que sol\u00eda escribir y llenar cuadernos de letras sobre lo que vivenciaba, hasta que un d\u00eda mis primos me muestran Hip-Hop en espa\u00f1ol y as\u00ed empec\u00e9 a rapear<\/strong>\u201d. As\u00ed fue que, a los 11 a\u00f1os, junto a sus compa\u00f1eros de escuela, compet\u00edan en mini batallas de freestyle, y ya a los 15 a\u00f1os era frecuente su paso en las batallas que se realizaban en las plazas locales. Sin embargo, el freestyle solo fue una entrada a un mundo mucho m\u00e1s amplio y lleno de matices. \u201c<strong>Siempre me atrap\u00f3 la m\u00fasica y estaba m\u00e1s concentrado en hacer melod\u00edas que en batallar<\/strong>\u201d, afirma Rojas SJ.<\/p>\n\n\n\n<p>Con tan solo 16 a\u00f1os lanza su primer EP (reproducci\u00f3n extendida, en espa\u00f1ol) titulado \u201cISS\u201d, la cual fue remasterizada y con varios featurings. El trabajo en este tipo de \u00e1lbum musical se produjo en conjunto con \u00abDreiko\u00bb, un productor de 15 a\u00f1os, con el cual el joven artista realizo grandes lanzamientos como \u00abNew York\u201d, \u00abKarma\u00bb, entre otros.<\/p>\n\n\n\n<p>Aunque, el boom y por el cual comenz\u00f3 a ser reconocido, fue con \u00abNo quieras volver\u201d producido por \u00abKouro\u201d. Se trataba de un tema de reggaet\u00f3n pegadizo, acompa\u00f1ado de un video casero, que sali\u00f3 en 15 minutos de freestyle.<\/p>\n\n\n\n<p>En cuanto a los estilos que van variando los artistas de la escena urbana, Rojas SJ expresa que no tiene un estilo definido en particular, \u201c<strong>por un lado me gusta que la gente no pueda encasillarme ya que pueden escuchar un trap, como un reggaet\u00f3n o un R&amp;B m\u00edo<\/strong>\u201d. A lo que agrega: \u201c<strong>Soy muy curioso con respecto a la m\u00fasica, siento la necesidad de probar todos los estilos o g\u00e9neros. Tengo temas de rock en la plataforma de Soundcloud y seguramente haga un \u00e1lbum de rock m\u00e1s adelante<\/strong>\u201d.<\/p>\n\n\n\n<p>En relaci\u00f3n a los festivales urbanos masivos que congregan a miles de personas, especialmente j\u00f3venes, el artista del barrio San Jorge dice: \u201c<strong>Siento que eventos como el \u00abFU\u00bb dan el espacio, la oportunidad y un impulso enorme para artistas emergentes como yo. Estoy practicando much\u00edsimo para que cuando llegue el momento de estar en un evento de tal magnitud, pueda darlo todo y que la gente se lleve una esencia de mi<\/strong>\u201d.<\/p>\n\n\n\n<figure class=\"wp-block-gallery has-nested-images columns-default is-cropped wp-block-gallery-1 is-layout-flex wp-block-gallery-is-layout-flex\">\n<figure class=\"wp-block-image size-large\"><a href=\"https:\/\/morenoprimero.com.ar\/wp-content\/uploads\/2022\/10\/WhatsApp-Image-2022-10-06-at-22.26.17.jpeg\"><img loading=\"lazy\" decoding=\"async\" width=\"960\" height=\"960\" data-id=\"33054\" src=\"https:\/\/morenoprimero.com.ar\/wp-content\/uploads\/2022\/10\/WhatsApp-Image-2022-10-06-at-22.26.17.jpeg\" alt=\"\" class=\"wp-image-33054\" srcset=\"https:\/\/morenoprimero.com.ar\/archivo\/wp-content\/uploads\/2022\/10\/WhatsApp-Image-2022-10-06-at-22.26.17.jpeg 960w, https:\/\/morenoprimero.com.ar\/archivo\/wp-content\/uploads\/2022\/10\/WhatsApp-Image-2022-10-06-at-22.26.17-300x300.jpeg 300w, https:\/\/morenoprimero.com.ar\/archivo\/wp-content\/uploads\/2022\/10\/WhatsApp-Image-2022-10-06-at-22.26.17-150x150.jpeg 150w, https:\/\/morenoprimero.com.ar\/archivo\/wp-content\/uploads\/2022\/10\/WhatsApp-Image-2022-10-06-at-22.26.17-768x768.jpeg 768w\" sizes=\"auto, (max-width: 960px) 100vw, 960px\" \/><\/a><\/figure>\n\n\n\n<figure class=\"wp-block-image size-large\"><a href=\"https:\/\/morenoprimero.com.ar\/wp-content\/uploads\/2022\/10\/WhatsApp-Image-2022-10-06-at-22.25.56.jpeg\"><img loading=\"lazy\" decoding=\"async\" width=\"1024\" height=\"745\" data-id=\"33055\" src=\"https:\/\/morenoprimero.com.ar\/wp-content\/uploads\/2022\/10\/WhatsApp-Image-2022-10-06-at-22.25.56-1024x745.jpeg\" alt=\"\" class=\"wp-image-33055\" srcset=\"https:\/\/morenoprimero.com.ar\/archivo\/wp-content\/uploads\/2022\/10\/WhatsApp-Image-2022-10-06-at-22.25.56-1024x745.jpeg 1024w, https:\/\/morenoprimero.com.ar\/archivo\/wp-content\/uploads\/2022\/10\/WhatsApp-Image-2022-10-06-at-22.25.56-300x218.jpeg 300w, https:\/\/morenoprimero.com.ar\/archivo\/wp-content\/uploads\/2022\/10\/WhatsApp-Image-2022-10-06-at-22.25.56-768x558.jpeg 768w, https:\/\/morenoprimero.com.ar\/archivo\/wp-content\/uploads\/2022\/10\/WhatsApp-Image-2022-10-06-at-22.25.56.jpeg 1180w\" sizes=\"auto, (max-width: 1024px) 100vw, 1024px\" \/><\/a><\/figure>\n<\/figure>\n\n\n\n<p><\/p>\n\n\n\n<p>No obstante, hay muchas complejidades a la hora de crear y producir m\u00fasica, m\u00e1s a\u00fan de manera autogestiva. \u201c<strong>Son muchos los obst\u00e1culos que hay en el universo musical, y es necesario aprender a moverse por todos lados y estar en todos lados. Yo sigo aprendiendo todav\u00eda, soy consciente de que la experiencia te va alimentando. Las claves que siempre me repito son: cuerpo, alma, mente y autogesti\u00f3n<\/strong>\u201d, asegura Rojas SJ.<\/p>\n\n\n\n<p>La primera presentaci\u00f3n del artista local fue hace 4 meses en la plaza Manuel Belgrano, frente de la Municipalidad de Moreno. Y su \u00faltima tuvo lugar en el \u00abTeatro Gran Ituzaingo\u00bb, donde abri\u00f3 el show. \u201c<strong>Fue mi primer teatro y estaba llen\u00edsimo de gente. La verdad fue una experiencia enorme ver a la gente d\u00e1ndome toda esa energ\u00eda y pidi\u00e9ndome fotos. Me sent\u00eda orgulloso de cada logro<\/strong>\u201d, comenta.<\/p>\n\n\n\n<p>Este viernes 7 de octubre se estrena su cuarto video oficial titulado \u201cMisi\u00f3n Imposible\u201d. El cantante morenense, ante esto, afirma: \u201c<strong>Tengo las expectativas altas, pero, como siempre, con los pies en la tierra, atento a cada jugada<\/strong>\u201d. Y agrega: \u201c<strong>Es un tema con una muy buena actitud y un cambio enorme en m\u00ed, es un tema de reggaet\u00f3n el cual grabamos en Vicente L\u00f3pez<\/strong>\u201d.<\/p>\n\n\n\n<p>Reflexionando sobre todo lo que fue logrando en su carrera musical, expresa: \u201c<strong>Siento que las cosas cada vez van m\u00e1s r\u00e1pido, a mitad de a\u00f1o arranque a dar shows y hasta ahora llevo 23 shows. Esto significa un logro enorme para m\u00ed<\/strong>\u201d.<\/p>\n\n\n\n<p>Las pr\u00f3ximas fechas que va a estar present\u00e1ndose son el 8 de octubre en la plaza de la estaci\u00f3n de Paso del Rey, juntos a otros artistas, y el 22 de octubre en Urban Night de Ituzaingo.<\/p>\n","protected":false},"excerpt":{"rendered":"<p>Si hay algo que est\u00e1 emergiendo desde la zona oeste del conurbano bonaerense, este \u00faltimo tiempo, es la presencia de artistas emergentes locales que van acaparando la escena urbana nacional. Rojas SJ, artista morenense, cuenta a Moreno Primero como fue &hellip; <a href=\"https:\/\/morenoprimero.com.ar\/archivo\/el-oeste-pisa-fuerte-en-la-escena-urbana\/\">Sigue leyendo <span class=\"meta-nav\">&rarr;<\/span><\/a><\/p>\n","protected":false},"author":6,"featured_media":33053,"comment_status":"closed","ping_status":"closed","sticky":false,"template":"","format":"standard","meta":{"footnotes":""},"categories":[21],"tags":[4278,4277],"class_list":["post-33052","post","type-post","status-publish","format-standard","has-post-thumbnail","hentry","category-interes-general","tag-escena-urbana","tag-rojas-sj"],"_links":{"self":[{"href":"https:\/\/morenoprimero.com.ar\/archivo\/wp-json\/wp\/v2\/posts\/33052","targetHints":{"allow":["GET"]}}],"collection":[{"href":"https:\/\/morenoprimero.com.ar\/archivo\/wp-json\/wp\/v2\/posts"}],"about":[{"href":"https:\/\/morenoprimero.com.ar\/archivo\/wp-json\/wp\/v2\/types\/post"}],"author":[{"embeddable":true,"href":"https:\/\/morenoprimero.com.ar\/archivo\/wp-json\/wp\/v2\/users\/6"}],"replies":[{"embeddable":true,"href":"https:\/\/morenoprimero.com.ar\/archivo\/wp-json\/wp\/v2\/comments?post=33052"}],"version-history":[{"count":2,"href":"https:\/\/morenoprimero.com.ar\/archivo\/wp-json\/wp\/v2\/posts\/33052\/revisions"}],"predecessor-version":[{"id":33065,"href":"https:\/\/morenoprimero.com.ar\/archivo\/wp-json\/wp\/v2\/posts\/33052\/revisions\/33065"}],"wp:featuredmedia":[{"embeddable":true,"href":"https:\/\/morenoprimero.com.ar\/archivo\/wp-json\/wp\/v2\/media\/33053"}],"wp:attachment":[{"href":"https:\/\/morenoprimero.com.ar\/archivo\/wp-json\/wp\/v2\/media?parent=33052"}],"wp:term":[{"taxonomy":"category","embeddable":true,"href":"https:\/\/morenoprimero.com.ar\/archivo\/wp-json\/wp\/v2\/categories?post=33052"},{"taxonomy":"post_tag","embeddable":true,"href":"https:\/\/morenoprimero.com.ar\/archivo\/wp-json\/wp\/v2\/tags?post=33052"}],"curies":[{"name":"wp","href":"https:\/\/api.w.org\/{rel}","templated":true}]}}