{"id":33035,"date":"2022-10-06T20:06:09","date_gmt":"2022-10-06T23:06:09","guid":{"rendered":"https:\/\/morenoprimero.com.ar\/?p=33035"},"modified":"2022-10-06T20:07:14","modified_gmt":"2022-10-06T23:07:14","slug":"continua-la-colocacion-de-reductores-de-velocidad","status":"publish","type":"post","link":"https:\/\/morenoprimero.com.ar\/archivo\/continua-la-colocacion-de-reductores-de-velocidad\/","title":{"rendered":"Contin\u00faa la colocaci\u00f3n de reductores de velocidad"},"content":{"rendered":"\n<p>El Municipio de Moreno, a trav\u00e9s de la Subsecretar\u00eda de Tr\u00e1nsito y Transporte, durante el mes de septiembre instal\u00f3 394 metros acumulados de reductores de velocidad para mejorar la seguridad vial.<\/p>\n\n\n\n<p>Se colocaron reductores de velocidad en la localidad de La Reja, en las calles: Padre Fahy y Monsegur, Campichuelo y Ambrosetti, San Jos\u00e9 y Ambrosetti, Tschiffely y Padre Fahy, San Pablo y Padre Fahy, Monsegur y Padre Fahy, San Juan y Padre Fahy, San Lorenzo y Padre Fahy, Rocha Blaquier y Belisario Rold\u00e1n, Ruta 7 y Rold\u00e1n, Ambrosetti y San Lorenzo, La Madre y Victorino de la Plaza, Irlanda y Victorino de la Plaza.<\/p>\n\n\n\n<p>En la localidad de Trujui, en: Quintana y Vicente Ya\u00f1ez Pinz\u00f3n, Rosario y Vicente Ya\u00f1ez Pinz\u00f3n.<br>Y en las calles de Moreno Centro y Sur: Esteban De Luca y Luciano De La Vega, Luciano De La Vega y Emilio Mitre, Teniente Iba\u00f1ez y Hip\u00f3lito Yrigoyen, Martin Fierro y Rosset, Martin Fierro y Tucum\u00e1n, Rosset y Paisand\u00fa, J.J. Paso y Marcos Paz, Las Heras y Shakespeare, Uspallata y Shakespeare, Paraguay y Shakespeare, Ecuador y Shakespeare, Toledo y Shakespeare, Guti\u00e9rrez y Shakespeare, G\u00e1lvez y Shakespeare, De La Vega y Diagonal Del Ca\u00f1\u00f3n, Lavoisier y Del Ca\u00f1\u00f3n.<\/p>\n\n\n\n<p>Con el objetivo de mejorar la seguridad vial el municipio sigue instalando reductores de velocidad en los lugares donde se detecte que no se respeta las velocidades permitidas y haya mayor circulaci\u00f3n de peatones, d\u00e1ndole mayor prioridad de colocaci\u00f3n a las escuelas, unidades sanitarias, plazas y cruces peligrosos.<\/p>\n\n\n\n<figure class=\"wp-block-image size-large\"><a href=\"https:\/\/morenoprimero.com.ar\/wp-content\/uploads\/2022\/10\/WhatsApp-Image-2022-10-06-at-14.15.18.jpeg\"><img loading=\"lazy\" decoding=\"async\" width=\"1024\" height=\"682\" src=\"https:\/\/morenoprimero.com.ar\/wp-content\/uploads\/2022\/10\/WhatsApp-Image-2022-10-06-at-14.15.18-1024x682.jpeg\" alt=\"\" class=\"wp-image-33037\" srcset=\"https:\/\/morenoprimero.com.ar\/archivo\/wp-content\/uploads\/2022\/10\/WhatsApp-Image-2022-10-06-at-14.15.18-1024x682.jpeg 1024w, https:\/\/morenoprimero.com.ar\/archivo\/wp-content\/uploads\/2022\/10\/WhatsApp-Image-2022-10-06-at-14.15.18-300x200.jpeg 300w, https:\/\/morenoprimero.com.ar\/archivo\/wp-content\/uploads\/2022\/10\/WhatsApp-Image-2022-10-06-at-14.15.18-768x511.jpeg 768w, https:\/\/morenoprimero.com.ar\/archivo\/wp-content\/uploads\/2022\/10\/WhatsApp-Image-2022-10-06-at-14.15.18.jpeg 1280w\" sizes=\"auto, (max-width: 1024px) 100vw, 1024px\" \/><\/a><\/figure>\n","protected":false},"excerpt":{"rendered":"<p>El Municipio de Moreno, a trav\u00e9s de la Subsecretar\u00eda de Tr\u00e1nsito y Transporte, durante el mes de septiembre instal\u00f3 394 metros acumulados de reductores de velocidad para mejorar la seguridad vial. Se colocaron reductores de velocidad en la localidad de &hellip; <a href=\"https:\/\/morenoprimero.com.ar\/archivo\/continua-la-colocacion-de-reductores-de-velocidad\/\">Sigue leyendo <span class=\"meta-nav\">&rarr;<\/span><\/a><\/p>\n","protected":false},"author":6,"featured_media":33036,"comment_status":"closed","ping_status":"closed","sticky":false,"template":"","format":"standard","meta":{"footnotes":""},"categories":[2328],"tags":[1912,4133],"class_list":["post-33035","post","type-post","status-publish","format-standard","has-post-thumbnail","hentry","category-local","tag-obras-publicas-2","tag-subsecretaria-de-transito-y-transporte-2"],"_links":{"self":[{"href":"https:\/\/morenoprimero.com.ar\/archivo\/wp-json\/wp\/v2\/posts\/33035","targetHints":{"allow":["GET"]}}],"collection":[{"href":"https:\/\/morenoprimero.com.ar\/archivo\/wp-json\/wp\/v2\/posts"}],"about":[{"href":"https:\/\/morenoprimero.com.ar\/archivo\/wp-json\/wp\/v2\/types\/post"}],"author":[{"embeddable":true,"href":"https:\/\/morenoprimero.com.ar\/archivo\/wp-json\/wp\/v2\/users\/6"}],"replies":[{"embeddable":true,"href":"https:\/\/morenoprimero.com.ar\/archivo\/wp-json\/wp\/v2\/comments?post=33035"}],"version-history":[{"count":3,"href":"https:\/\/morenoprimero.com.ar\/archivo\/wp-json\/wp\/v2\/posts\/33035\/revisions"}],"predecessor-version":[{"id":33051,"href":"https:\/\/morenoprimero.com.ar\/archivo\/wp-json\/wp\/v2\/posts\/33035\/revisions\/33051"}],"wp:featuredmedia":[{"embeddable":true,"href":"https:\/\/morenoprimero.com.ar\/archivo\/wp-json\/wp\/v2\/media\/33036"}],"wp:attachment":[{"href":"https:\/\/morenoprimero.com.ar\/archivo\/wp-json\/wp\/v2\/media?parent=33035"}],"wp:term":[{"taxonomy":"category","embeddable":true,"href":"https:\/\/morenoprimero.com.ar\/archivo\/wp-json\/wp\/v2\/categories?post=33035"},{"taxonomy":"post_tag","embeddable":true,"href":"https:\/\/morenoprimero.com.ar\/archivo\/wp-json\/wp\/v2\/tags?post=33035"}],"curies":[{"name":"wp","href":"https:\/\/api.w.org\/{rel}","templated":true}]}}