{"id":32991,"date":"2022-10-06T08:02:26","date_gmt":"2022-10-06T11:02:26","guid":{"rendered":"https:\/\/morenoprimero.com.ar\/?p=32991"},"modified":"2022-10-06T08:02:26","modified_gmt":"2022-10-06T11:02:26","slug":"la-provincia-de-buenos-aires-hara-un-aporte-de-casi-5-000-millones-para-200-cooperativas-electricas","status":"publish","type":"post","link":"https:\/\/morenoprimero.com.ar\/archivo\/la-provincia-de-buenos-aires-hara-un-aporte-de-casi-5-000-millones-para-200-cooperativas-electricas\/","title":{"rendered":"La provincia de Buenos Aires har\u00e1 un aporte de casi $5.000 millones para 200 cooperativas el\u00e9ctricas"},"content":{"rendered":"\n<p>El gobernador de la provincia de Buenos Aires, Axel Kicillof, anunci\u00f3 un aporte de casi $5.000 millones para unas 200 cooperativas municipales&nbsp;que suministran energ\u00eda el\u00e9ctrica a 1.125.512 usuarios bonaerenses.<\/p>\n\n\n\n<p>El mandatario bonaerense, durante el anuncio formulado en la ciudad de Baradero, asegur\u00f3: \u00abResolvimos que en la actual situaci\u00f3n, la mano del Estado provincial se la vamos a acercar al sector cooperativo.&nbsp;Es una inversi\u00f3n, no un gasto, para mejorar el servicio y sostener a las cooperativas\u00bb. En la jornada, Kicillof estuvo acompa\u00f1ado por el ministro de Hacienda, Pablo L\u00f3pez; el intendente Esteban Sanzio, y el subsecretario de Energ\u00eda, Gast\u00f3n Ghioni.<\/p>\n\n\n\n<p>El gobernador expres\u00f3 que \u00abla coyuntura internacional es muy compleja, el gobierno provincial har\u00e1 todo lo que tenga que hacer para cuidar al pueblo de la provincia, para preservar el trabajo, los ingresos y distribuir mejor la riqueza, para que los peque\u00f1os productores y cooperativistas sean los privilegiados\u00bb.<\/p>\n\n\n\n<p>Seg\u00fan se indic\u00f3 desde el Gobierno,&nbsp;los subsidios se implementar\u00e1n a trav\u00e9s de un aporte no reembolsable mediante el Fondo Compensador Tarifario. A partir de esta medida,&nbsp;el Estado provincial asumir\u00e1 parte del costo de la operaci\u00f3n y mantenimiento del servicio el\u00e9ctrico&nbsp;para promover y garantizar la calidad de la prestaci\u00f3n, y as\u00ed evitar que sea el usuario quien pague estos costos en su factura. De esta manera, se busca cubrir las necesidades de gastos de mantenimiento e inversi\u00f3n en bienes de capital del servicio que prestan las cooperativas, para que esa necesidad no se traslade a la tarifa, y beneficiar a los usuarios.<\/p>\n\n\n\n<p>Durante el acto, el gobernador plante\u00f3 que \u00abel mundo est\u00e1 desquiciado. Tras la pandemia, se esperaba un tiempo de tranquilidad para poder dedicarse a la reconstrucci\u00f3n, pero se desencaden\u00f3 una guerra en Europa que trajo una crisis alimentaria, energ\u00e9tica y financiera\u00bb, y agreg\u00f3 que&nbsp;\u00ablos diarios internacionales dan cuenta que pa\u00edses ricos, como Alemania, tienen a sus ciudadanos buscando le\u00f1a para calentarse&nbsp;porque los precios de los combustibles y la energ\u00eda aumentaron much\u00edsimo\u00bb.<\/p>\n\n\n\n<p>El economista plante\u00f3 que en Europa \u00abhay gente que cay\u00f3 en la pobreza energ\u00e9tica\u00bb, entendi\u00e9ndose como tal a quienes deben destinar el 10% o m\u00e1s al pago de la factura de luz y de gas. Y continu\u00f3 afirmando que \u00abesos pa\u00edses no producen energ\u00eda ni alimentos. Hay ah\u00ed una diferencia importante con lo que ocurre en Argentina. Somos un pa\u00eds que desde su origen genera alimentos y desde comienzos del siglo XX productores de petr\u00f3leo y gas\u00bb.<\/p>\n\n\n\n<p>En ese contexto, Kicillof analiz\u00f3 que se debe dar una discusi\u00f3n ya que \u00abel petr\u00f3leo y el gas est\u00e1n en las entra\u00f1as de nuestra tierra y, para sacarlos, se usa mano de obra argentina, y, muchas veces, equipamiento argentino\u00bb, por lo que se cuestion\u00f3:&nbsp;\u00ab\u00bfLos argentinos vamos a tener que pagar esa energ\u00eda a precio internacional o argentino?\u00bb.<\/p>\n\n\n\n<p><strong>\u00abEs de los argentinos y es para los argentinos. Es una cuesti\u00f3n econ\u00f3mica y energ\u00e9tica, pero tambi\u00e9n de soberan\u00eda c\u00f3mo se usa y para qu\u00e9 se usa ese recurso\u00bb, se\u00f1al\u00f3, y critic\u00f3 cuando YPF, \u00abla empresa principal que produce y extrae gas y petr\u00f3leo en Argentina, se entreg\u00f3 al extranjero a un precio vil\u00bb.<\/strong><\/p>\n\n\n\n<p>En esa linea, record\u00f3 que \u00abse generaron enormes ganancias y nada quedaba ac\u00e1\u00bb, y pidi\u00f3 \u00abtener en cuenta que si todos hablan de Vaca Muerta y miran ese gasoducto N\u00e9stor Kirchner es porque Cristina Fern\u00e1ndez, cuando era presidenta, tom\u00f3 la decisi\u00f3n de recuperar para los argentinos la empresa emblem\u00e1tica que es YPF\u00bb.<\/p>\n\n\n\n<p>Posteriormente, recalc\u00f3 que \u00abla b\u00fasqueda de la soberan\u00eda energ\u00e9tica vuelve a ser un objetivo del gobierno nacional\u00bb, asever\u00f3 que el gas de Vaca Muerta \u00abser\u00e1 para argentinos y argentinas, por lo tanto, para los y las bonaerenses\u00bb, y apunt\u00f3 que \u00abhay una matriz que contempla el bienestar del pueblo y el desarrollo nacional\u00bb.<\/p>\n\n\n\n<p>Las cooperativas municipales beneficiarias del subsidio ser\u00e1n 112 en el \u00c1rea Norte; 43 en el \u00c1rea Sur; 37 en el \u00c1rea Atl\u00e1ntica y 8 en el \u00c1rea R\u00edo de La Plata; lo que&nbsp;<strong>comprende a 1.125.512 de usuarios y un total de 5.451 GWh de energ\u00eda distribuida.<\/strong><\/p>\n\n\n\n<p>Fuentes del Poder Ejecutivo precisaron que el subsidio extraordinario de $4.800 millones se compone de gastos operativos (mantenimiento del servicio, costos laborales y contribuciones patronales) por $2.800 millones, y de $2.000 millones para bienes de capital (insumos).<\/p>\n\n\n\n<figure class=\"wp-block-gallery has-nested-images columns-default is-cropped wp-block-gallery-1 is-layout-flex wp-block-gallery-is-layout-flex\">\n<figure class=\"wp-block-image size-large\"><a href=\"https:\/\/morenoprimero.com.ar\/wp-content\/uploads\/2022\/10\/6335f316944cc_900.jpg\"><img loading=\"lazy\" decoding=\"async\" width=\"900\" height=\"506\" data-id=\"32997\" src=\"https:\/\/morenoprimero.com.ar\/wp-content\/uploads\/2022\/10\/6335f316944cc_900.jpg\" alt=\"\" class=\"wp-image-32997\" srcset=\"https:\/\/morenoprimero.com.ar\/archivo\/wp-content\/uploads\/2022\/10\/6335f316944cc_900.jpg 900w, https:\/\/morenoprimero.com.ar\/archivo\/wp-content\/uploads\/2022\/10\/6335f316944cc_900-300x169.jpg 300w, https:\/\/morenoprimero.com.ar\/archivo\/wp-content\/uploads\/2022\/10\/6335f316944cc_900-768x432.jpg 768w\" sizes=\"auto, (max-width: 900px) 100vw, 900px\" \/><\/a><\/figure>\n\n\n\n<figure class=\"wp-block-image size-large\"><a href=\"https:\/\/morenoprimero.com.ar\/wp-content\/uploads\/2022\/10\/6335f31675963_900.jpg\"><img loading=\"lazy\" decoding=\"async\" width=\"900\" height=\"506\" data-id=\"32998\" src=\"https:\/\/morenoprimero.com.ar\/wp-content\/uploads\/2022\/10\/6335f31675963_900.jpg\" alt=\"\" class=\"wp-image-32998\" srcset=\"https:\/\/morenoprimero.com.ar\/archivo\/wp-content\/uploads\/2022\/10\/6335f31675963_900.jpg 900w, https:\/\/morenoprimero.com.ar\/archivo\/wp-content\/uploads\/2022\/10\/6335f31675963_900-300x169.jpg 300w, https:\/\/morenoprimero.com.ar\/archivo\/wp-content\/uploads\/2022\/10\/6335f31675963_900-768x432.jpg 768w\" sizes=\"auto, (max-width: 900px) 100vw, 900px\" \/><\/a><\/figure>\n<\/figure>\n\n\n\n<p><\/p>\n\n\n\n<p><strong>El a\u00f1o pasado, las cooperativas el\u00e9ctricas de la provincia recibieron un subsidio por $2.800 millones para garantizar inversiones y la calidad del servicio.<\/strong> \u00abSomos un gobierno que cree en las cooperativas\u00bb, dijo Kicillof al respecto, y lament\u00f3 que el gobierno anterior \u00abdespreciaba la soberan\u00eda energ\u00e9tica y al sector cooperativo\u00bb.<\/p>\n\n\n\n<p>En este sentido, sostuvo que \u00abel gobierno de Mauricio Macri y Mar\u00eda Eugenia Vidal present\u00f3 una ley para cobrarle a las cooperativas Impuesto a las Ganancias. Hace poco, un dirigente que piensa igual que ellos dijo que las cooperativas no tienen raz\u00f3n de ser porque si no hay negocio rentable para distribuir la energ\u00eda, no hay que dar el servicio\u00bb.<\/p>\n\n\n\n<p>\u00abNosotros estamos convencidos de que es fundamental el papel de las cooperativas en la provincia para suministrar el servicio a donde nunca ir\u00eda un privado\u00bb, continu\u00f3, y puso de relieve que \u00ablas cooperativas buscan que a trav\u00e9s de la asociaci\u00f3n de los vecinos y vecinas se consiga el bienestar y la igualdad de oportunidades\u00bb.<\/p>\n\n\n\n<p>Finalmente, subray\u00f3 el mandatario provincial:<strong>&nbsp;\u00abDebemos garantizar que en cada rinc\u00f3n de la provincia haya posibilidades iguales para todos y todas, vivan lejos o cerca de los grandes conglomerados urbanos\u00bb.<\/strong> Y concluyo diciendo que \u00aba trav\u00e9s del sistema de cooperativas vamos a permitir que en todos los rincones se pueda vivir con luz y se pueda producir. Es importante que quien nace en los pueblos bonaerenses, encuentre la posibilidad de crecer, estudiar, generar emprendimientos ah\u00ed donde naci\u00f3. Eso es justicia social, distribuci\u00f3n del ingreso y geogr\u00e1fica m\u00e1s equitativa\u00bb.<\/p>\n","protected":false},"excerpt":{"rendered":"<p>El gobernador de la provincia de Buenos Aires, Axel Kicillof, anunci\u00f3 un aporte de casi $5.000 millones para unas 200 cooperativas municipales&nbsp;que suministran energ\u00eda el\u00e9ctrica a 1.125.512 usuarios bonaerenses. El mandatario bonaerense, durante el anuncio formulado en la ciudad de &hellip; <a href=\"https:\/\/morenoprimero.com.ar\/archivo\/la-provincia-de-buenos-aires-hara-un-aporte-de-casi-5-000-millones-para-200-cooperativas-electricas\/\">Sigue leyendo <span class=\"meta-nav\">&rarr;<\/span><\/a><\/p>\n","protected":false},"author":6,"featured_media":32996,"comment_status":"closed","ping_status":"closed","sticky":false,"template":"","format":"standard","meta":{"footnotes":""},"categories":[2329],"tags":[4275,3088],"class_list":["post-32991","post","type-post","status-publish","format-standard","has-post-thumbnail","hentry","category-provincial","tag-cooperativas-electricas","tag-kicillof-axel"],"_links":{"self":[{"href":"https:\/\/morenoprimero.com.ar\/archivo\/wp-json\/wp\/v2\/posts\/32991","targetHints":{"allow":["GET"]}}],"collection":[{"href":"https:\/\/morenoprimero.com.ar\/archivo\/wp-json\/wp\/v2\/posts"}],"about":[{"href":"https:\/\/morenoprimero.com.ar\/archivo\/wp-json\/wp\/v2\/types\/post"}],"author":[{"embeddable":true,"href":"https:\/\/morenoprimero.com.ar\/archivo\/wp-json\/wp\/v2\/users\/6"}],"replies":[{"embeddable":true,"href":"https:\/\/morenoprimero.com.ar\/archivo\/wp-json\/wp\/v2\/comments?post=32991"}],"version-history":[{"count":2,"href":"https:\/\/morenoprimero.com.ar\/archivo\/wp-json\/wp\/v2\/posts\/32991\/revisions"}],"predecessor-version":[{"id":33001,"href":"https:\/\/morenoprimero.com.ar\/archivo\/wp-json\/wp\/v2\/posts\/32991\/revisions\/33001"}],"wp:featuredmedia":[{"embeddable":true,"href":"https:\/\/morenoprimero.com.ar\/archivo\/wp-json\/wp\/v2\/media\/32996"}],"wp:attachment":[{"href":"https:\/\/morenoprimero.com.ar\/archivo\/wp-json\/wp\/v2\/media?parent=32991"}],"wp:term":[{"taxonomy":"category","embeddable":true,"href":"https:\/\/morenoprimero.com.ar\/archivo\/wp-json\/wp\/v2\/categories?post=32991"},{"taxonomy":"post_tag","embeddable":true,"href":"https:\/\/morenoprimero.com.ar\/archivo\/wp-json\/wp\/v2\/tags?post=32991"}],"curies":[{"name":"wp","href":"https:\/\/api.w.org\/{rel}","templated":true}]}}