{"id":32970,"date":"2022-10-06T18:09:08","date_gmt":"2022-10-06T21:09:08","guid":{"rendered":"https:\/\/morenoprimero.com.ar\/?p=32970"},"modified":"2022-10-06T18:19:34","modified_gmt":"2022-10-06T21:19:34","slug":"nicolas-diaz-mes-a-mes-realizamos-obras-en-todos-los-barrios","status":"publish","type":"post","link":"https:\/\/morenoprimero.com.ar\/archivo\/nicolas-diaz-mes-a-mes-realizamos-obras-en-todos-los-barrios\/","title":{"rendered":"Nicol\u00e1s Diaz: \u00abMes a mes realizamos obras en todos los barrios\u00bb"},"content":{"rendered":"\n<p>En dialogo con Moreno Primero, el delegado de Cuartel V, Nicol\u00e1s Diaz, afirm\u00f3 que \u201ca las y los vecinos les pedimos que piensen en grande, en problemas que incluyan a todos. Cuartel V lleva m\u00e1s de 100 calles asfaltadas, 720 luminarias LED y 135 c\u00e1maras de seguridad\u201d. S\u00f3lo en el barrio El Vergel, uno de los m\u00e1s asistidos, \u201cse construyeron 22 cuadras nuevas, que son m\u00e1s de 850 toneladas de material fresado\u201d, sumado a las nuevas luminarias y la llegada de colectivos que antes no pasaban.<\/p>\n\n\n\n<p>El Municipio de Moreno avanza con las obras a lo largo y ancho del distrito. Luego de la pandemia, sin dejar de prestar atenci\u00f3n en materia de salud, se puso el foco en las obras que cada barrio necesitaba. Las delegaciones municipales son clave en la gesti\u00f3n actual, ya que a trav\u00e9s de ella se llega a cada vecino y vecina de Moreno que participa activamente en las decisiones. &nbsp;<\/p>\n\n\n\n<p>Alguna vez un vecino de Cuartel V&nbsp;dijo que mientras que para algunos era la \u00faltima localidad, para \u00e9l que viv\u00eda all\u00ed, era la primera. Ese es el sentimiento compartido de todos los vecinos y vecinas de la localidad que se preocupan por ver a sus barrios cada d\u00eda un poco mejor. <strong>Nicol\u00e1s D\u00edaz,<\/strong> delegado de Cuartel V, asegur\u00f3 a este medio ni bien asumi\u00f3 su rol que \u201cestamos trabajando y gestionando los recursos que se necesitan, la delegaci\u00f3n est\u00e1 presente y la idea es poner a Cuartel V en el lugar donde tiene que estar, porque hab\u00eda quedado olvidado\u201d.&nbsp;<\/p>\n\n\n\n<p>Un a\u00f1o m\u00e1s tarde, las obras se potenciaron en la localidad, cualquier vecino o vecina que pase por Cuartel V puede dar cuenta de ello. Los recursos llegan y los procesos requieren su tiempo. Es por eso que la delegaci\u00f3n tiene un esquema de trabajo organizado, y a su vez, mantiene reuniones con los vecinos para decidir en conjunto cu\u00e1les son las demandas que la localidad necesita, y atenderlas. &nbsp;<\/p>\n\n\n\n<p>El delegado de Cuartel V cont\u00f3 a Moreno Primero cu\u00e1l es el esquema actual de la delegaci\u00f3n para poder mantener obras en todas las zonas de la localidad, todos los meses. \u201c<strong>Dividimos la localidad en 4 zonas para poder abordar una zona por semana, para organizar cada una agarramos el mapa de Cuartel V y fuimos viendo qu\u00e9 barrio nos queda m\u00e1s cerca de otro y los agrupamos\u201d explica. Eso les permite \u201cvolver al barrio cada 21 d\u00edas a continuar realizando obras<\/strong>\u201d.&nbsp;<\/p>\n\n\n\n<p>De esta forma, el municipio vuelve r\u00e1pido a cada localidad a seguir trabajando y avanza de forma r\u00e1pida en atender las demandas de los vecinos. \u201c<strong>Esto a veces genera mucha ansiedad en los vecinos, porque ven que se est\u00e1 haciendo y se preguntan cu\u00e1ndo van a llegar las obras ac\u00e1 o all\u00e1, nosotros trabajamos y seguimos dando respuestas<\/strong>\u201d cuenta el delegado, y agrega, \u201c<strong>tampoco hay que olvidarse que venimos de una pandemia, y los primeros dos a\u00f1os cost\u00f3 mucho poder salir y trabajar, y aun as\u00ed llegamos a m\u00e1s de 100 asfaltos, 720 luminarias LED y 135 c\u00e1maras de seguridad, pero todo en el marco de s\u00f3lo un a\u00f1o<\/strong>\u201d. Mientras que en la pandemia \u201c<strong>nos enfocamos m\u00e1s en cuestiones de asistencia y salud comunitaria, ahora estamos trabajando con el tema de las obras que est\u00e1bamos esperando todos porque yo tambi\u00e9n soy vecino de Cuartel V, y son obras que muchos prometieron y no hicieron<\/strong>\u201d, expresa.&nbsp;<\/p>\n\n\n\n<p>Los vecinos no s\u00f3lo ven las obras que se hacen sino que tambi\u00e9n participan de las decisiones. \u201c<strong>Nosotros hacemos una reuni\u00f3n con vecinas y vecinos del barrio donde cada uno plantea sus inquietudes. Les decimos con qu\u00e9 recursos pueden contar ellos desde la delegaci\u00f3n y las obras que hay planificadas, y vemos lo que podemos llegar a lograr si trabajamos todos juntos<\/strong>\u201d, detalla el delegado y aclara que \u201c<strong>la idea es que&nbsp;piensen en grande, en magnitud, y no el problema de la puerta de su casa, que piensen en general, problemas que incluya a todos<\/strong>\u201d. &nbsp;<\/p>\n\n\n\n<p>De esta manera, en Cuartel V y todas las localidades del municipio de Moreno, la obra p\u00fablica se lleva a cabo de forma democr\u00e1tica, donde es el pueblo morenense en su conjunto el que participa activamente de las decisiones.&nbsp;<\/p>\n\n\n\n<p>&nbsp;En ese sentido, Nicol\u00e1s Diaz cuenta&nbsp;<strong>\u201cno es s\u00f3lo una decisi\u00f3n pol\u00edtica de Mariel Fern\u00e1ndez, sino, de todos los vecinos y vecinas que plantearon la necesidad de asfaltar las calles que nunca fueron asfaltadas<\/strong>\u201d. Respecto de las calles que ya se asfaltaron en alg\u00fan momento y se rompieron, dice: \u201c<strong>la&nbsp;intenci\u00f3n es ver qu\u00e9 fue lo que gener\u00f3 esa ruptura y abordarlo, por ejemplo, si fue por un problema hidr\u00e1ulico, que vaya un equipo t\u00e9cnico de obras hidr\u00e1ulicas y revise por qu\u00e9 se rompi\u00f3<\/strong>\u201d. Esto permite que el asfalto llegue a calles que nunca hab\u00eda llegado, \u201c<strong>porque los vecinos se preguntan cu\u00e1ntas veces se habr\u00e1n arreglado las mismas calles, mientras que hay calles de tierras que ya figuraban asfaltadas, entonces vamos y asfaltamos otras calles<\/strong>\u201d. &nbsp;<\/p>\n\n\n\n<figure class=\"wp-block-gallery has-nested-images columns-default is-cropped wp-block-gallery-1 is-layout-flex wp-block-gallery-is-layout-flex\">\n<figure class=\"wp-block-image size-large\"><a href=\"https:\/\/morenoprimero.com.ar\/wp-content\/uploads\/2022\/10\/aaaa.jpg\"><img loading=\"lazy\" decoding=\"async\" width=\"1024\" height=\"576\" data-id=\"32975\" src=\"https:\/\/morenoprimero.com.ar\/wp-content\/uploads\/2022\/10\/aaaa-1024x576.jpg\" alt=\"\" class=\"wp-image-32975\" srcset=\"https:\/\/morenoprimero.com.ar\/archivo\/wp-content\/uploads\/2022\/10\/aaaa-1024x576.jpg 1024w, https:\/\/morenoprimero.com.ar\/archivo\/wp-content\/uploads\/2022\/10\/aaaa-300x169.jpg 300w, https:\/\/morenoprimero.com.ar\/archivo\/wp-content\/uploads\/2022\/10\/aaaa-768x432.jpg 768w, https:\/\/morenoprimero.com.ar\/archivo\/wp-content\/uploads\/2022\/10\/aaaa.jpg 1080w\" sizes=\"auto, (max-width: 1024px) 100vw, 1024px\" \/><\/a><figcaption>Obra de la Ruta Provincial N\u00ba 24<\/figcaption><\/figure>\n\n\n\n<figure class=\"wp-block-image size-large\"><a href=\"https:\/\/morenoprimero.com.ar\/wp-content\/uploads\/2022\/10\/aa.jpg\"><img loading=\"lazy\" decoding=\"async\" width=\"1024\" height=\"1024\" data-id=\"32973\" src=\"https:\/\/morenoprimero.com.ar\/wp-content\/uploads\/2022\/10\/aa-1024x1024.jpg\" alt=\"\" class=\"wp-image-32973\" srcset=\"https:\/\/morenoprimero.com.ar\/archivo\/wp-content\/uploads\/2022\/10\/aa-1024x1024.jpg 1024w, https:\/\/morenoprimero.com.ar\/archivo\/wp-content\/uploads\/2022\/10\/aa-300x300.jpg 300w, https:\/\/morenoprimero.com.ar\/archivo\/wp-content\/uploads\/2022\/10\/aa-150x150.jpg 150w, https:\/\/morenoprimero.com.ar\/archivo\/wp-content\/uploads\/2022\/10\/aa-768x768.jpg 768w, https:\/\/morenoprimero.com.ar\/archivo\/wp-content\/uploads\/2022\/10\/aa.jpg 1080w\" sizes=\"auto, (max-width: 1024px) 100vw, 1024px\" \/><\/a><figcaption>Corredor seguro sobre las calles que ingresa el colectivo<\/figcaption><\/figure>\n\n\n\n<figure class=\"wp-block-image size-large\"><a href=\"https:\/\/morenoprimero.com.ar\/wp-content\/uploads\/2022\/10\/aaa.jpg\"><img loading=\"lazy\" decoding=\"async\" width=\"853\" height=\"568\" data-id=\"32974\" src=\"https:\/\/morenoprimero.com.ar\/wp-content\/uploads\/2022\/10\/aaa.jpg\" alt=\"\" class=\"wp-image-32974\" srcset=\"https:\/\/morenoprimero.com.ar\/archivo\/wp-content\/uploads\/2022\/10\/aaa.jpg 853w, https:\/\/morenoprimero.com.ar\/archivo\/wp-content\/uploads\/2022\/10\/aaa-300x200.jpg 300w, https:\/\/morenoprimero.com.ar\/archivo\/wp-content\/uploads\/2022\/10\/aaa-768x511.jpg 768w\" sizes=\"auto, (max-width: 853px) 100vw, 853px\" \/><\/a><figcaption>Polideportivo Diego Armando Maradona<\/figcaption><\/figure>\n\n\n\n<figure class=\"wp-block-image size-large\"><a href=\"https:\/\/morenoprimero.com.ar\/wp-content\/uploads\/2022\/10\/aaaaaaaaaaa.jpg\"><img loading=\"lazy\" decoding=\"async\" width=\"1024\" height=\"461\" data-id=\"32972\" src=\"https:\/\/morenoprimero.com.ar\/wp-content\/uploads\/2022\/10\/aaaaaaaaaaa-1024x461.jpg\" alt=\"\" class=\"wp-image-32972\" srcset=\"https:\/\/morenoprimero.com.ar\/archivo\/wp-content\/uploads\/2022\/10\/aaaaaaaaaaa-1024x461.jpg 1024w, https:\/\/morenoprimero.com.ar\/archivo\/wp-content\/uploads\/2022\/10\/aaaaaaaaaaa-300x135.jpg 300w, https:\/\/morenoprimero.com.ar\/archivo\/wp-content\/uploads\/2022\/10\/aaaaaaaaaaa-768x346.jpg 768w, https:\/\/morenoprimero.com.ar\/archivo\/wp-content\/uploads\/2022\/10\/aaaaaaaaaaa.jpg 1080w\" sizes=\"auto, (max-width: 1024px) 100vw, 1024px\" \/><\/a><figcaption>Reuni\u00f3n con vecinos y vecinas de cada zona.<\/figcaption><\/figure>\n<\/figure>\n\n\n\n<p><\/p>\n\n\n\n<p>Un ejemplo clave es el barrio El Vergel, donde \u201c<strong>en este \u00faltimo tiempo estuvimos abordamos muchas obras<\/strong>\u201d, asegura. De hecho, agrega, \u201c<strong>es uno de los barrios donde m\u00e1s cuadras se arregl\u00f3, son m\u00e1s de 22 cuadras realizadas, y son m\u00e1s de 800 toneladas de material fresado<\/strong>\u201d.\u00a0<\/p>\n\n\n\n<p>Adem\u00e1s, en El Vergel \u201c<strong>con la gesti\u00f3n de Mariel Fern\u00e1ndez comenz\u00f3 a ingresar el colectivo para los chicos que van a la Escuela N\u00ba 67 o la Escuela&nbsp;Rural N\u00ba5, es algo que no estaba antes de esta gesti\u00f3n<\/strong>\u201d, para ello, \u201c<strong>se arm\u00f3 un convenio&nbsp;con la empresa La Perlita para que sea un recorrido especial y lleve a los chicos, y de esa forma no est\u00e9n caminando por la ruta\u201d. M\u00e1s a\u00fan, \u201cen ese mismo recorrido que hace el colectivo, se colocaron luminarias LED para que sea un corredor seguro<\/strong>\u201d.&nbsp;<\/p>\n\n\n\n<p>En el mismo barrio, \u201c<strong>hay una zona de casas quintas que cada vez se urbaniza m\u00e1s, las luces que estaban puestas las hab\u00edan colocado los vecinos, y nosotros como municipio colocamos mejoras, como, por ejemplo, los brazos nuevos<\/strong>\u201d. Adem\u00e1s, \u201d<strong>es uno de los barrios donde m\u00e1s luces se coloc\u00f3, un total de 66 luminarias nuevas en zonas donde antes no hab\u00eda<\/strong>\u201d.&nbsp;<\/p>\n\n\n\n<p>Todav\u00eda queda un a\u00f1o de gesti\u00f3n, y las pr\u00f3ximas obras \u201c<strong>van a ser un logro para la gesti\u00f3n, para la comunidad de Cuartel V, y un reconocimiento a las organizaciones que tambi\u00e9n estuvieron luchando bastante tiempo para poder lograrlo<\/strong>\u201d. Los ejemplos son muchos, y Nicol\u00e1s detalla algunos de los m\u00e1s influyentes: \u201c<strong>el Cuartel de Bomberos, el Polideportivo Diego Armando Maradona, la ampliaci\u00f3n de la ruta provincial N\u00ba 24, ya se est\u00e1 ejecutando la ampliaci\u00f3n de la ruta provincial N\u00ba 25, como as\u00ed tambi\u00e9n se est\u00e1 construyendo el predio de la feria municipal que es el mismo proyecto realizado en Las Flores, y el nuevo Registro Civil que estaba abandonado y lo remodelamos<\/strong>\u201d. &nbsp;<\/p>\n\n\n\n<p>Mientras estas grandes obras se realizan, \u201c<strong>se contin\u00faan llevando a cabo obras en las calles, de cada barrio de la localidad, sumado a la constantes  cuadrillas de limpieza<\/strong>\u201d cierra el delegado.&nbsp;<\/p>\n","protected":false},"excerpt":{"rendered":"<p>En dialogo con Moreno Primero, el delegado de Cuartel V, Nicol\u00e1s Diaz, afirm\u00f3 que \u201ca las y los vecinos les pedimos que piensen en grande, en problemas que incluyan a todos. Cuartel V lleva m\u00e1s de 100 calles asfaltadas, 720 &hellip; <a href=\"https:\/\/morenoprimero.com.ar\/archivo\/nicolas-diaz-mes-a-mes-realizamos-obras-en-todos-los-barrios\/\">Sigue leyendo <span class=\"meta-nav\">&rarr;<\/span><\/a><\/p>\n","protected":false},"author":6,"featured_media":33027,"comment_status":"closed","ping_status":"closed","sticky":false,"template":"","format":"standard","meta":{"footnotes":""},"categories":[2328],"tags":[156,2556],"class_list":["post-32970","post","type-post","status-publish","format-standard","has-post-thumbnail","hentry","category-local","tag-cuartel-v","tag-nicolas-diaz"],"_links":{"self":[{"href":"https:\/\/morenoprimero.com.ar\/archivo\/wp-json\/wp\/v2\/posts\/32970","targetHints":{"allow":["GET"]}}],"collection":[{"href":"https:\/\/morenoprimero.com.ar\/archivo\/wp-json\/wp\/v2\/posts"}],"about":[{"href":"https:\/\/morenoprimero.com.ar\/archivo\/wp-json\/wp\/v2\/types\/post"}],"author":[{"embeddable":true,"href":"https:\/\/morenoprimero.com.ar\/archivo\/wp-json\/wp\/v2\/users\/6"}],"replies":[{"embeddable":true,"href":"https:\/\/morenoprimero.com.ar\/archivo\/wp-json\/wp\/v2\/comments?post=32970"}],"version-history":[{"count":8,"href":"https:\/\/morenoprimero.com.ar\/archivo\/wp-json\/wp\/v2\/posts\/32970\/revisions"}],"predecessor-version":[{"id":33041,"href":"https:\/\/morenoprimero.com.ar\/archivo\/wp-json\/wp\/v2\/posts\/32970\/revisions\/33041"}],"wp:featuredmedia":[{"embeddable":true,"href":"https:\/\/morenoprimero.com.ar\/archivo\/wp-json\/wp\/v2\/media\/33027"}],"wp:attachment":[{"href":"https:\/\/morenoprimero.com.ar\/archivo\/wp-json\/wp\/v2\/media?parent=32970"}],"wp:term":[{"taxonomy":"category","embeddable":true,"href":"https:\/\/morenoprimero.com.ar\/archivo\/wp-json\/wp\/v2\/categories?post=32970"},{"taxonomy":"post_tag","embeddable":true,"href":"https:\/\/morenoprimero.com.ar\/archivo\/wp-json\/wp\/v2\/tags?post=32970"}],"curies":[{"name":"wp","href":"https:\/\/api.w.org\/{rel}","templated":true}]}}