{"id":32961,"date":"2022-10-11T10:45:45","date_gmt":"2022-10-11T13:45:45","guid":{"rendered":"https:\/\/morenoprimero.com.ar\/?p=32961"},"modified":"2022-10-11T10:51:07","modified_gmt":"2022-10-11T13:51:07","slug":"se-encuentra-disponible-la-segunda-inscripcion-al-programa-buenos-aires-crea","status":"publish","type":"post","link":"https:\/\/morenoprimero.com.ar\/archivo\/se-encuentra-disponible-la-segunda-inscripcion-al-programa-buenos-aires-crea\/","title":{"rendered":"Se encuentra disponible la segunda inscripci\u00f3n al programa Buenos Aires Crea"},"content":{"rendered":"\n<p>Para mejorar la calidad de vida de las y los bonaerenses, motorizar la econom\u00eda, impulsar la construcci\u00f3n y el empleo local, el Gobierno de la Provincia de Buenos Aires, a trav\u00e9s del Ministerio de H\u00e1bitat y Desarrollo Urbano, desarrolla el programa \u201cBuenos Aires Crea\u201d. La convocatoria al plan destinado a quienes buscan realizar mejoras, refacciones o ampliar su vivienda continuar\u00e1 vigente hasta el d\u00eda 17 de octubre.<\/p>\n\n\n\n<p>La convocatoria para formar parte del programa que ofrece cr\u00e9ditos accesibles para las familias que residan en la provincia de Buenos Aires y busquen realizar mejoras, refacciones o ampliar su vivienda, continuar\u00e1 vigente hasta el d\u00eda 17 de octubre inclusive.<\/p>\n\n\n\n<p>Buenos Aires Crea se lleva adelante tambi\u00e9n gracias a la participaci\u00f3n del Municipio de Moreno, que funciona como ente regulador durante las tres etapas que dispone el programa: la acreditaci\u00f3n, la aprobaci\u00f3n del avance y la finalizaci\u00f3n de la obra.<\/p>\n\n\n\n<p>Buenos Aires Crea cuenta con tres l\u00edneas de financiamiento, con cr\u00e9ditos a tasa de inter\u00e9s del 0%, con cuotas ajustables por coeficiente HogarBA y que no podr\u00e1n superar el 25% del ingreso mensual: para refacciones menores, refacciones mayores y ampliaciones. Cada una de ellas con diferentes montos disponibles para el desembolso, y distintos plazos para la devoluci\u00f3n.<\/p>\n\n\n\n<p>Si bien solo se podr\u00e1 realizar una solicitud por grupo familiar, pudiendo sumarse los ingresos de los y las integrantes de la familia, las personas interesadas en acceder a un cr\u00e9dito del programa deben tener, alquilar o habitar a modo de pr\u00e9stamo una vivienda familiar \u00fanica de residencia, contar con DNI, superar los 2 a\u00f1os de residencia en la Provincia de Buenos Aires, tener entre 18 y 70 a\u00f1os, poder acreditar ingresos provenientes de trabajos registrados (en relaci\u00f3n de dependencia o aut\u00f3nomos), jubilaciones y\/o pensiones, por un monto de entre 1 y 5 salarios m\u00ednimos. En caso de no poder cumplir con este \u00faltimo requisito, podr\u00e1n presentar una declaraci\u00f3n jurada demostrando consumos de tarjetas de cr\u00e9dito a trav\u00e9s de los res\u00famenes de los \u00faltimos 12 meses.<\/p>\n\n\n\n<p>El Programa Buenos Aires Crea prioriza a los grupos familiares numerosos; a las personas con discapacidad, dificultad o limitaci\u00f3n f\u00edsica permanente, que requieran adaptar sus viviendas para mejorar las condiciones de accesibilidad y movilidad que puedan acreditar tal condici\u00f3n mediante Certificado \u00danico de Discapacidad (CUD); a los hogares monoparentales o tutores con menores de 18 a\u00f1os a cargo; a personas en situaci\u00f3n de violencia de g\u00e9nero, personas travesti\/trans; y a los hogares en barrios con situaci\u00f3n de vulnerabilidad social y\/o ambiental, debidamente justificada por el municipio.<\/p>\n\n\n\n<p>No podr\u00e1n solicitar un cr\u00e9dito de Buenos Aires Crea, las personas beneficiarias de un cr\u00e9dito del Programa <a href=\"http:\/\/pro.cre.ar\/\">PRO.CRE.AR.<\/a> o de un subsidio del programa \u201cMi Pieza\u201d en los \u00faltimos doce meses; quienes registren a su nombre la titularidad de m\u00e1s de una propiedad; personas que se encuentren inhibidas en el Registro de la Propiedad Inmueble de la Provincia de Buenos Aires.<\/p>\n\n\n\n<p>Tampoco solicitantes cuyos ingresos declarados sean superiores a cinco veces el salario m\u00ednimo vital y m\u00f3vil, o en caso de ser monotributistas, aquellos que se encuentren inscriptos en categor\u00edas mayores a \u201cF\u201d; quienes se encuentren en estado de insolvencia, personas con inexistencia de deuda del CUIL\/CUIT ante el BCRA en los \u00faltimos seis meses, aunque podr\u00e1 ser legible si se comprueba ingresos como trabajador asalariado, si adhiere a un m\u00e9todo de reintegro autom\u00e1tico, sea mediante c\u00f3digo de redescuento y\/o d\u00e9bito autom\u00e1tico.<\/p>\n\n\n\n<p>Para mayor informaci\u00f3n, las y los interesados en acceder a los beneficios del Programa Buenos Aires Crea pueden ingresar a: <a href=\"https:\/\/buenosairescrea.gba.gob.ar\/\">https:\/\/buenosairescrea.gba.gob.ar\/<\/a><\/p>\n\n\n\n<figure class=\"wp-block-image size-large\"><a href=\"https:\/\/morenoprimero.com.ar\/wp-content\/uploads\/2022\/10\/WhatsApp-Image-2022-10-05-at-13.57.06.jpeg\"><img loading=\"lazy\" decoding=\"async\" width=\"1024\" height=\"1024\" src=\"https:\/\/morenoprimero.com.ar\/wp-content\/uploads\/2022\/10\/WhatsApp-Image-2022-10-05-at-13.57.06-1024x1024.jpeg\" alt=\"\" class=\"wp-image-32963\" srcset=\"https:\/\/morenoprimero.com.ar\/archivo\/wp-content\/uploads\/2022\/10\/WhatsApp-Image-2022-10-05-at-13.57.06-1024x1024.jpeg 1024w, https:\/\/morenoprimero.com.ar\/archivo\/wp-content\/uploads\/2022\/10\/WhatsApp-Image-2022-10-05-at-13.57.06-300x300.jpeg 300w, https:\/\/morenoprimero.com.ar\/archivo\/wp-content\/uploads\/2022\/10\/WhatsApp-Image-2022-10-05-at-13.57.06-150x150.jpeg 150w, https:\/\/morenoprimero.com.ar\/archivo\/wp-content\/uploads\/2022\/10\/WhatsApp-Image-2022-10-05-at-13.57.06-768x767.jpeg 768w, https:\/\/morenoprimero.com.ar\/archivo\/wp-content\/uploads\/2022\/10\/WhatsApp-Image-2022-10-05-at-13.57.06.jpeg 1280w\" sizes=\"auto, (max-width: 1024px) 100vw, 1024px\" \/><\/a><\/figure>\n","protected":false},"excerpt":{"rendered":"<p>Para mejorar la calidad de vida de las y los bonaerenses, motorizar la econom\u00eda, impulsar la construcci\u00f3n y el empleo local, el Gobierno de la Provincia de Buenos Aires, a trav\u00e9s del Ministerio de H\u00e1bitat y Desarrollo Urbano, desarrolla el &hellip; <a href=\"https:\/\/morenoprimero.com.ar\/archivo\/se-encuentra-disponible-la-segunda-inscripcion-al-programa-buenos-aires-crea\/\">Sigue leyendo <span class=\"meta-nav\">&rarr;<\/span><\/a><\/p>\n","protected":false},"author":6,"featured_media":33079,"comment_status":"closed","ping_status":"closed","sticky":false,"template":"","format":"standard","meta":{"footnotes":""},"categories":[2329],"tags":[3934,4273],"class_list":["post-32961","post","type-post","status-publish","format-standard","has-post-thumbnail","hentry","category-provincial","tag-ministerio-de-habitat-y-desarrollo-urbano","tag-programa-buenos-aires-crea"],"_links":{"self":[{"href":"https:\/\/morenoprimero.com.ar\/archivo\/wp-json\/wp\/v2\/posts\/32961","targetHints":{"allow":["GET"]}}],"collection":[{"href":"https:\/\/morenoprimero.com.ar\/archivo\/wp-json\/wp\/v2\/posts"}],"about":[{"href":"https:\/\/morenoprimero.com.ar\/archivo\/wp-json\/wp\/v2\/types\/post"}],"author":[{"embeddable":true,"href":"https:\/\/morenoprimero.com.ar\/archivo\/wp-json\/wp\/v2\/users\/6"}],"replies":[{"embeddable":true,"href":"https:\/\/morenoprimero.com.ar\/archivo\/wp-json\/wp\/v2\/comments?post=32961"}],"version-history":[{"count":1,"href":"https:\/\/morenoprimero.com.ar\/archivo\/wp-json\/wp\/v2\/posts\/32961\/revisions"}],"predecessor-version":[{"id":32964,"href":"https:\/\/morenoprimero.com.ar\/archivo\/wp-json\/wp\/v2\/posts\/32961\/revisions\/32964"}],"wp:featuredmedia":[{"embeddable":true,"href":"https:\/\/morenoprimero.com.ar\/archivo\/wp-json\/wp\/v2\/media\/33079"}],"wp:attachment":[{"href":"https:\/\/morenoprimero.com.ar\/archivo\/wp-json\/wp\/v2\/media?parent=32961"}],"wp:term":[{"taxonomy":"category","embeddable":true,"href":"https:\/\/morenoprimero.com.ar\/archivo\/wp-json\/wp\/v2\/categories?post=32961"},{"taxonomy":"post_tag","embeddable":true,"href":"https:\/\/morenoprimero.com.ar\/archivo\/wp-json\/wp\/v2\/tags?post=32961"}],"curies":[{"name":"wp","href":"https:\/\/api.w.org\/{rel}","templated":true}]}}