{"id":329,"date":"2020-07-14T18:09:23","date_gmt":"2020-07-14T18:09:23","guid":{"rendered":"https:\/\/morenoprimero.com.ar\/?p=329"},"modified":"2020-07-14T18:09:23","modified_gmt":"2020-07-14T18:09:23","slug":"moreno-pone-en-marcha-escuelas-a-la-obra","status":"publish","type":"post","link":"https:\/\/morenoprimero.com.ar\/archivo\/moreno-pone-en-marcha-escuelas-a-la-obra\/","title":{"rendered":"MORENO PONE EN MARCHA \u201cESCUELAS A LA OBRA\u201d"},"content":{"rendered":"\n<h5 class=\"wp-block-heading\"><strong>En di\u00e1logo con Moreno Primero, la presidenta del Consejo Escolar Sonia Beltr\u00e1n explica de qu\u00e9 se trata el programa y c\u00f3mo lo llevan a cabo en conjunto con toda la comunidad.<\/strong><\/h5>\n\n\n\n<p>El programa<em> Escuelas a la Obra<\/em> se enmarca dentro del Plan <em>Argentina Unida<\/em> y tiene como objetivo que los beneficiarios y las beneficiarias de programas sociales se incorporen a las obras de refacci\u00f3n de escuelas. <strong>El Municipio de Moreno firm\u00f3 este convenio con la Provincia para poner en valor y recuperar la infraestructura de escuelas y jardines de infante en el Distrito.\u00a0<\/strong><\/p>\n\n\n\n<p>\u00a0\u00a0En di\u00e1logo con <strong>MorenoPrimero<\/strong>, <strong>Sonia Beltr\u00e1n, <\/strong>presidenta del Consejo Escolar de Moreno, comenta que \u201c<strong>este programa va atender a 38 escuelas <\/strong>que van a depender de obras p\u00fablicas del Municipio. En principio <strong>hay 11 que est\u00e1n en condiciones administrativas de dar inicio de obra<\/strong>.\u00a0 Las empresas ya est\u00e1n en las escuelas trabajando. Las 27 restantes estar\u00edan terminando lo que es lo administrativo\u201d y agrega que \u201c<strong>se hizo antes un relevamiento de parte de los inspectores<\/strong>, tanto de obras p\u00fablicas desde el Municipio como los inspectores de infraestructura del Consejo Escolar. F<strong>ue una mirada en conjunto, tambi\u00e9n con la provincia<\/strong>.\u201d<\/p>\n\n\n\n<p>\u00a0Las obras comenzaron a realizarse en la Escuela N\u00b042 y el Jard\u00edn N\u00b0 927, y a medida que pasan los d\u00edas se suman m\u00e1s instituciones. <strong>En relaci\u00f3n a la selecci\u00f3n de escuelas<\/strong>, la Presidenta del Consejo Escolar detalla que \u201cse hizo un relevamiento de riesgo de inicio, esto es, los edificios escolares con impedimento de abrir sus puertas por presentar alg\u00fan peligro, por lo general representado por problemas de gas, de agua, de electricidad; cuestiones que impidan abrir la instituci\u00f3n. Todas tienen diferentes motivos para que intervengan. Con las escuelas restantes que no est\u00e1n dentro del programa, estamos trabajando desde Consejo Escolar.\u201d<\/p>\n\n\n\n<p>&nbsp;&nbsp;&nbsp;El programa busca un trabajo articulado y comprometido de la comunidad educativa para reconstruir las escuelas de la Provincia de la mano de los consejeros escolares, docentes, no docentes, agrupaciones gremiales, padres y alumnos.<\/p>\n\n\n\n<p> \u201cTodo lo administrativo se hizo desde el Municipio. Porque justamente el dinero lo recibe el Municipio, y nosotros desde lo administrativo y financiero no tenemos participaci\u00f3n. En lo que si tenemos participaci\u00f3n es el seguimiento de obra con los inspectores y la comunicaci\u00f3n con los equipos directivos.\u201d, expresa Beltr\u00e1n respecto de la <strong>selecci\u00f3n de cooperativas<\/strong> y resalta que \u201cdesde el principio hab\u00edamos acordado con nuestra intendenta revalorizar y dar lugar a la fuerza de trabajo de Moreno. Esta decisi\u00f3n tambi\u00e9n fue tomada en el Consejo, dar lugar a las empresas que en gestiones anteriores no fueron tenidas en cuenta. En Escuelas a la obra es lo mismo, <strong>son cooperativas de la zona que se le da lugar y crean fuentes de trabajo<\/strong>\u201d<\/p>\n\n\n\n<p>\u00a0\u00a0\u00a0\u00a0En relaci\u00f3n a la concepci\u00f3n de la escuela p\u00fablica por parte de gestiones anteriores anteriores Beltr\u00e1n asegura que\u00a0 \u201cEs un giro de 160 grados. Una muestra grande fue cuando se hizo el programa de embellecimiento a principios del ciclo lectivo en donde se le di\u00f3 participaci\u00f3n no s\u00f3lo a las cooperativas, sino tambi\u00e9n a las familias que quer\u00edan colaborar en las escuelas, a los vecinos.<strong> Estamos todos trabajando para un mismo fin que es el avance de la educaci\u00f3n p\u00fablica y el sostenimiento de las instituciones p\u00fablicas<\/strong>. No s\u00f3lo con \u201cescuelas a la obra\u201d, sino con el trabajo constante haciendo m\u00e1s fuerte el sentimiento de pertenencia. Es mi mirada no s\u00f3lo como presidenta del Consejo Escolar, sino como docente de hace 20 a\u00f1os.\u201d<\/p>\n\n\n\n<p><\/p>\n","protected":false},"excerpt":{"rendered":"<p>En di\u00e1logo con Moreno Primero, la presidenta del Consejo Escolar Sonia Beltr\u00e1n explica de qu\u00e9 se trata el programa y c\u00f3mo lo llevan a cabo en conjunto con toda la comunidad. El programa Escuelas a la Obra se enmarca dentro &hellip; <a href=\"https:\/\/morenoprimero.com.ar\/archivo\/moreno-pone-en-marcha-escuelas-a-la-obra\/\">Sigue leyendo <span class=\"meta-nav\">&rarr;<\/span><\/a><\/p>\n","protected":false},"author":6,"featured_media":330,"comment_status":"open","ping_status":"open","sticky":false,"template":"","format":"standard","meta":{"footnotes":""},"categories":[3,21,20],"tags":[186,192,191],"class_list":["post-329","post","type-post","status-publish","format-standard","has-post-thumbnail","hentry","category-importantes","category-interes-general","category-sociedad","tag-consejo-escolar","tag-educacion-publica","tag-escuelas-a-la-obra"],"_links":{"self":[{"href":"https:\/\/morenoprimero.com.ar\/archivo\/wp-json\/wp\/v2\/posts\/329","targetHints":{"allow":["GET"]}}],"collection":[{"href":"https:\/\/morenoprimero.com.ar\/archivo\/wp-json\/wp\/v2\/posts"}],"about":[{"href":"https:\/\/morenoprimero.com.ar\/archivo\/wp-json\/wp\/v2\/types\/post"}],"author":[{"embeddable":true,"href":"https:\/\/morenoprimero.com.ar\/archivo\/wp-json\/wp\/v2\/users\/6"}],"replies":[{"embeddable":true,"href":"https:\/\/morenoprimero.com.ar\/archivo\/wp-json\/wp\/v2\/comments?post=329"}],"version-history":[{"count":1,"href":"https:\/\/morenoprimero.com.ar\/archivo\/wp-json\/wp\/v2\/posts\/329\/revisions"}],"predecessor-version":[{"id":331,"href":"https:\/\/morenoprimero.com.ar\/archivo\/wp-json\/wp\/v2\/posts\/329\/revisions\/331"}],"wp:featuredmedia":[{"embeddable":true,"href":"https:\/\/morenoprimero.com.ar\/archivo\/wp-json\/wp\/v2\/media\/330"}],"wp:attachment":[{"href":"https:\/\/morenoprimero.com.ar\/archivo\/wp-json\/wp\/v2\/media?parent=329"}],"wp:term":[{"taxonomy":"category","embeddable":true,"href":"https:\/\/morenoprimero.com.ar\/archivo\/wp-json\/wp\/v2\/categories?post=329"},{"taxonomy":"post_tag","embeddable":true,"href":"https:\/\/morenoprimero.com.ar\/archivo\/wp-json\/wp\/v2\/tags?post=329"}],"curies":[{"name":"wp","href":"https:\/\/api.w.org\/{rel}","templated":true}]}}