{"id":32770,"date":"2022-09-29T09:27:41","date_gmt":"2022-09-29T12:27:41","guid":{"rendered":"https:\/\/morenoprimero.com.ar\/?p=32770"},"modified":"2022-10-03T08:15:01","modified_gmt":"2022-10-03T11:15:01","slug":"cristina-kirchner-propone-una-intervencion-mas-precisa-y-efectiva-contra-inflacion-y-pobreza","status":"publish","type":"post","link":"https:\/\/morenoprimero.com.ar\/archivo\/cristina-kirchner-propone-una-intervencion-mas-precisa-y-efectiva-contra-inflacion-y-pobreza\/","title":{"rendered":"Cristina Kirchner propone una \u00abintervenci\u00f3n m\u00e1s precisa y efectiva\u00bb contra inflaci\u00f3n y pobreza"},"content":{"rendered":"\n<p>La Vicepresidenta advirti\u00f3 que \u00ablas empresas alimentarias han aumentado muy fuerte sus m\u00e1rgenes de rentabilidad\u00bb y que&nbsp;\u00abest\u00e1 mas que claro\u00bb que la Argentina se encuentra \u00abante un fen\u00f3meno de inflaci\u00f3n por oferta y no por demanda\u00bb.<\/p>\n\n\n\n<p>La vicepresidenta Cristina Fern\u00e1ndez de Kirchner asegur\u00f3 que el aumento de la indigencia \u00abevidencia el impacto del fuerte aumento en los precios de los alimentos\u00bb y advirti\u00f3 que \u00ablas empresas alimentarias han aumentado muy fuerte sus m\u00e1rgenes de rentabilidad\u00bb, por lo que se pronunci\u00f3 en favor de \u00abuna pol\u00edtica de intervenci\u00f3n m\u00e1s precisa y efectiva en el sector\u00bb econ\u00f3mico para combatir la inflaci\u00f3n y sus derivaciones.<\/p>\n\n\n\n<p><strong>\u00abEl Indec publica hoy datos sobre el descenso de la pobreza del 37,3% al 36,5% en el primer semestre del 2022. Sin embargo, en el mismo per\u00edodo la indigencia aument\u00f3 del 8,2% al 8,8%, esto evidencia el impacto del fuerte aumento en los precios de los alimentos\u00bb<\/strong>, alert\u00f3 a trav\u00e9s de un hilo de Twitter.<\/p>\n\n\n\n<figure class=\"wp-block-embed is-type-rich is-provider-twitter wp-block-embed-twitter\"><div class=\"wp-block-embed__wrapper\">\n<blockquote class=\"twitter-tweet\" data-width=\"550\" data-dnt=\"true\"><p lang=\"es\" dir=\"ltr\">El ministerio de Econom\u00eda ha trabajado duro en todas las \u00e1reas de su competencia, pero es necesaria una pol\u00edtica de intervenci\u00f3n m\u00e1s precisa y efectiva en el sector y, al mismo tiempo, dise\u00f1ar un instrumento que refuerce la seguridad alimentaria en materia de indigencia.<\/p>&mdash; Cristina Kirchner (@CFKArgentina) <a href=\"https:\/\/twitter.com\/CFKArgentina\/status\/1575248414354317313?ref_src=twsrc%5Etfw\">September 28, 2022<\/a><\/blockquote><script async src=\"https:\/\/platform.twitter.com\/widgets.js\" charset=\"utf-8\"><\/script>\n<\/div><\/figure>\n\n\n\n<p>En ese marco, se\u00f1al\u00f3 que \u00abest\u00e1 mas que claro\u00bb que la Argentina se encuentra \u00abante un fen\u00f3meno de inflaci\u00f3n por oferta y no por demanda\u00bb.<\/p>\n\n\n\n<p>\u00abLas empresas alimentarias han aumentado muy fuerte sus m\u00e1rgenes de rentabilidad\u00bb, remarc\u00f3.<\/p>\n\n\n\n<p>Ante ese escenario, consider\u00f3 que \u00abel ministerio de Econom\u00eda ha trabajado duro en todas las \u00e1reas de su competencia, pero es necesaria una pol\u00edtica de intervenci\u00f3n m\u00e1s precisa y efectiva en el sector\u00bb.<\/p>\n\n\n\n<p>Por \u00faltimo,&nbsp;<strong>la Vicepresidenta propuso \u00abdise\u00f1ar un instrumento que refuerce la seguridad alimentaria en materia de indigencia\u00bb<\/strong>.<\/p>\n\n\n\n<p><\/p>\n","protected":false},"excerpt":{"rendered":"<p>La Vicepresidenta advirti\u00f3 que \u00ablas empresas alimentarias han aumentado muy fuerte sus m\u00e1rgenes de rentabilidad\u00bb y que&nbsp;\u00abest\u00e1 mas que claro\u00bb que la Argentina se encuentra \u00abante un fen\u00f3meno de inflaci\u00f3n por oferta y no por demanda\u00bb. La vicepresidenta Cristina Fern\u00e1ndez &hellip; <a href=\"https:\/\/morenoprimero.com.ar\/archivo\/cristina-kirchner-propone-una-intervencion-mas-precisa-y-efectiva-contra-inflacion-y-pobreza\/\">Sigue leyendo <span class=\"meta-nav\">&rarr;<\/span><\/a><\/p>\n","protected":false},"author":6,"featured_media":32771,"comment_status":"closed","ping_status":"closed","sticky":false,"template":"","format":"standard","meta":{"footnotes":""},"categories":[2330],"tags":[37],"class_list":["post-32770","post","type-post","status-publish","format-standard","has-post-thumbnail","hentry","category-nacional","tag-economia"],"_links":{"self":[{"href":"https:\/\/morenoprimero.com.ar\/archivo\/wp-json\/wp\/v2\/posts\/32770","targetHints":{"allow":["GET"]}}],"collection":[{"href":"https:\/\/morenoprimero.com.ar\/archivo\/wp-json\/wp\/v2\/posts"}],"about":[{"href":"https:\/\/morenoprimero.com.ar\/archivo\/wp-json\/wp\/v2\/types\/post"}],"author":[{"embeddable":true,"href":"https:\/\/morenoprimero.com.ar\/archivo\/wp-json\/wp\/v2\/users\/6"}],"replies":[{"embeddable":true,"href":"https:\/\/morenoprimero.com.ar\/archivo\/wp-json\/wp\/v2\/comments?post=32770"}],"version-history":[{"count":2,"href":"https:\/\/morenoprimero.com.ar\/archivo\/wp-json\/wp\/v2\/posts\/32770\/revisions"}],"predecessor-version":[{"id":32881,"href":"https:\/\/morenoprimero.com.ar\/archivo\/wp-json\/wp\/v2\/posts\/32770\/revisions\/32881"}],"wp:featuredmedia":[{"embeddable":true,"href":"https:\/\/morenoprimero.com.ar\/archivo\/wp-json\/wp\/v2\/media\/32771"}],"wp:attachment":[{"href":"https:\/\/morenoprimero.com.ar\/archivo\/wp-json\/wp\/v2\/media?parent=32770"}],"wp:term":[{"taxonomy":"category","embeddable":true,"href":"https:\/\/morenoprimero.com.ar\/archivo\/wp-json\/wp\/v2\/categories?post=32770"},{"taxonomy":"post_tag","embeddable":true,"href":"https:\/\/morenoprimero.com.ar\/archivo\/wp-json\/wp\/v2\/tags?post=32770"}],"curies":[{"name":"wp","href":"https:\/\/api.w.org\/{rel}","templated":true}]}}