{"id":32750,"date":"2022-09-29T10:55:27","date_gmt":"2022-09-29T13:55:27","guid":{"rendered":"https:\/\/morenoprimero.com.ar\/?p=32750"},"modified":"2022-09-29T10:55:28","modified_gmt":"2022-09-29T13:55:28","slug":"el-programa-tenes-derecho-llega-al-barrio-satelite","status":"publish","type":"post","link":"https:\/\/morenoprimero.com.ar\/archivo\/el-programa-tenes-derecho-llega-al-barrio-satelite\/","title":{"rendered":"El programa \u00abTen\u00e9s Derecho\u00bb llega al barrio Sat\u00e9lite"},"content":{"rendered":"\n<p>Este jueves 29 de septiembre, de 11 a 14hs, se llevar\u00e1 adelante en el SUM del barrio Sat\u00e9lite una nueva jornada del programa municipal \u00abTen\u00e9s Derecho\u00bb. Desde Moreno Primero dialogamos con Ismael Castro, Subsecretario de Acceso a la Justicia, quien manifest\u00f3 \u00ab<strong>Cada vez m\u00e1s gente se acerca a consultar o iniciar tr\u00e1mites\u00bb.<\/strong><\/p>\n\n\n\n<p>\u00ab<strong>Esta semana estaremos en el SUM del barrio Sat\u00e9lite con el programa \u00abTen\u00e9s derecho\u00bb como parte de las pol\u00edticas territoriales que se llevan a cabo desde las tres direcciones de la Secretar\u00eda<\/strong>\u00ab, explic\u00f3 Castro.<\/p>\n\n\n\n<p>Acerca de los tr\u00e1mites que m\u00e1s se realizan, el Subsecretario de Acceso a la Justicia destac\u00f3 que \u00ab<strong>s<\/strong><strong>iempre lo m\u00e1s requerido tienen que ver con identidad y migrantes, con tr\u00e1mites de documentaci\u00f3n, pero tambi\u00e9n consideramos la importancia de que la gente conozca que tiene una instancia muy propicia para defender sus derechos como consumidores y usuarios\u00bb.<\/strong><\/p>\n\n\n\n<p>Por \u00faltimo, Castro resalt\u00f3 que \u00ab<strong>gratamente se est\u00e1 dando que se acerca cada vez m\u00e1s gente a consultar o iniciar tr\u00e1mites, lo mismo con las mediaciones comunitarias, d\u00f3nde la municipalidad interviene en conflictos vecinales y se acuerdan resoluciones pac\u00edficas y dialogadas que muchas veces por no ser abordadas terminan en conflictos graves\u00bb.<\/strong><\/p>\n\n\n\n<p>El programa \u00abTen\u00e9s Derecho\u00bb tiene un formato rotativo semanal, los d\u00edas lunes, y jueves en distintos barrios del territorio de Moreno. Se asesorar\u00e1 en los siguientes temas:<\/p>\n\n\n\n<ul class=\"wp-block-list\"><li>Derecho de Consumidores y Usuarios: asesoramiento e inicio de reclamos, para dar comienzo al expediente se deber\u00e1 contar con ticket o factura y Documento Nacional de Identidad (D.N.I.).<\/li><li>Identidad y Migrantes: asesoramiento en tr\u00e1mites de Documento Nacional de Identidad (DNI); Certificados NN; cambio de domicilio y tr\u00e1mites de apoyo al migrante.<\/li><li>Mediaciones Comunitarias: asesoramiento sobre inspecciones y mediaciones comunitarias.<\/li><\/ul>\n\n\n\n<p><\/p>\n\n\n<div class=\"wp-block-image\">\n<figure class=\"aligncenter size-large\"><a href=\"https:\/\/morenoprimero.com.ar\/wp-content\/uploads\/2022\/09\/309049886_3348072315517424_442847304213439975_n.jpg\"><img loading=\"lazy\" decoding=\"async\" width=\"1024\" height=\"1024\" src=\"https:\/\/morenoprimero.com.ar\/wp-content\/uploads\/2022\/09\/309049886_3348072315517424_442847304213439975_n-1024x1024.jpg\" alt=\"\" class=\"wp-image-32751\" srcset=\"https:\/\/morenoprimero.com.ar\/archivo\/wp-content\/uploads\/2022\/09\/309049886_3348072315517424_442847304213439975_n-1024x1024.jpg 1024w, https:\/\/morenoprimero.com.ar\/archivo\/wp-content\/uploads\/2022\/09\/309049886_3348072315517424_442847304213439975_n-300x300.jpg 300w, https:\/\/morenoprimero.com.ar\/archivo\/wp-content\/uploads\/2022\/09\/309049886_3348072315517424_442847304213439975_n-150x150.jpg 150w, https:\/\/morenoprimero.com.ar\/archivo\/wp-content\/uploads\/2022\/09\/309049886_3348072315517424_442847304213439975_n-768x768.jpg 768w, https:\/\/morenoprimero.com.ar\/archivo\/wp-content\/uploads\/2022\/09\/309049886_3348072315517424_442847304213439975_n.jpg 1280w\" sizes=\"auto, (max-width: 1024px) 100vw, 1024px\" \/><\/a><\/figure>\n<\/div>","protected":false},"excerpt":{"rendered":"<p>Este jueves 29 de septiembre, de 11 a 14hs, se llevar\u00e1 adelante en el SUM del barrio Sat\u00e9lite una nueva jornada del programa municipal \u00abTen\u00e9s Derecho\u00bb. Desde Moreno Primero dialogamos con Ismael Castro, Subsecretario de Acceso a la Justicia, quien &hellip; <a href=\"https:\/\/morenoprimero.com.ar\/archivo\/el-programa-tenes-derecho-llega-al-barrio-satelite\/\">Sigue leyendo <span class=\"meta-nav\">&rarr;<\/span><\/a><\/p>\n","protected":false},"author":6,"featured_media":32754,"comment_status":"closed","ping_status":"closed","sticky":false,"template":"","format":"standard","meta":{"footnotes":""},"categories":[3,2328],"tags":[6],"class_list":["post-32750","post","type-post","status-publish","format-standard","has-post-thumbnail","hentry","category-importantes","category-local","tag-moreno"],"_links":{"self":[{"href":"https:\/\/morenoprimero.com.ar\/archivo\/wp-json\/wp\/v2\/posts\/32750","targetHints":{"allow":["GET"]}}],"collection":[{"href":"https:\/\/morenoprimero.com.ar\/archivo\/wp-json\/wp\/v2\/posts"}],"about":[{"href":"https:\/\/morenoprimero.com.ar\/archivo\/wp-json\/wp\/v2\/types\/post"}],"author":[{"embeddable":true,"href":"https:\/\/morenoprimero.com.ar\/archivo\/wp-json\/wp\/v2\/users\/6"}],"replies":[{"embeddable":true,"href":"https:\/\/morenoprimero.com.ar\/archivo\/wp-json\/wp\/v2\/comments?post=32750"}],"version-history":[{"count":2,"href":"https:\/\/morenoprimero.com.ar\/archivo\/wp-json\/wp\/v2\/posts\/32750\/revisions"}],"predecessor-version":[{"id":32753,"href":"https:\/\/morenoprimero.com.ar\/archivo\/wp-json\/wp\/v2\/posts\/32750\/revisions\/32753"}],"wp:featuredmedia":[{"embeddable":true,"href":"https:\/\/morenoprimero.com.ar\/archivo\/wp-json\/wp\/v2\/media\/32754"}],"wp:attachment":[{"href":"https:\/\/morenoprimero.com.ar\/archivo\/wp-json\/wp\/v2\/media?parent=32750"}],"wp:term":[{"taxonomy":"category","embeddable":true,"href":"https:\/\/morenoprimero.com.ar\/archivo\/wp-json\/wp\/v2\/categories?post=32750"},{"taxonomy":"post_tag","embeddable":true,"href":"https:\/\/morenoprimero.com.ar\/archivo\/wp-json\/wp\/v2\/tags?post=32750"}],"curies":[{"name":"wp","href":"https:\/\/api.w.org\/{rel}","templated":true}]}}