{"id":32716,"date":"2022-09-29T12:44:38","date_gmt":"2022-09-29T15:44:38","guid":{"rendered":"https:\/\/morenoprimero.com.ar\/?p=32716"},"modified":"2022-10-03T08:14:55","modified_gmt":"2022-10-03T11:14:55","slug":"atencion-morenenses-beneficiarios-las-becas-progresar-podran-estudiar-idiomas-y-recibir-un-plus-de-6000","status":"publish","type":"post","link":"https:\/\/morenoprimero.com.ar\/archivo\/atencion-morenenses-beneficiarios-las-becas-progresar-podran-estudiar-idiomas-y-recibir-un-plus-de-6000\/","title":{"rendered":"Atenci\u00f3n morenenses: beneficiarios las Becas Progresar podr\u00e1n estudiar idiomas y recibir un plus de $6000 \u00a0"},"content":{"rendered":"\n<p>Los titulares de las becas Progresar podr\u00e1n ser parte de m\u00e1s de 20.000 cursos gratuitos que dictar\u00e1n 35 universidades de gesti\u00f3n p\u00fablica y 65 institutos superiores de formaci\u00f3n docente de todo el pa\u00eds. As\u00ed, se busca fortalecer la trayectoria acad\u00e9mica de las y los becarios, incrementar sus competencias ling\u00fc\u00edsticas&nbsp; e internacionales y democratizar el acceso a oportunidades de formaci\u00f3n y empleo. &nbsp;<\/p>\n\n\n\n<p>La Administraci\u00f3n Nacional de la Seguridad Social (ANSES) junto al Ministerio de Educaci\u00f3n de la Naci\u00f3n, anunciaron que en el mes de octubre, los y las beneficiarias de las Becas Progresar, podr\u00e1n acceder al cobro de un plus de $6000 para aprender una lengua extranjera.&nbsp;<\/p>\n\n\n\n<p>Se trata del&nbsp;<strong>Programa de Formaci\u00f3n y Certificaci\u00f3n en Lenguas Extranjeras<\/strong>, el cual est\u00e1 enfocado en que los titulares de Becas Progresar puedan ser parte de m\u00e1s de 20.000&nbsp;cursos&nbsp;gratuitos que dictar\u00e1n universidades nacionales. A este programa podr\u00e1n acceder m\u00e1s de 400 mil j\u00f3venes de todo el pa\u00eds.&nbsp;<\/p>\n\n\n\n<p>Los&nbsp;cursos<a href=\"https:\/\/infocielo.com\/cursos-a1754\" target=\"_blank\" rel=\"noreferrer noopener\">&nbsp;<\/a>en lenguas extranjera&nbsp;<strong>se podr\u00e1n aprovechar en 35 universidades de gesti\u00f3n p\u00fablica y 65 institutos superiores de formaci\u00f3n docente de todo el pa\u00eds.&nbsp;<\/strong>Quienes sean parte de esta formaci\u00f3n en&nbsp;idiomas recibir\u00e1n una ayuda social adicional que se sumar\u00e1 al pago de su beca que ya reciben.&nbsp;<\/p>\n\n\n\n<p><strong>El monto ser\u00e1 de $1.500 mensuales durante cuatro meses, es decir $6.000<\/strong>, que se acreditar\u00e1 al finalizar el curso, con la certificaci\u00f3n de la instituci\u00f3n formadora. Seg\u00fan explic\u00f3 el organismo, el programa tiene como objetivos: el fortalecimiento de la trayectoria acad\u00e9mica de las y los becarios; el incremento de las competencias ling\u00fc\u00edsticas e internacionales de quienes participen del programa; y la federalizaci\u00f3n y democratizaci\u00f3n del acceso a oportunidades de formaci\u00f3n y empleo.&nbsp;<\/p>\n\n\n\n<p><strong>Los cursos que se brindar\u00e1n van a ser virtuales con una duraci\u00f3n de 64 horas cuatrimestrales, y hay diferentes niveles.&nbsp;<\/strong>Cada uno de ellos tiene 4 meses de duraci\u00f3n y, una vez que la persona haya aprobado un nivel, podr\u00e1 seguir form\u00e1ndose en el mismo idioma o elegir uno nuevo.&nbsp;<\/p>\n\n\n\n<p>Los becarios que se inscriban podr\u00e1n acceder a cursos de los siguientes idiomas: ingl\u00e9s, franc\u00e9s, portugu\u00e9s, alem\u00e1n, italiano y chino mandar\u00edn. Asimismo, se dictar\u00e1n cursos de&nbsp;<strong>espa\u00f1ol&nbsp;<\/strong>como segunda lengua para estudiantes de pueblos originarios, migrantes y refugiados.&nbsp;<\/p>\n\n\n\n<p>Las personas que se pueden inscribir al nuevo programa de ANSES son aquellas titulares de todas las l\u00edneas de las Becas Progresar:&nbsp;<\/p>\n\n\n\n<ul class=\"wp-block-list\"><li>Progresar 16 y 17 a\u00f1os.&nbsp;<\/li><li>Educaci\u00f3n obligatoria.&nbsp;<\/li><li>Educaci\u00f3n superior.&nbsp;<\/li><li>Progresar Trabajo.&nbsp;<\/li><\/ul>\n\n\n\n<p>Al igual que ocurre con las distintas l\u00edneas del Progresar 2022, la inscripci\u00f3n a los cursos de idiomas se realizar\u00e1 a trav\u00e9s de la&nbsp;<a href=\"https:\/\/www.argentina.gob.ar\/educacion\/progresar\" target=\"_blank\" rel=\"noreferrer noopener\">p\u00e1gina oficial de las Becas Progresar,&nbsp;<\/a> o a trav\u00e9s de la aplicaci\u00f3n&nbsp;<strong>progresar+<\/strong>.&nbsp;<\/p>\n","protected":false},"excerpt":{"rendered":"<p>Los titulares de las becas Progresar podr\u00e1n ser parte de m\u00e1s de 20.000 cursos gratuitos que dictar\u00e1n 35 universidades de gesti\u00f3n p\u00fablica y 65 institutos superiores de formaci\u00f3n docente de todo el pa\u00eds. As\u00ed, se busca fortalecer la trayectoria acad\u00e9mica &hellip; <a href=\"https:\/\/morenoprimero.com.ar\/archivo\/atencion-morenenses-beneficiarios-las-becas-progresar-podran-estudiar-idiomas-y-recibir-un-plus-de-6000\/\">Sigue leyendo <span class=\"meta-nav\">&rarr;<\/span><\/a><\/p>\n","protected":false},"author":6,"featured_media":32717,"comment_status":"closed","ping_status":"closed","sticky":false,"template":"","format":"standard","meta":{"footnotes":""},"categories":[21],"tags":[1691],"class_list":["post-32716","post","type-post","status-publish","format-standard","has-post-thumbnail","hentry","category-interes-general","tag-progresar"],"_links":{"self":[{"href":"https:\/\/morenoprimero.com.ar\/archivo\/wp-json\/wp\/v2\/posts\/32716","targetHints":{"allow":["GET"]}}],"collection":[{"href":"https:\/\/morenoprimero.com.ar\/archivo\/wp-json\/wp\/v2\/posts"}],"about":[{"href":"https:\/\/morenoprimero.com.ar\/archivo\/wp-json\/wp\/v2\/types\/post"}],"author":[{"embeddable":true,"href":"https:\/\/morenoprimero.com.ar\/archivo\/wp-json\/wp\/v2\/users\/6"}],"replies":[{"embeddable":true,"href":"https:\/\/morenoprimero.com.ar\/archivo\/wp-json\/wp\/v2\/comments?post=32716"}],"version-history":[{"count":2,"href":"https:\/\/morenoprimero.com.ar\/archivo\/wp-json\/wp\/v2\/posts\/32716\/revisions"}],"predecessor-version":[{"id":32763,"href":"https:\/\/morenoprimero.com.ar\/archivo\/wp-json\/wp\/v2\/posts\/32716\/revisions\/32763"}],"wp:featuredmedia":[{"embeddable":true,"href":"https:\/\/morenoprimero.com.ar\/archivo\/wp-json\/wp\/v2\/media\/32717"}],"wp:attachment":[{"href":"https:\/\/morenoprimero.com.ar\/archivo\/wp-json\/wp\/v2\/media?parent=32716"}],"wp:term":[{"taxonomy":"category","embeddable":true,"href":"https:\/\/morenoprimero.com.ar\/archivo\/wp-json\/wp\/v2\/categories?post=32716"},{"taxonomy":"post_tag","embeddable":true,"href":"https:\/\/morenoprimero.com.ar\/archivo\/wp-json\/wp\/v2\/tags?post=32716"}],"curies":[{"name":"wp","href":"https:\/\/api.w.org\/{rel}","templated":true}]}}