{"id":32673,"date":"2022-10-14T12:46:03","date_gmt":"2022-10-14T15:46:03","guid":{"rendered":"https:\/\/morenoprimero.com.ar\/?p=32673"},"modified":"2022-10-14T12:46:04","modified_gmt":"2022-10-14T15:46:04","slug":"mirta-bravo-presenta-su-libro-inevitable-en-la-feria-del-libro-de-moreno","status":"publish","type":"post","link":"https:\/\/morenoprimero.com.ar\/archivo\/mirta-bravo-presenta-su-libro-inevitable-en-la-feria-del-libro-de-moreno\/","title":{"rendered":"Mirta Bravo presenta su libro \u201cInevitable\u201d en la Feria del Libro de Moreno\u00a0"},"content":{"rendered":"\n<p>Desde los 3 a\u00f1os vive en Moreno, es licenciada en psicolog\u00eda y en 2014 viaj\u00f3 a Madrid para especializarse en terapias de tercera generaci\u00f3n. Presentar\u00e1 su en Moreno el pr\u00f3ximo 15 de octubre a las 17:30 horas en el Club Social Paso del Rey. En di\u00e1logo con Moreno Primero, Mirta cuenta sobre \u201cInevitable, habitar el dolor como parte de la vida\u201d. Un libro destinado a quienes atraviesen una situaci\u00f3n de dolor, como as\u00ed tambi\u00e9n, a quien no tome decisiones en su vida por miedo a sentir dolor.&nbsp;<\/p>\n\n\n\n<p>Es el primer libro de su autor\u00eda y fue publicado en marzo. La Lic. Mirta Bravo lo present\u00f3 en la Feria Internacional del Libro y en la Feria del libro de Merlo. Lleg\u00f3 el momento de presentarlo en la localidad en la que vive hace 40 a\u00f1os, Moreno.&nbsp;<\/p>\n\n\n\n<p>\u201c<strong>Es un libro que tiene que ver mucho con mi formaci\u00f3n<\/strong>\u201d, explica la psic\u00f3loga que se form\u00f3 en terapias de tercera generaci\u00f3n, \u201cq<strong>ue son terapias de los \u00faltimos 20 o 25 a\u00f1os<\/strong>\u201d se\u00f1ala. &nbsp;\u201c<strong>Yo no soy psicoanalista, no trabajo en consultorios tradicionales, esta terapia la fui a estudiar a Madrid en 2014 y las trajimos para ac\u00e1 con otro colega; ahora se est\u00e1 multiplicando m\u00e1s<\/strong>\u201d indica la Lic. Bravo.&nbsp;<\/p>\n\n\n\n<p>\u201c<strong>Son terapias que tienen mucha filosof\u00eda budista, oriental, que plantean que las emociones no son ni buenas ni malas, el dolor es parte de la vida\u201d <\/strong>explica Bravo, y prosigue,<strong> \u201cel libro se trata de eso, de que para estar saludables muchas veces tenemos que pasar por situaciones de dolor, y no hay que tener miedo a eso<\/strong>\u201d.&nbsp;<\/p>\n\n\n\n<figure class=\"wp-block-gallery has-nested-images columns-default is-cropped wp-block-gallery-1 is-layout-flex wp-block-gallery-is-layout-flex\">\n<figure class=\"wp-block-image size-large\"><a href=\"https:\/\/morenoprimero.com.ar\/wp-content\/uploads\/2022\/09\/Mirta-Bravo-2.jpg\"><img loading=\"lazy\" decoding=\"async\" width=\"720\" height=\"882\" data-id=\"32681\" src=\"https:\/\/morenoprimero.com.ar\/wp-content\/uploads\/2022\/09\/Mirta-Bravo-2.jpg\" alt=\"\" class=\"wp-image-32681\" srcset=\"https:\/\/morenoprimero.com.ar\/archivo\/wp-content\/uploads\/2022\/09\/Mirta-Bravo-2.jpg 720w, https:\/\/morenoprimero.com.ar\/archivo\/wp-content\/uploads\/2022\/09\/Mirta-Bravo-2-245x300.jpg 245w\" sizes=\"auto, (max-width: 720px) 100vw, 720px\" \/><\/a><\/figure>\n\n\n\n<figure class=\"wp-block-image size-large\"><a href=\"https:\/\/morenoprimero.com.ar\/wp-content\/uploads\/2022\/09\/Mirta-Bravo-Inevitable.jpg\"><img loading=\"lazy\" decoding=\"async\" width=\"720\" height=\"780\" data-id=\"32682\" src=\"https:\/\/morenoprimero.com.ar\/wp-content\/uploads\/2022\/09\/Mirta-Bravo-Inevitable.jpg\" alt=\"\" class=\"wp-image-32682\" srcset=\"https:\/\/morenoprimero.com.ar\/archivo\/wp-content\/uploads\/2022\/09\/Mirta-Bravo-Inevitable.jpg 720w, https:\/\/morenoprimero.com.ar\/archivo\/wp-content\/uploads\/2022\/09\/Mirta-Bravo-Inevitable-277x300.jpg 277w\" sizes=\"auto, (max-width: 720px) 100vw, 720px\" \/><\/a><\/figure>\n<\/figure>\n\n\n\n<p><\/p>\n\n\n\n<p>Adem\u00e1s, adelanta que est\u00e1 escribiendo algo sobre sordera tambi\u00e9n, ya que es estimuladora temprana y profesora de sordos hace 20 a\u00f1os, y a su vez, en marzo del siguiente a\u00f1o tiene pensado \u201c<strong>sacar la contracara del libro \u201cInevitable\u201d que es el amor, porque yo ah\u00ed l que planteo con la escritura y todo lo que uno va haciendo y la formaci\u00f3n, es que solamente nos duele aquello que amamos\u201d<\/strong> y agrega \u201c<strong>entonces, el amor es la contracara del dolor, un gran tema gran, hablando del amor en todas sus formas<\/strong>\u201d.&nbsp;<\/p>\n\n\n\n<p>Es un libro <strong>\u201cque est\u00e1 dirigido m\u00e1s que nada a la gente com\u00fan, no es un libro acad\u00e9mic<\/strong>o\u201d. La editorial, reconoce, \u201c<strong>me ped\u00eda que haya algo acad\u00e9mico porque obviamente no quer\u00edan que parezca un libro de autoayuda<\/strong>\u201d, pero s\u00f3lo en el \u00faltimo cap\u00edtulo habla de la terapia de tercera generaci\u00f3n, \u201c<strong>en los dem\u00e1s cap\u00edtulos la idea es que llegue a todo el p\u00fablico en general, a todas aquellas personas que est\u00e9n pasando por un dolor muy grande, o un duelo, as\u00ed que va destinado a esa gente<\/strong>\u201d.&nbsp;<\/p>\n\n\n\n<p>Pero, adem\u00e1s, este libro tambi\u00e9n est\u00e1 destinado a personas que, por ejemplo, les cueste entablar alg\u00fan tipo de relaci\u00f3n, o m\u00e1s en general, les cueste tomar cualquier tipo de decisi\u00f3n, por miedo a atravesar una situaci\u00f3n de dolor m\u00e1s adelante. \u201c<strong>Tambi\u00e9n es para aquellas personas. El dolor es inevitable, si nosotros queremos tener vidas valiosas, con momentos de plenitud, hay que tomar el riesgo de tener un dolor, sino no vivir\u00edamos historias de amor, estar\u00edamos encerrados, sin conocer a nadie, e igualmente estar\u00edamos sufriendo queriendo evitar el dolor<\/strong>\u201d, expresa la licenciada.&nbsp;<\/p>\n\n\n\n<p>\u201c<strong>Cada vez que uno tiene la valent\u00eda de atravesar historias de amor en todas sus formas, estamos arriesg\u00e1ndonos a tener un dolor, porque ese amor se puede terminar, pueden no amarnos m\u00e1s, pero creo que tambi\u00e9n hace que la vida tenga otro color. Entonces cada vez que evitamos tener un dolor evitamos vivir pleno<\/strong>\u201d concluye Mirta Bravo. &nbsp;<\/p>\n\n\n\n<blockquote class=\"wp-block-quote is-layout-flow wp-block-quote-is-layout-flow\"><p>\u00ab<em>Cada vez que uno tiene la valent\u00eda de atravesar historias de amor en todas sus formas, estamos arriesg\u00e1ndonos a tener un dolor, porque ese amor se puede terminar, pueden no amarnos m\u00e1s, pero creo que tambi\u00e9n hace que la vida tenga otro color. Entonces cada vez que evitamos tener un dolor evitamos vivir pleno.<\/em>\u00ab<\/p><cite>Mirta Bravo.<\/cite><\/blockquote>\n","protected":false},"excerpt":{"rendered":"<p>Desde los 3 a\u00f1os vive en Moreno, es licenciada en psicolog\u00eda y en 2014 viaj\u00f3 a Madrid para especializarse en terapias de tercera generaci\u00f3n. Presentar\u00e1 su en Moreno el pr\u00f3ximo 15 de octubre a las 17:30 horas en el Club &hellip; <a href=\"https:\/\/morenoprimero.com.ar\/archivo\/mirta-bravo-presenta-su-libro-inevitable-en-la-feria-del-libro-de-moreno\/\">Sigue leyendo <span class=\"meta-nav\">&rarr;<\/span><\/a><\/p>\n","protected":false},"author":6,"featured_media":32677,"comment_status":"open","ping_status":"open","sticky":false,"template":"","format":"standard","meta":{"footnotes":""},"categories":[21],"tags":[],"class_list":["post-32673","post","type-post","status-publish","format-standard","has-post-thumbnail","hentry","category-interes-general"],"_links":{"self":[{"href":"https:\/\/morenoprimero.com.ar\/archivo\/wp-json\/wp\/v2\/posts\/32673","targetHints":{"allow":["GET"]}}],"collection":[{"href":"https:\/\/morenoprimero.com.ar\/archivo\/wp-json\/wp\/v2\/posts"}],"about":[{"href":"https:\/\/morenoprimero.com.ar\/archivo\/wp-json\/wp\/v2\/types\/post"}],"author":[{"embeddable":true,"href":"https:\/\/morenoprimero.com.ar\/archivo\/wp-json\/wp\/v2\/users\/6"}],"replies":[{"embeddable":true,"href":"https:\/\/morenoprimero.com.ar\/archivo\/wp-json\/wp\/v2\/comments?post=32673"}],"version-history":[{"count":4,"href":"https:\/\/morenoprimero.com.ar\/archivo\/wp-json\/wp\/v2\/posts\/32673\/revisions"}],"predecessor-version":[{"id":33215,"href":"https:\/\/morenoprimero.com.ar\/archivo\/wp-json\/wp\/v2\/posts\/32673\/revisions\/33215"}],"wp:featuredmedia":[{"embeddable":true,"href":"https:\/\/morenoprimero.com.ar\/archivo\/wp-json\/wp\/v2\/media\/32677"}],"wp:attachment":[{"href":"https:\/\/morenoprimero.com.ar\/archivo\/wp-json\/wp\/v2\/media?parent=32673"}],"wp:term":[{"taxonomy":"category","embeddable":true,"href":"https:\/\/morenoprimero.com.ar\/archivo\/wp-json\/wp\/v2\/categories?post=32673"},{"taxonomy":"post_tag","embeddable":true,"href":"https:\/\/morenoprimero.com.ar\/archivo\/wp-json\/wp\/v2\/tags?post=32673"}],"curies":[{"name":"wp","href":"https:\/\/api.w.org\/{rel}","templated":true}]}}