{"id":32643,"date":"2022-09-27T12:57:32","date_gmt":"2022-09-27T15:57:32","guid":{"rendered":"https:\/\/morenoprimero.com.ar\/?p=32643"},"modified":"2022-09-27T12:57:33","modified_gmt":"2022-09-27T15:57:33","slug":"intendentes-e-intendentas-oficialistas-se-reunieron-para-debatir-sobre-las-situaciones-distritales-con-el-foco-en-la-inflacion-y-la-seguridad","status":"publish","type":"post","link":"https:\/\/morenoprimero.com.ar\/archivo\/intendentes-e-intendentas-oficialistas-se-reunieron-para-debatir-sobre-las-situaciones-distritales-con-el-foco-en-la-inflacion-y-la-seguridad\/","title":{"rendered":"Intendentes e intendentas oficialistas se reunieron para debatir sobre las situaciones distritales, con el foco en la inflaci\u00f3n y la seguridad\u00a0"},"content":{"rendered":"\n<p>Fue en Avellaneda y se reunieron con el jefe de Gabinete bonaerense, Mart\u00edn Insaurralde, el ministro nacional de Obras P\u00fablicas, Gabriel Katopodis, y el de H\u00e1bitat, Jorge Ferraresi. La intendenta Mariel Fern\u00e1ndez afirm\u00f3 que: \u00abacordamos una agenda de trabajo que priorice las necesidades de las y los habitantes de toda la provincia. Trabajamos todas y todos para llevarle dignidad y felicidad a nuestro pueblo\u00bb.&nbsp;<\/p>\n\n\n\n<p>Luego de que la intendenta de Moreno,<strong> Mariel Fern\u00e1ndez<\/strong>, recibiera a fines de agosto a intendentes de la primera secci\u00f3n electoral, junto al presidente del PJ provincial, M\u00e1ximo Kirchner,&nbsp;en <strong>La Casa del Partido de Moreno,<\/strong> donde intercambiaron y debatieron pol\u00edticas p\u00fablicas; los intendentes e intendentas se volvieron a reunir, ahora en Avellaneda.&nbsp;<\/p>\n\n\n\n<p>Intendentes e intendentas oficialistas de la Primera y Tercera secci\u00f3n electoral mantuvieron una reuni\u00f3n con el jefe de Gabinete bonaerense, <strong>Mart\u00edn Insaurralde<\/strong>, junto a los ministros nacionales <strong>Gabriel Katopodis,<\/strong> de Obras P\u00fablicas, y el local <strong>Jorge Ferraresi<\/strong>, de H\u00e1bitat. &nbsp;<\/p>\n\n\n\n<p>El objetivo de la reuni\u00f3n estuvo centrado en realizar un diagn\u00f3stico de la situaci\u00f3n en cada uno de los distritos del Conurbano bonaerense, para establecer una agenda de trabajo com\u00fan de los principales temas que afectan a la poblaci\u00f3n, como lo son el aumento de los precios de los alimentos, la inflaci\u00f3n y la seguridad.&nbsp;<\/p>\n\n\n\n<blockquote class=\"wp-block-quote is-layout-flow wp-block-quote-is-layout-flow\"><p>\u00ab<em>Esta tarde nos reunimos con intendentes e intendentas peronistas del conurbano bonaerense, atentos a las m\u00faltiples situaciones de los gobiernos locales y para establecer una agenda de trabajo com\u00fan que incluya los principales temas que les preocupan a las y los vecinos. <\/em>&nbsp;<br><em>Acordamos profundizar el diagn\u00f3stico sobre estas realidades y avanzar en trabajos articulados que tambi\u00e9n involucren a la Provincia y la Naci\u00f3n para mejorar la calidad de vida de todos y cada uno de los y las bonaerenses.<\/em>\u00bb&nbsp;<\/p><cite><em> Mart\u00edn Insaurralde.<\/em><\/cite><\/blockquote>\n\n\n\n<p>Al respecto, destacaron la articulaci\u00f3n con Naci\u00f3n y Provincia y la importante inversi\u00f3n realizada en el marco del<strong>&nbsp;Programa de Fortalecimiento de Seguridad<\/strong>&nbsp;para la Provincia de Buenos Aires ejecutado en 2020 .A la vez, solicitaron<strong> profundizar \u00ablo trabajado\u00bb para lograr mayor presencia en los barrios con nuevos patrulleros, mayor tecnolog\u00eda y equipamiento, lo que permitir\u00e1 reforzar las tareas de prevenci\u00f3n del delito.&nbsp;<\/strong><\/p>\n\n\n\n<p>Por otro lado, adem\u00e1s, se plante\u00f3 la necesidad de seguir estableciendo<strong> pol\u00edticas de incentivo en materia econ\u00f3mica<\/strong> <strong>para lograr que los sueldos le ganen a la inflaci\u00f3n<\/strong>, luego de que el&nbsp;<strong>INDEC&nbsp;<\/strong>informara que en agosto el \u00edndice de precios subiera un 7% y marcara un incremento del 56,4% solo en lo que va del a\u00f1o.&nbsp;<\/p>\n\n\n\n<p><strong>Al respecto de la reuni\u00f3n, Mariel Fern\u00e1ndez inform\u00f3 que acordaron \u201cuna agenda de trabajo que priorice las necesidades de las y los habitantes de toda la provincia\u201d y asegur\u00f3 que \u201ctrabajamos todas y todos juntos para llevarle dignidad y felicidad a nuestro pueblo\u201d.&nbsp;<\/strong><\/p>\n\n\n\n<blockquote class=\"wp-block-quote is-layout-flow wp-block-quote-is-layout-flow\"><p><em>Nos encontramos con intendentas e intendentes de la primera y tercera secci\u00f3n, ministros provinciales y ministros nacionales para acordar una agenda de trabajo que priorice las necesidades de las y los habitantes de toda la provincia.<br>Trabajamos todas y todos juntos para llevarle dignidad y felicidad a nuestro pueblo.&nbsp;<\/em><\/p><cite>Mariel Fern\u00e1ndez.<\/cite><\/blockquote>\n","protected":false},"excerpt":{"rendered":"<p>Fue en Avellaneda y se reunieron con el jefe de Gabinete bonaerense, Mart\u00edn Insaurralde, el ministro nacional de Obras P\u00fablicas, Gabriel Katopodis, y el de H\u00e1bitat, Jorge Ferraresi. La intendenta Mariel Fern\u00e1ndez afirm\u00f3 que: \u00abacordamos una agenda de trabajo que &hellip; <a href=\"https:\/\/morenoprimero.com.ar\/archivo\/intendentes-e-intendentas-oficialistas-se-reunieron-para-debatir-sobre-las-situaciones-distritales-con-el-foco-en-la-inflacion-y-la-seguridad\/\">Sigue leyendo <span class=\"meta-nav\">&rarr;<\/span><\/a><\/p>\n","protected":false},"author":6,"featured_media":32644,"comment_status":"open","ping_status":"open","sticky":false,"template":"","format":"standard","meta":{"footnotes":""},"categories":[21],"tags":[429,276,74],"class_list":["post-32643","post","type-post","status-publish","format-standard","has-post-thumbnail","hentry","category-interes-general","tag-intendentes","tag-mariel-fernandez","tag-municipios"],"_links":{"self":[{"href":"https:\/\/morenoprimero.com.ar\/archivo\/wp-json\/wp\/v2\/posts\/32643","targetHints":{"allow":["GET"]}}],"collection":[{"href":"https:\/\/morenoprimero.com.ar\/archivo\/wp-json\/wp\/v2\/posts"}],"about":[{"href":"https:\/\/morenoprimero.com.ar\/archivo\/wp-json\/wp\/v2\/types\/post"}],"author":[{"embeddable":true,"href":"https:\/\/morenoprimero.com.ar\/archivo\/wp-json\/wp\/v2\/users\/6"}],"replies":[{"embeddable":true,"href":"https:\/\/morenoprimero.com.ar\/archivo\/wp-json\/wp\/v2\/comments?post=32643"}],"version-history":[{"count":6,"href":"https:\/\/morenoprimero.com.ar\/archivo\/wp-json\/wp\/v2\/posts\/32643\/revisions"}],"predecessor-version":[{"id":32660,"href":"https:\/\/morenoprimero.com.ar\/archivo\/wp-json\/wp\/v2\/posts\/32643\/revisions\/32660"}],"wp:featuredmedia":[{"embeddable":true,"href":"https:\/\/morenoprimero.com.ar\/archivo\/wp-json\/wp\/v2\/media\/32644"}],"wp:attachment":[{"href":"https:\/\/morenoprimero.com.ar\/archivo\/wp-json\/wp\/v2\/media?parent=32643"}],"wp:term":[{"taxonomy":"category","embeddable":true,"href":"https:\/\/morenoprimero.com.ar\/archivo\/wp-json\/wp\/v2\/categories?post=32643"},{"taxonomy":"post_tag","embeddable":true,"href":"https:\/\/morenoprimero.com.ar\/archivo\/wp-json\/wp\/v2\/tags?post=32643"}],"curies":[{"name":"wp","href":"https:\/\/api.w.org\/{rel}","templated":true}]}}