{"id":32386,"date":"2022-09-28T20:01:55","date_gmt":"2022-09-28T23:01:55","guid":{"rendered":"https:\/\/morenoprimero.com.ar\/?p=32386"},"modified":"2022-09-30T08:35:17","modified_gmt":"2022-09-30T11:35:17","slug":"omar-dure-estaremos-trabajando-para-darle-al-peregrino-lo-mejor-de-moreno","status":"publish","type":"post","link":"https:\/\/morenoprimero.com.ar\/archivo\/omar-dure-estaremos-trabajando-para-darle-al-peregrino-lo-mejor-de-moreno\/","title":{"rendered":"Omar Dure: \u201cEstaremos trabajando para darle al peregrino lo mejor de Moreno\u201d\u00a0"},"content":{"rendered":"\n<p>El primer fin de semana de octubre se realizar\u00e1 la 48\u00ba peregrinaci\u00f3n a Luj\u00e1n con el lema \u201cMadre, m\u00edranos con ternura, queremos unirnos como pueblo\u201d. Desde la Subsecretar\u00eda de Articulaci\u00f3n Religiosa de Moreno organizan y articulan con diferentes \u00e1reas para atender de la mejor manera a los feligreses en su paso por Moreno. En di\u00e1logo con Moreno Primero, Omar Dure asegur\u00f3 que trabajar\u00e1n \u201cpara que ese d\u00eda sea una gran fiesta de fe\u201d.&nbsp;<\/p>\n\n\n\n<p><strong>La caminata a Luj\u00e1n es una de las peregrinaciones m\u00e1s grandes del pa\u00eds<\/strong>, en la que creyentes, y tambi\u00e9n simpatizantes, recorren casi 60 kil\u00f3metros desde Liniers, en la ciudad de Buenos Aires, hasta Luj\u00e1n.&nbsp;<\/p>\n\n\n\n<p>Desde la Bas\u00edlica Nuestra Se\u00f1ora de Luj\u00e1n informaron que<strong>\u00a0la caminata a Luj\u00e1n 2022 se realizar\u00e1 el s\u00e1bado 1 y domingo 2 de octubre<\/strong>. Adem\u00e1s, anunciaron que \u00ablos puestos sanitarios y las calles cortadas estar\u00e1n desde el s\u00e1bado a la ma\u00f1ana, de 8:00 a 22:00 horas\u00bb. \u00a0<\/p>\n\n\n\n<p>Desde un comunicado, la Comisi\u00f3n Arquidiocesana de Piedad Popular invit\u00f3 a los fieles que asistan a la peregrinaci\u00f3n a<strong>&nbsp;llevar un alimento no perecedero<\/strong>, que ser\u00e1 donado a la campa\u00f1a de C\u00e1ritas Argentina.&nbsp;<\/p>\n\n\n\n<p>\u00ab<strong>Madre, miranos con ternura, queremos unirnos como pueblo<\/strong>\u00bb es el lema elegido por la comisi\u00f3n para la 48\u00ba peregrinaci\u00f3n. Adem\u00e1s, en la convocatoria subrayan: \u201c<strong>Mar\u00eda desde su casa en Luj\u00e1n nos mira con ternura y nos espera siempre. Preparemos nuestro coraz\u00f3n y nuestro esp\u00edritu para caminar a su encuentro unidos como pueblo<\/strong>\u201d.&nbsp;<\/p>\n\n\n\n<figure class=\"wp-block-image size-full\"><a href=\"https:\/\/morenoprimero.com.ar\/wp-content\/uploads\/2022\/09\/image-26.png\"><img loading=\"lazy\" decoding=\"async\" width=\"768\" height=\"768\" src=\"https:\/\/morenoprimero.com.ar\/wp-content\/uploads\/2022\/09\/image-26.png\" alt=\"\" class=\"wp-image-32388\" srcset=\"https:\/\/morenoprimero.com.ar\/archivo\/wp-content\/uploads\/2022\/09\/image-26.png 768w, https:\/\/morenoprimero.com.ar\/archivo\/wp-content\/uploads\/2022\/09\/image-26-300x300.png 300w, https:\/\/morenoprimero.com.ar\/archivo\/wp-content\/uploads\/2022\/09\/image-26-150x150.png 150w\" sizes=\"auto, (max-width: 768px) 100vw, 768px\" \/><\/a><\/figure>\n\n\n\n<p><strong>Omar Dure<\/strong>, subsecretario de Articulaci\u00f3n Religiosa del Municipio de Moreno, dialog\u00f3 con este medio y explic\u00f3: \u201c<strong>Venimos realizando reuniones peri\u00f3dicas con las diferentes \u00e1reas, el obispado, y la arquidi\u00f3cesis de Buenos aires para articular las postas de salud, hidrataci\u00f3n, control y la notificaci\u00f3n en cuanto a la prohibici\u00f3n de venta de alcohol<\/strong>\u201d y agreg\u00f3: \u201c<strong>Todo para que ese d\u00eda sea una gran fiesta de fe<\/strong>\u201d.&nbsp; As\u00ed, durante la peregrinaci\u00f3n, <strong>\u201cestaremos fundamentalmente acompa\u00f1ando y en coordinaci\u00f3n constante para darle al peregrino lo mejor de Moreno<\/strong>\u201d, asegur\u00f3 el subsecretario.&nbsp;<\/p>\n\n\n\n<p>Adem\u00e1s, adelant\u00f3 que \u201c<strong>teniendo en cuenta los 40 a\u00f1os de la gesta de Malvinas es que nos pareci\u00f3 importante sumar a los veteranos de Malvinas y que puedan estar colaborando con una posta de hidrataci\u00f3n, acompa\u00f1ada por una muestra de cuadros de su agrupaci\u00f3n de ex combatientes<\/strong>\u201d.\u00a0<\/p>\n\n\n\n<figure class=\"wp-block-image size-large\"><a href=\"https:\/\/morenoprimero.com.ar\/wp-content\/uploads\/2022\/09\/image-27.png\"><img loading=\"lazy\" decoding=\"async\" width=\"1024\" height=\"536\" src=\"https:\/\/morenoprimero.com.ar\/wp-content\/uploads\/2022\/09\/image-27-1024x536.png\" alt=\"\" class=\"wp-image-32391\" srcset=\"https:\/\/morenoprimero.com.ar\/archivo\/wp-content\/uploads\/2022\/09\/image-27-1024x536.png 1024w, https:\/\/morenoprimero.com.ar\/archivo\/wp-content\/uploads\/2022\/09\/image-27-300x157.png 300w, https:\/\/morenoprimero.com.ar\/archivo\/wp-content\/uploads\/2022\/09\/image-27-768x402.png 768w, https:\/\/morenoprimero.com.ar\/archivo\/wp-content\/uploads\/2022\/09\/image-27-390x205.png 390w, https:\/\/morenoprimero.com.ar\/archivo\/wp-content\/uploads\/2022\/09\/image-27.png 1080w\" sizes=\"auto, (max-width: 1024px) 100vw, 1024px\" \/><\/a><\/figure>\n","protected":false},"excerpt":{"rendered":"<p>El primer fin de semana de octubre se realizar\u00e1 la 48\u00ba peregrinaci\u00f3n a Luj\u00e1n con el lema \u201cMadre, m\u00edranos con ternura, queremos unirnos como pueblo\u201d. Desde la Subsecretar\u00eda de Articulaci\u00f3n Religiosa de Moreno organizan y articulan con diferentes \u00e1reas para &hellip; <a href=\"https:\/\/morenoprimero.com.ar\/archivo\/omar-dure-estaremos-trabajando-para-darle-al-peregrino-lo-mejor-de-moreno\/\">Sigue leyendo <span class=\"meta-nav\">&rarr;<\/span><\/a><\/p>\n","protected":false},"author":6,"featured_media":32761,"comment_status":"closed","ping_status":"closed","sticky":false,"template":"","format":"standard","meta":{"footnotes":""},"categories":[21],"tags":[4249,3213,4250],"class_list":["post-32386","post","type-post","status-publish","format-standard","has-post-thumbnail","hentry","category-interes-general","tag-omar-dure","tag-peregrinacion-a-lujan","tag-subsecretaria-articulacion-religiosa"],"_links":{"self":[{"href":"https:\/\/morenoprimero.com.ar\/archivo\/wp-json\/wp\/v2\/posts\/32386","targetHints":{"allow":["GET"]}}],"collection":[{"href":"https:\/\/morenoprimero.com.ar\/archivo\/wp-json\/wp\/v2\/posts"}],"about":[{"href":"https:\/\/morenoprimero.com.ar\/archivo\/wp-json\/wp\/v2\/types\/post"}],"author":[{"embeddable":true,"href":"https:\/\/morenoprimero.com.ar\/archivo\/wp-json\/wp\/v2\/users\/6"}],"replies":[{"embeddable":true,"href":"https:\/\/morenoprimero.com.ar\/archivo\/wp-json\/wp\/v2\/comments?post=32386"}],"version-history":[{"count":6,"href":"https:\/\/morenoprimero.com.ar\/archivo\/wp-json\/wp\/v2\/posts\/32386\/revisions"}],"predecessor-version":[{"id":32826,"href":"https:\/\/morenoprimero.com.ar\/archivo\/wp-json\/wp\/v2\/posts\/32386\/revisions\/32826"}],"wp:featuredmedia":[{"embeddable":true,"href":"https:\/\/morenoprimero.com.ar\/archivo\/wp-json\/wp\/v2\/media\/32761"}],"wp:attachment":[{"href":"https:\/\/morenoprimero.com.ar\/archivo\/wp-json\/wp\/v2\/media?parent=32386"}],"wp:term":[{"taxonomy":"category","embeddable":true,"href":"https:\/\/morenoprimero.com.ar\/archivo\/wp-json\/wp\/v2\/categories?post=32386"},{"taxonomy":"post_tag","embeddable":true,"href":"https:\/\/morenoprimero.com.ar\/archivo\/wp-json\/wp\/v2\/tags?post=32386"}],"curies":[{"name":"wp","href":"https:\/\/api.w.org\/{rel}","templated":true}]}}