{"id":32358,"date":"2022-09-19T20:25:59","date_gmt":"2022-09-19T23:25:59","guid":{"rendered":"https:\/\/morenoprimero.com.ar\/?p=32358"},"modified":"2022-09-19T20:38:37","modified_gmt":"2022-09-19T23:38:37","slug":"moreno-avanzan-las-obras-publicas-y-los-eventos-culturales-en-las-distintas-localidades","status":"publish","type":"post","link":"https:\/\/morenoprimero.com.ar\/archivo\/moreno-avanzan-las-obras-publicas-y-los-eventos-culturales-en-las-distintas-localidades\/","title":{"rendered":"Moreno: avanzan las obras p\u00fablicas y los eventos culturales en las distintas localidades"},"content":{"rendered":"\n<p>Durante las ultimas semanas se llevaron adelante distintas actividades y tareas de manutenci\u00f3n en las localidades de la ciudad, en articulaci\u00f3n con beneficiarias y beneficiarios del programa Potenciar Trabajo. Adem\u00e1s, comenzaron a gestionarse los eventos masivos tras la llegada de la primavera con la nueva edici\u00f3n del Festival Urbano 2022 de Moreno y la Fiesta del Plantin Floral de este a\u00f1o.<\/p>\n\n\n\n<p>La gesti\u00f3n de Mariel Fern\u00e1ndez puso en marcha una serie de proyectos entre las que se encuentran las obras de pavimentaci\u00f3n y perfilado de calles (que se vienen efectuando desde hace unos meses), la recolecci\u00f3n de mont\u00edculos de ramas, barrido de calles, corte de pasto en espacios verdes, erradicaci\u00f3n de basurales, y operativos de luminaria. Adem\u00e1s, en articulaci\u00f3n con la Secretar\u00eda de Cultura, Educaci\u00f3n y Deportes, se desarrollaron distintas actividades recreativas para la comunidad morenense. <\/p>\n\n\n\n<p>Por otro lado, en el marco del mes de la primavera y del d\u00eda del estudiante comenzaron los preparativos para los festejos que brinda el gobierno municipal. Uno de ellos es la tercera edici\u00f3n del FU (Festival Urbano) de Moreno que tendr\u00e1 como invitada especial a la cantante argentina, Nicki Nicole. El evento, de car\u00e1cter libre y gratuito, se realizara este mi\u00e9rcoles 21 de septiembre, el cual contara tambi\u00e9n con la participaci\u00f3n de otros artistas. Siguiendo esta linea, el pr\u00f3ximo 23, 24 y 25 se desarrollara la Fiesta del Plantin Floral 2022, la cual contar\u00e1 con distintos stands de flores y plantas, exposiciones, patio gastron\u00f3mico y shows en vivo de la mano de \u00abLa Konga\u00bb y otros artistas invitados.<\/p>\n\n\n\n<p>Desde Moreno Centro se realizaron las distintas jornadas de trabajo: barrido y mantenimiento de calles en las intersecciones Oscar Camilli desde el boulevard Evita hasta Colectora, Bernardino Rivadavia desde boulevard Evita hasta Colectora, Intendente Nemesio \u00c1lvarez desde boulevard Evita hasta Colectora, Espa\u00f1a desde boulevard Evita hasta Colectora; la erradicaci\u00f3n de 9 micro basurales del barrio B\u00b0 Rancho Grande, en la calle Gral. Manuel Belgrano entre C\u00f3rdoba y Colectora; corte de pasto en el Jard\u00edn N\u00b0938 \u00abMadre Clara\u00bb y el trabajo de pintura en la comisar\u00eda 1ra de Moreno.<\/p>\n\n\n\n<p>Desde Moreno Norte se implement\u00f3, en Marcos del Bueno 1031, Barrio La Perlita- (Centro Cultural Mart\u00edn Fierro), la iniciativa de \u00abCine en los barrios con identidad\u00bb, donde se proyectan distintas pel\u00edculas abiertas a la comunidad local. En el mismo barrio se hizo posible la colocaci\u00f3n de luminarias. Tambi\u00e9n, se realizo la colocaci\u00f3n de ca\u00f1os y material caliente en el Centro de Dia Crecer, con el fin de que los chicxs que participan en el espacio tengan mejor accesibilidad a la instituci\u00f3n.<\/p>\n\n\n\n<p>Desde la delegaci\u00f3n de Moreno Sur se trabaj\u00f3 para que vuelva a pasar el recorrido 32 en el barrio San Jorge, el cual hace un tiempo el colectivo hacia un recorrido alternativo debido al mal estado de las calles, que gracias a las obras empleadas por la delegaci\u00f3n municipal en la realizaci\u00f3n de un nuevo asfalto ahora es posible la circulaci\u00f3n por el barrio y una mayor seguridad para los vecinos.<\/p>\n\n\n\n<p>Por otro lado, la delegaci\u00f3n de Paso del Rey opera junto a las cuadrillas de trabajo de IMDEL y el Movimiento Evita en la recolecci\u00f3n de ramas y basurales por Villa Zapiola, cortes de pasto sobre la Rivera y Alcorta y barrido sobre la calle Pio XII. <\/p>\n\n\n\n<figure class=\"wp-block-gallery has-nested-images columns-default is-cropped wp-block-gallery-1 is-layout-flex wp-block-gallery-is-layout-flex\">\n<figure class=\"wp-block-image size-large\"><a href=\"https:\/\/morenoprimero.com.ar\/wp-content\/uploads\/2022\/09\/WhatsApp-Image-2022-09-19-at-19.59.13.jpeg\"><img loading=\"lazy\" decoding=\"async\" width=\"1080\" height=\"607\" data-id=\"32372\" src=\"https:\/\/morenoprimero.com.ar\/wp-content\/uploads\/2022\/09\/WhatsApp-Image-2022-09-19-at-19.59.13.jpeg\" alt=\"\" class=\"wp-image-32372\" srcset=\"https:\/\/morenoprimero.com.ar\/archivo\/wp-content\/uploads\/2022\/09\/WhatsApp-Image-2022-09-19-at-19.59.13.jpeg 1080w, https:\/\/morenoprimero.com.ar\/archivo\/wp-content\/uploads\/2022\/09\/WhatsApp-Image-2022-09-19-at-19.59.13-300x169.jpeg 300w, https:\/\/morenoprimero.com.ar\/archivo\/wp-content\/uploads\/2022\/09\/WhatsApp-Image-2022-09-19-at-19.59.13-1024x576.jpeg 1024w, https:\/\/morenoprimero.com.ar\/archivo\/wp-content\/uploads\/2022\/09\/WhatsApp-Image-2022-09-19-at-19.59.13-768x432.jpeg 768w\" sizes=\"auto, (max-width: 1080px) 100vw, 1080px\" \/><\/a><\/figure>\n\n\n\n<figure class=\"wp-block-image size-large\"><a href=\"https:\/\/morenoprimero.com.ar\/wp-content\/uploads\/2022\/09\/WhatsApp-Image-2022-09-19-at-19.59.14-2.jpeg\"><img loading=\"lazy\" decoding=\"async\" width=\"1080\" height=\"720\" data-id=\"32368\" src=\"https:\/\/morenoprimero.com.ar\/wp-content\/uploads\/2022\/09\/WhatsApp-Image-2022-09-19-at-19.59.14-2.jpeg\" alt=\"\" class=\"wp-image-32368\" srcset=\"https:\/\/morenoprimero.com.ar\/archivo\/wp-content\/uploads\/2022\/09\/WhatsApp-Image-2022-09-19-at-19.59.14-2.jpeg 1080w, https:\/\/morenoprimero.com.ar\/archivo\/wp-content\/uploads\/2022\/09\/WhatsApp-Image-2022-09-19-at-19.59.14-2-300x200.jpeg 300w, https:\/\/morenoprimero.com.ar\/archivo\/wp-content\/uploads\/2022\/09\/WhatsApp-Image-2022-09-19-at-19.59.14-2-1024x683.jpeg 1024w, https:\/\/morenoprimero.com.ar\/archivo\/wp-content\/uploads\/2022\/09\/WhatsApp-Image-2022-09-19-at-19.59.14-2-768x512.jpeg 768w\" sizes=\"auto, (max-width: 1080px) 100vw, 1080px\" \/><\/a><\/figure>\n<\/figure>\n\n\n\n<p><\/p>\n\n\n\n<p>La delegaci\u00f3n de Francisco \u00c1lvarez llevo a cabo distintas jornadas de limpieza: barrido y limpieza de las calles Cellini y Tito Livio; la colocaci\u00f3n de carteles de &#8216;No arrojar basura&#8217; para prevenir futuros basurales; corte de pasto y limpieza del Predio municipal El Embarcadero; recolecci\u00f3n de mont\u00edculos de ramas en La Tradici\u00f3n y Tambor de Tacuar\u00ed, Chocano e\/ Victorino de la plaza y La Tradici\u00f3n, La Yerra desde Tiradentes h\/ La Tradici\u00f3n, San Andres y Chocano y El Teatro e\/ Cruz Varela y C. Atuel.<\/p>\n\n\n\n<p>Desde la delegaci\u00f3n de La Reja se llevo a cabo la quinta semana de descacharreo de invierno, en el marco de la campa\u00f1a de concientizaci\u00f3n en prevenci\u00f3n del dengue, que tuvo como puntos las calles Victorino de la Plaza entre Irlanda y La Madre Pza. Reja Grande, Becquer y Puerto Madryn, y Alvarado y Los Aromos. <\/p>\n\n\n\n<p>A su vez, en conjunto con la Secretar\u00eda de Transito municipal, comenz\u00f3 el plan de Seguridad Vial, en el cual se instalaron reductores de velocidad en Rold\u00e1n Y Rocha Blaquier, d\u00f3nde recientemente se coloc\u00f3 capa asf\u00e1ltica, facilitando una nueva salida a la Ruta y favoreciendo el tr\u00e1nsito en hora pico. Por otro lado, se realizo un nuevo operativo de \u00abAmor por el Barrio\u00bb y la jornada de vacunaci\u00f3n, testeos de VIH y S\u00edfilis en la plaza de Reja Grande.<\/p>\n\n\n\n<figure class=\"wp-block-gallery has-nested-images columns-default is-cropped wp-block-gallery-2 is-layout-flex wp-block-gallery-is-layout-flex\">\n<figure class=\"wp-block-image size-large\"><a href=\"https:\/\/morenoprimero.com.ar\/wp-content\/uploads\/2022\/09\/WhatsApp-Image-2022-09-19-at-19.59.13-1.jpeg\"><img loading=\"lazy\" decoding=\"async\" width=\"1080\" height=\"720\" data-id=\"32371\" src=\"https:\/\/morenoprimero.com.ar\/wp-content\/uploads\/2022\/09\/WhatsApp-Image-2022-09-19-at-19.59.13-1.jpeg\" alt=\"\" class=\"wp-image-32371\" srcset=\"https:\/\/morenoprimero.com.ar\/archivo\/wp-content\/uploads\/2022\/09\/WhatsApp-Image-2022-09-19-at-19.59.13-1.jpeg 1080w, https:\/\/morenoprimero.com.ar\/archivo\/wp-content\/uploads\/2022\/09\/WhatsApp-Image-2022-09-19-at-19.59.13-1-300x200.jpeg 300w, https:\/\/morenoprimero.com.ar\/archivo\/wp-content\/uploads\/2022\/09\/WhatsApp-Image-2022-09-19-at-19.59.13-1-1024x683.jpeg 1024w, https:\/\/morenoprimero.com.ar\/archivo\/wp-content\/uploads\/2022\/09\/WhatsApp-Image-2022-09-19-at-19.59.13-1-768x512.jpeg 768w\" sizes=\"auto, (max-width: 1080px) 100vw, 1080px\" \/><\/a><\/figure>\n\n\n\n<figure class=\"wp-block-image size-large\"><a href=\"https:\/\/morenoprimero.com.ar\/wp-content\/uploads\/2022\/09\/WhatsApp-Image-2022-09-19-at-19.59.12.jpeg\"><img loading=\"lazy\" decoding=\"async\" width=\"1080\" height=\"720\" data-id=\"32373\" src=\"https:\/\/morenoprimero.com.ar\/wp-content\/uploads\/2022\/09\/WhatsApp-Image-2022-09-19-at-19.59.12.jpeg\" alt=\"\" class=\"wp-image-32373\" srcset=\"https:\/\/morenoprimero.com.ar\/archivo\/wp-content\/uploads\/2022\/09\/WhatsApp-Image-2022-09-19-at-19.59.12.jpeg 1080w, https:\/\/morenoprimero.com.ar\/archivo\/wp-content\/uploads\/2022\/09\/WhatsApp-Image-2022-09-19-at-19.59.12-300x200.jpeg 300w, https:\/\/morenoprimero.com.ar\/archivo\/wp-content\/uploads\/2022\/09\/WhatsApp-Image-2022-09-19-at-19.59.12-1024x683.jpeg 1024w, https:\/\/morenoprimero.com.ar\/archivo\/wp-content\/uploads\/2022\/09\/WhatsApp-Image-2022-09-19-at-19.59.12-768x512.jpeg 768w\" sizes=\"auto, (max-width: 1080px) 100vw, 1080px\" \/><\/a><\/figure>\n\n\n\n<figure class=\"wp-block-image size-large\"><a href=\"https:\/\/morenoprimero.com.ar\/wp-content\/uploads\/2022\/09\/WhatsApp-Image-2022-09-19-at-19.59.14-1.jpeg\"><img loading=\"lazy\" decoding=\"async\" width=\"1003\" height=\"674\" data-id=\"32369\" src=\"https:\/\/morenoprimero.com.ar\/wp-content\/uploads\/2022\/09\/WhatsApp-Image-2022-09-19-at-19.59.14-1.jpeg\" alt=\"\" class=\"wp-image-32369\" srcset=\"https:\/\/morenoprimero.com.ar\/archivo\/wp-content\/uploads\/2022\/09\/WhatsApp-Image-2022-09-19-at-19.59.14-1.jpeg 1003w, https:\/\/morenoprimero.com.ar\/archivo\/wp-content\/uploads\/2022\/09\/WhatsApp-Image-2022-09-19-at-19.59.14-1-300x202.jpeg 300w, https:\/\/morenoprimero.com.ar\/archivo\/wp-content\/uploads\/2022\/09\/WhatsApp-Image-2022-09-19-at-19.59.14-1-768x516.jpeg 768w\" sizes=\"auto, (max-width: 1003px) 100vw, 1003px\" \/><\/a><\/figure>\n<\/figure>\n\n\n\n<p><\/p>\n\n\n\n<p>Desde la Delegaci\u00f3n municipal de Cuartel V se trabajo en el corte de pasto, mantenimiento y limpieza sobre Ruta 24 desde Casacuberta hasta V\u00edctor Hugo y Ruta 25, como la recolecci\u00f3n de ramas en el Barrio Irigoin. Tambi\u00e9n, junto a la cuadrilla de obras y servicios p\u00fablicos se llev\u00f3 a cabo 300 metros de perfilado y cuneteo sobre la calle M\u00e1ximo Paz desde Ruta 25 hasta Casacuberta. Desde la Secretar\u00eda de Obras Publicas se dio comienzo a la colocaci\u00f3n de Concreto Asf\u00e1ltico en caliente de la calle Malabia, un reclamo hist\u00f3rico del barrio Irigoin.<\/p>\n\n\n\n<p>En la localidad de Trujui se llevaron adelante las jornadas de limpieza en la plaza, jard\u00edn y escuela de Villa Angela, en el barrio La Granja, se realiz\u00f3 el perfilado de 250 mts con material frezado en el Barrio Villanueva como el perfilado de 100 mts en el Barrio San Carlos. A su vez, se inauguro un nuevo Punto Violeta en la unidad sanitaria Villanueva, el cual funciona como espacio de escucha, orientaci\u00f3n y derivaci\u00f3n para mujeres. Tambien, se realizo una nueva jornada de \u00abTenes Derecho\u00bb en el Centro de Jubilados, Las Flores. Y en conjunto con compa\u00f1eros y compa\u00f1eras de Potenciar Trabajo se trabajo en la limpieza de cordones en la calle Esteban Echeverr\u00eda y alrededores en el Barrio La Fortuna.<\/p>\n","protected":false},"excerpt":{"rendered":"<p>Durante las ultimas semanas se llevaron adelante distintas actividades y tareas de manutenci\u00f3n en las localidades de la ciudad, en articulaci\u00f3n con beneficiarias y beneficiarios del programa Potenciar Trabajo. Adem\u00e1s, comenzaron a gestionarse los eventos masivos tras la llegada de &hellip; <a href=\"https:\/\/morenoprimero.com.ar\/archivo\/moreno-avanzan-las-obras-publicas-y-los-eventos-culturales-en-las-distintas-localidades\/\">Sigue leyendo <span class=\"meta-nav\">&rarr;<\/span><\/a><\/p>\n","protected":false},"author":6,"featured_media":32377,"comment_status":"closed","ping_status":"closed","sticky":false,"template":"","format":"standard","meta":{"footnotes":""},"categories":[2328],"tags":[3479],"class_list":["post-32358","post","type-post","status-publish","format-standard","has-post-thumbnail","hentry","category-local","tag-delegaciones-municipales"],"_links":{"self":[{"href":"https:\/\/morenoprimero.com.ar\/archivo\/wp-json\/wp\/v2\/posts\/32358","targetHints":{"allow":["GET"]}}],"collection":[{"href":"https:\/\/morenoprimero.com.ar\/archivo\/wp-json\/wp\/v2\/posts"}],"about":[{"href":"https:\/\/morenoprimero.com.ar\/archivo\/wp-json\/wp\/v2\/types\/post"}],"author":[{"embeddable":true,"href":"https:\/\/morenoprimero.com.ar\/archivo\/wp-json\/wp\/v2\/users\/6"}],"replies":[{"embeddable":true,"href":"https:\/\/morenoprimero.com.ar\/archivo\/wp-json\/wp\/v2\/comments?post=32358"}],"version-history":[{"count":3,"href":"https:\/\/morenoprimero.com.ar\/archivo\/wp-json\/wp\/v2\/posts\/32358\/revisions"}],"predecessor-version":[{"id":32379,"href":"https:\/\/morenoprimero.com.ar\/archivo\/wp-json\/wp\/v2\/posts\/32358\/revisions\/32379"}],"wp:featuredmedia":[{"embeddable":true,"href":"https:\/\/morenoprimero.com.ar\/archivo\/wp-json\/wp\/v2\/media\/32377"}],"wp:attachment":[{"href":"https:\/\/morenoprimero.com.ar\/archivo\/wp-json\/wp\/v2\/media?parent=32358"}],"wp:term":[{"taxonomy":"category","embeddable":true,"href":"https:\/\/morenoprimero.com.ar\/archivo\/wp-json\/wp\/v2\/categories?post=32358"},{"taxonomy":"post_tag","embeddable":true,"href":"https:\/\/morenoprimero.com.ar\/archivo\/wp-json\/wp\/v2\/tags?post=32358"}],"curies":[{"name":"wp","href":"https:\/\/api.w.org\/{rel}","templated":true}]}}