{"id":32324,"date":"2022-09-17T11:20:05","date_gmt":"2022-09-17T14:20:05","guid":{"rendered":"https:\/\/morenoprimero.com.ar\/?p=32324"},"modified":"2022-09-17T20:30:56","modified_gmt":"2022-09-17T23:30:56","slug":"cynthia-munoz-la-preocupacion-es-conjunta-y-el-planteo-es-claro-que-cada-escuela-tenga-su-edificio-definitivo","status":"publish","type":"post","link":"https:\/\/morenoprimero.com.ar\/archivo\/cynthia-munoz-la-preocupacion-es-conjunta-y-el-planteo-es-claro-que-cada-escuela-tenga-su-edificio-definitivo\/","title":{"rendered":"Cynthia Mu\u00f1oz: \u00abLa preocupaci\u00f3n es conjunta y el planteo es claro: que cada escuela tenga su edificio definitivo\u00bb"},"content":{"rendered":"\n<p>La comunidad educativa de la Escuela Polit\u00e9cnica de la Universidad Nacional de Moreno (ESPUNM) moviliz\u00f3 al Palacio Municipal ante la noticia que circul\u00f3 la UNM sobre que lo que iba a ser una Escuela Polit\u00e9cnica de la Universidad Nacional de Moreno, solo ser\u00eda una Escuela B\u00e1sica por falta de espacio.<\/p>\n\n\n\n<p>La comunidad educativa fue recibida por distintas autoridades municipales y regionales de educaci\u00f3n. En este marco, desde Moreno Primero conversamos directora municipal de Educaci\u00f3n, Cynthia Mu\u00f1oz sobre la mirada y el compromiso del gobierno municipal ante este conflicto.&nbsp;&nbsp;<\/p>\n\n\n\n<p><strong>\u00bfQu\u00e9 razones llevaron a la comunidad de la Escuela Polit\u00e9cnica de la Universidad Nacional de Moreno a marchar al Palacio Municipal?<\/strong><\/p>\n\n\n\n<p>En el d\u00eda de hoy la comunidad de la Escuela Secundaria Polit\u00e9cnica se manifest\u00f3 al Municipio para plantear su preocupaci\u00f3n por la noticia que se divulgo estos \u00faltimos d\u00edas en los medios locales respecto a la decisi\u00f3n que se tom\u00f3 desde la Universidad Nacional de Moreno de que su escuela pasa a ser solo b\u00e1sica y que por lo tanto no va brindar la educaci\u00f3n de 7 a\u00f1os como deber\u00eda ser de acuerdo a la modalidad.&nbsp;<\/p>\n\n\n\n<p><strong>\u00bfQui\u00e9nes los recibieron y que acordaron? \u00bfA qu\u00e9 se compromete el municipio ante este problema?<\/strong><\/p>\n\n\n\n<p>Un grupo de representantes de las familias fueron recibidos por la secretaria de obras p\u00fablicas y la subsecretaria de educaci\u00f3n del Municipio, autoridades provinciales de educaci\u00f3n Jefa distrital de Moreno, Jefe regional y asesora del nivel secundaria. Tambi\u00e9n acompa\u00f1aron integrantes del gremio SUTEBA. Desde las diferentes instancias gubernamentales se escuch\u00f3 la preocupaci\u00f3n de las familias y se manifest\u00f3 el acompa\u00f1amiento y compromiso de la gesti\u00f3n municipal y provincial para la resoluci\u00f3n del tema. No hay conflicto entre las comunidades de padres de las instituciones educativas, la preocupaci\u00f3n es conjunta y el planteo es claro, que cada escuela tenga su edificio definitivo. El compromiso del municipio es generar un espacio de dialogo entre todos los actores involucrados para poder llegar a una soluci\u00f3n conjunta y que cada escuela cuente con su edificio como corresponde.<\/p>\n\n\n\n<p><strong>\u00bfCu\u00e1l es el conflicto por el predio sobre la calle Merlo donde funciona la Escuela 37?<\/strong><\/p>\n\n\n\n<p>No hay conflicto con esos terrenos porque toda la parcela de la calle Merlo es equipamiento comunitario de la Municipalidad de Moreno. All\u00ed funcionan el ISFD 110, el Jard\u00edn 938, el Kesachay, la escuela de formaci\u00f3n t\u00e9cnico laboral del municipio, la ES37 y se construir\u00e1 un polo educativo para todas las dependencias de educaci\u00f3n del distrito.&nbsp;<\/p>\n\n\n\n<p><strong>\u00bfDesde el Municipio conversaron sobre este tema con el gobierno provincial y con el gobierno nacional? \u00bfHay dialogo con todas las partes que intervienen?<\/strong><\/p>\n\n\n\n<p>El di\u00e1logo sobre este tema lo tenemos desde que comenz\u00f3 la gesti\u00f3n. En el mes de marzo tuvimos la visita del ministro de educaci\u00f3n Alberto Sileoni con todo su equipo y le hemos planteado nuestra preocupaci\u00f3n. En el mes de abril hemos recibido la visita del ministro de educaci\u00f3n Jaime Perzyck y tambi\u00e9n se lo hemos planteado. Si bien las instituciones educativas no dependen del municipio, pertenecen a la esfera provincial y nacional, las comunidades educativas si son de nuestra casa com\u00fan, por lo tanto, por decisi\u00f3n de nuestra intendenta Mariel Fern\u00e1ndez, todas las \u00e1reas del municipio trabajamos para aclarar los hechos y transmitir tranquilidad a las familias.<\/p>\n\n\n\n<p><strong>\u00bfC\u00f3mo seguir\u00e1 el abordaje de esta situaci\u00f3n?<\/strong> La propuesta que elaboramos hoy, es convocar a una mesa de trabajo donde est\u00e9n presentes todas las partes, Municipio, Provincia, Naci\u00f3n, Universidad y familias de ambas escuelas para aclarar y resolver la situaci\u00f3n.<\/p>\n","protected":false},"excerpt":{"rendered":"<p>La comunidad educativa de la Escuela Polit\u00e9cnica de la Universidad Nacional de Moreno (ESPUNM) moviliz\u00f3 al Palacio Municipal ante la noticia que circul\u00f3 la UNM sobre que lo que iba a ser una Escuela Polit\u00e9cnica de la Universidad Nacional de &hellip; <a href=\"https:\/\/morenoprimero.com.ar\/archivo\/cynthia-munoz-la-preocupacion-es-conjunta-y-el-planteo-es-claro-que-cada-escuela-tenga-su-edificio-definitivo\/\">Sigue leyendo <span class=\"meta-nav\">&rarr;<\/span><\/a><\/p>\n","protected":false},"author":6,"featured_media":32329,"comment_status":"closed","ping_status":"open","sticky":false,"template":"","format":"standard","meta":{"footnotes":""},"categories":[2,2328],"tags":[6],"class_list":["post-32324","post","type-post","status-publish","format-standard","has-post-thumbnail","hentry","category-destacadas","category-local","tag-moreno"],"_links":{"self":[{"href":"https:\/\/morenoprimero.com.ar\/archivo\/wp-json\/wp\/v2\/posts\/32324","targetHints":{"allow":["GET"]}}],"collection":[{"href":"https:\/\/morenoprimero.com.ar\/archivo\/wp-json\/wp\/v2\/posts"}],"about":[{"href":"https:\/\/morenoprimero.com.ar\/archivo\/wp-json\/wp\/v2\/types\/post"}],"author":[{"embeddable":true,"href":"https:\/\/morenoprimero.com.ar\/archivo\/wp-json\/wp\/v2\/users\/6"}],"replies":[{"embeddable":true,"href":"https:\/\/morenoprimero.com.ar\/archivo\/wp-json\/wp\/v2\/comments?post=32324"}],"version-history":[{"count":2,"href":"https:\/\/morenoprimero.com.ar\/archivo\/wp-json\/wp\/v2\/posts\/32324\/revisions"}],"predecessor-version":[{"id":32333,"href":"https:\/\/morenoprimero.com.ar\/archivo\/wp-json\/wp\/v2\/posts\/32324\/revisions\/32333"}],"wp:featuredmedia":[{"embeddable":true,"href":"https:\/\/morenoprimero.com.ar\/archivo\/wp-json\/wp\/v2\/media\/32329"}],"wp:attachment":[{"href":"https:\/\/morenoprimero.com.ar\/archivo\/wp-json\/wp\/v2\/media?parent=32324"}],"wp:term":[{"taxonomy":"category","embeddable":true,"href":"https:\/\/morenoprimero.com.ar\/archivo\/wp-json\/wp\/v2\/categories?post=32324"},{"taxonomy":"post_tag","embeddable":true,"href":"https:\/\/morenoprimero.com.ar\/archivo\/wp-json\/wp\/v2\/tags?post=32324"}],"curies":[{"name":"wp","href":"https:\/\/api.w.org\/{rel}","templated":true}]}}