{"id":32312,"date":"2022-09-17T11:01:09","date_gmt":"2022-09-17T14:01:09","guid":{"rendered":"https:\/\/morenoprimero.com.ar\/?p=32312"},"modified":"2022-09-17T11:43:48","modified_gmt":"2022-09-17T14:43:48","slug":"pese-a-tener-tiempo-recursos-y-lugar-las-autoridades-de-la-unm-plantean-no-seguir-con-la-escuela-politecnica","status":"publish","type":"post","link":"https:\/\/morenoprimero.com.ar\/archivo\/pese-a-tener-tiempo-recursos-y-lugar-las-autoridades-de-la-unm-plantean-no-seguir-con-la-escuela-politecnica\/","title":{"rendered":"Pese a tener tiempo, recursos y lugar, las autoridades de la UNM plantean no seguir con la Escuela Polit\u00e9cnica"},"content":{"rendered":"\n<p>La UNM cuenta con 20 hect\u00e1reas, presupuesto nacional y tiempo para llevar a cabo las obras necesarias. Solo con dos aulas podr\u00edan seguir estudiando quienes cursan hoy. Dos aulas.<\/p>\n\n\n\n<p>Sin embargo, las autoridades decidieron no seguir con la modalidad Polit\u00e9cnica a espaldas de la comunidad y expulsar a las y los chicos de su propia escuela. \u00bfPor qu\u00e9 la respuesta que le dan a la familia es cerrar puertas? \u00bfPor qu\u00e9 se pone la responsabilidad en \u00e1reas gubernamentales que no tienen que ver con la Escuela Polit\u00e9cnica?<\/p>\n\n\n\n<p>Las y los estudiantes y familias de la Escuela Secundaria Polit\u00e9cnica de la Universidad Nacional de Moreno (ESPUNM) recibieron la noticia esta semana, a trav\u00e9s de un medio local, que lo Escuela Polit\u00e9cnica de la Universidad Nacional de Moreno solo ser\u00eda una Escuela B\u00e1sica, por decisi\u00f3n de las autoridades de la Universidad.&nbsp;<\/p>\n\n\n\n<p>En un comunicado, desde la Universidad explican que al no darse la reubicaci\u00f3n de la Escuela 37 y tampoco ellos tomar posesi\u00f3n de ese predio municipal donde funciona la escuela, deben convertir a la Escuela Polit\u00e9cnica en una secundaria B\u00e1sica porque no cuentan con el espacio f\u00edsico necesario para poner en funcionamiento la totalidad de la ESPUNM.<\/p>\n\n\n\n<p class=\"wp-block-pdfemb-pdf-embedder-viewer\"><\/p>\n\n\n\n<p>La Universidad les plantea a las familias que por la necesidad de aulas que tienen no podr\u00edan abrir un nuevo curso en el 2024. Es decir, las y los chicos que hoy est\u00e1n pueden seguir estudiando, lo que no podr\u00edan hacer -por esta decisi\u00f3n de la universidad- es empezar el segundo ciclo de secundaria en el 2024.<\/p>\n\n\n\n<p>Hay tiempo y la Universidad tiene el lugar y los recursos para resolverlo. Solo con dos aulas m\u00e1s, las chicas y chicos que cursan hoy, podr\u00edan continuar los estudios. Dos aulas.<\/p>\n\n\n\n<figure class=\"wp-block-gallery has-nested-images columns-default is-cropped wp-block-gallery-1 is-layout-flex wp-block-gallery-is-layout-flex\">\n<figure class=\"wp-block-image size-large\"><a href=\"https:\/\/morenoprimero.com.ar\/wp-content\/uploads\/2022\/09\/WhatsApp-Image-2022-09-17-at-10.53.24-AM-1.jpeg\"><img loading=\"lazy\" decoding=\"async\" width=\"880\" height=\"512\" data-id=\"32320\" src=\"https:\/\/morenoprimero.com.ar\/wp-content\/uploads\/2022\/09\/WhatsApp-Image-2022-09-17-at-10.53.24-AM-1.jpeg\" alt=\"\" class=\"wp-image-32320\" srcset=\"https:\/\/morenoprimero.com.ar\/archivo\/wp-content\/uploads\/2022\/09\/WhatsApp-Image-2022-09-17-at-10.53.24-AM-1.jpeg 880w, https:\/\/morenoprimero.com.ar\/archivo\/wp-content\/uploads\/2022\/09\/WhatsApp-Image-2022-09-17-at-10.53.24-AM-1-300x175.jpeg 300w, https:\/\/morenoprimero.com.ar\/archivo\/wp-content\/uploads\/2022\/09\/WhatsApp-Image-2022-09-17-at-10.53.24-AM-1-768x447.jpeg 768w\" sizes=\"auto, (max-width: 880px) 100vw, 880px\" \/><\/a><\/figure>\n\n\n\n<figure class=\"wp-block-image size-large\"><a href=\"https:\/\/morenoprimero.com.ar\/wp-content\/uploads\/2022\/09\/WhatsApp-Image-2022-09-17-at-10.53.24-AM-2.jpeg\"><img loading=\"lazy\" decoding=\"async\" width=\"350\" height=\"200\" data-id=\"32318\" src=\"https:\/\/morenoprimero.com.ar\/wp-content\/uploads\/2022\/09\/WhatsApp-Image-2022-09-17-at-10.53.24-AM-2.jpeg\" alt=\"\" class=\"wp-image-32318\" srcset=\"https:\/\/morenoprimero.com.ar\/archivo\/wp-content\/uploads\/2022\/09\/WhatsApp-Image-2022-09-17-at-10.53.24-AM-2.jpeg 350w, https:\/\/morenoprimero.com.ar\/archivo\/wp-content\/uploads\/2022\/09\/WhatsApp-Image-2022-09-17-at-10.53.24-AM-2-300x171.jpeg 300w\" sizes=\"auto, (max-width: 350px) 100vw, 350px\" \/><\/a><\/figure>\n\n\n\n<figure class=\"wp-block-image size-large\"><a href=\"https:\/\/morenoprimero.com.ar\/wp-content\/uploads\/2022\/09\/WhatsApp-Image-2022-09-17-at-10.53.24-AM.jpeg\"><img loading=\"lazy\" decoding=\"async\" width=\"1024\" height=\"576\" data-id=\"32319\" src=\"https:\/\/morenoprimero.com.ar\/wp-content\/uploads\/2022\/09\/WhatsApp-Image-2022-09-17-at-10.53.24-AM-1024x576.jpeg\" alt=\"\" class=\"wp-image-32319\" srcset=\"https:\/\/morenoprimero.com.ar\/archivo\/wp-content\/uploads\/2022\/09\/WhatsApp-Image-2022-09-17-at-10.53.24-AM-1024x576.jpeg 1024w, https:\/\/morenoprimero.com.ar\/archivo\/wp-content\/uploads\/2022\/09\/WhatsApp-Image-2022-09-17-at-10.53.24-AM-300x169.jpeg 300w, https:\/\/morenoprimero.com.ar\/archivo\/wp-content\/uploads\/2022\/09\/WhatsApp-Image-2022-09-17-at-10.53.24-AM-768x432.jpeg 768w, https:\/\/morenoprimero.com.ar\/archivo\/wp-content\/uploads\/2022\/09\/WhatsApp-Image-2022-09-17-at-10.53.24-AM.jpeg 1200w\" sizes=\"auto, (max-width: 1024px) 100vw, 1024px\" \/><\/a><\/figure>\n<\/figure>\n\n\n\n<p>La decisi\u00f3n de la UNM es por lo menos apresurada. Hay tiempo, disposici\u00f3n de di\u00e1logo y de resolver. Pero lo hacen todo a espalda de la comunidad y expulsando a las pibas y los pibes de su propia escuela, a\u00fan teniendo lugar, presupuesto y financiaci\u00f3n para resolver el problema.<\/p>\n\n\n\n<p>Si la Universidad cuenta con predios suficientes como para construir varias escuelas polit\u00e9cnicas, si cuenta con el presupuesto nacional para financiarlo, si todos los \u00e1mbitos que tienen injerencia est\u00e1n trabajando para que haya mayor inclusi\u00f3n educativa \u00bfPor qu\u00e9 la repuesta que le dan a la familia es cerrar puertas? \u00bfPor qu\u00e9 se pone la responsabilidad con \u00e1reas gubernamentales que no tienen que ver con la Escuela Polit\u00e9cnica?<\/p>\n","protected":false},"excerpt":{"rendered":"<p>La UNM cuenta con 20 hect\u00e1reas, presupuesto nacional y tiempo para llevar a cabo las obras necesarias. Solo con dos aulas podr\u00edan seguir estudiando quienes cursan hoy. Dos aulas. Sin embargo, las autoridades decidieron no seguir con la modalidad Polit\u00e9cnica &hellip; <a href=\"https:\/\/morenoprimero.com.ar\/archivo\/pese-a-tener-tiempo-recursos-y-lugar-las-autoridades-de-la-unm-plantean-no-seguir-con-la-escuela-politecnica\/\">Sigue leyendo <span class=\"meta-nav\">&rarr;<\/span><\/a><\/p>\n","protected":false},"author":6,"featured_media":32313,"comment_status":"closed","ping_status":"closed","sticky":false,"template":"","format":"standard","meta":{"footnotes":""},"categories":[2,2328],"tags":[6],"class_list":["post-32312","post","type-post","status-publish","format-standard","has-post-thumbnail","hentry","category-destacadas","category-local","tag-moreno"],"_links":{"self":[{"href":"https:\/\/morenoprimero.com.ar\/archivo\/wp-json\/wp\/v2\/posts\/32312","targetHints":{"allow":["GET"]}}],"collection":[{"href":"https:\/\/morenoprimero.com.ar\/archivo\/wp-json\/wp\/v2\/posts"}],"about":[{"href":"https:\/\/morenoprimero.com.ar\/archivo\/wp-json\/wp\/v2\/types\/post"}],"author":[{"embeddable":true,"href":"https:\/\/morenoprimero.com.ar\/archivo\/wp-json\/wp\/v2\/users\/6"}],"replies":[{"embeddable":true,"href":"https:\/\/morenoprimero.com.ar\/archivo\/wp-json\/wp\/v2\/comments?post=32312"}],"version-history":[{"count":5,"href":"https:\/\/morenoprimero.com.ar\/archivo\/wp-json\/wp\/v2\/posts\/32312\/revisions"}],"predecessor-version":[{"id":32330,"href":"https:\/\/morenoprimero.com.ar\/archivo\/wp-json\/wp\/v2\/posts\/32312\/revisions\/32330"}],"wp:featuredmedia":[{"embeddable":true,"href":"https:\/\/morenoprimero.com.ar\/archivo\/wp-json\/wp\/v2\/media\/32313"}],"wp:attachment":[{"href":"https:\/\/morenoprimero.com.ar\/archivo\/wp-json\/wp\/v2\/media?parent=32312"}],"wp:term":[{"taxonomy":"category","embeddable":true,"href":"https:\/\/morenoprimero.com.ar\/archivo\/wp-json\/wp\/v2\/categories?post=32312"},{"taxonomy":"post_tag","embeddable":true,"href":"https:\/\/morenoprimero.com.ar\/archivo\/wp-json\/wp\/v2\/tags?post=32312"}],"curies":[{"name":"wp","href":"https:\/\/api.w.org\/{rel}","templated":true}]}}