{"id":32290,"date":"2022-09-16T20:22:54","date_gmt":"2022-09-16T23:22:54","guid":{"rendered":"https:\/\/morenoprimero.com.ar\/?p=32290"},"modified":"2022-09-16T20:23:52","modified_gmt":"2022-09-16T23:23:52","slug":"se-viene-un-fin-de-semana-recargado-de-propuestas-culturales-y-turismo-de-cercania","status":"publish","type":"post","link":"https:\/\/morenoprimero.com.ar\/archivo\/se-viene-un-fin-de-semana-recargado-de-propuestas-culturales-y-turismo-de-cercania\/","title":{"rendered":"Se viene un fin de semana recargado de propuestas culturales y turismo de cercan\u00eda"},"content":{"rendered":"\n<p>Te acercamos las nuevas propuestas culturales y la variedad de opciones para recorrer el distrito que brinda el Municipio a la comunidad local y de otras zonas. Este fin de semana se estar\u00e1 presentado la exposici\u00f3n art\u00edstica \u00abMujeres de las artes\u00bb en el Museo de Bellas Artes, la obras \u00abIn\u00fatilmente muerto\u00bb y \u00abOjal\u00e1 que nunca mas\u00bb en el Teatro Leopoldo Marechal, y las actividades recreativas que brinda el \u00e1rea de Turismo local, en la Reserva Municipal Los Robles.<\/p>\n\n\n\n<p>En el Museo de Bellas Artes, ubicado en Doctor Vera 249, contin\u00faa con la exposici\u00f3n \u201cMujeres de las artes\u201d, presentada por el Teatro Argentino Centro Provincial de las Artes. La muestra busca reivindicar el trabajo de las mujeres de la cultura y la igualdad de g\u00e9nero, en un marco de compromiso al cumplimiento de los derechos humanos. La exhibici\u00f3n da voz a nueve personajes protagonistas de la \u00f3pera que traen su mensaje de vulnerabilidad a estos tiempos actuales. La muestra permanecer\u00e1 en el museo hasta el domingo 18 de septiembre. Puede ser visitada de lunes a viernes de 10 a 20 horas. Y los fines de semana en el horario de 17 a 20 horas.<\/p>\n\n\n\n<p>El viernes 16 de septiembre, a las 21 horas, en el teatro municipal \u201cLeopoldo Marechal\u201d, en el marco del d\u00eda de la juventud, el ciclo de teatro joven presenta \u201cIn\u00fatilmente muerto\u201d, una adaptaci\u00f3n de la obra Hamlet, de William Shakespeare. Se trata de una comedia policial en tono de tragedia donde los personajes quedan atrapados en sus propias trampas sin poder huir de su destino. El elenco est\u00e1 compuesto por j\u00f3venes de la comunidad.<\/p>\n\n\n\n<p>Todos los s\u00e1bados, domingos y feriados, de 9 a 18 horas, se puede visitar y disfrutar en familia del Predio Municipal Ferial, Ruta23 y O\u2019Brien, donde se ofrece indumentaria, artesan\u00edas, bazar, antig\u00fcedades y juguetes. El espacio cuenta adem\u00e1s con patio de comidas y estacionamiento libre y gratuito.<\/p>\n\n\n\n<p>El s\u00e1bado 17, a las 21 horas, en el teatro municipal \u201cLeopoldo Marechal\u201d se presentara la obra \u201cOjala que nunca m\u00e1s\u201d, de Roxana Lazzaro. La misma recorre la historia reciente de nuestro pa\u00eds, vista desde la mirada de los j\u00f3venes que atraviesa nuestro pasado y nos deja pensando en nuestro presente. Una retrospectiva de los a\u00f1os de la dictadura c\u00edvico-militar y su influencia en la juventud de ese momento.<\/p>\n\n\n\n<p>Las entradas de cada una de las obras del Teatro Leopoldo Marechal, son libres y gratuitas, y se retiran siempre una hora antes de la funci\u00f3n en la puerta del mismo.<\/p>\n\n\n\n<figure class=\"wp-block-gallery has-nested-images columns-default is-cropped wp-block-gallery-1 is-layout-flex wp-block-gallery-is-layout-flex\">\n<figure class=\"wp-block-image size-large\"><a href=\"https:\/\/morenoprimero.com.ar\/wp-content\/uploads\/2022\/09\/WhatsApp-Image-2022-09-16-at-16.20.16-1.jpeg\"><img loading=\"lazy\" decoding=\"async\" width=\"750\" height=\"748\" data-id=\"32293\" src=\"https:\/\/morenoprimero.com.ar\/wp-content\/uploads\/2022\/09\/WhatsApp-Image-2022-09-16-at-16.20.16-1.jpeg\" alt=\"\" class=\"wp-image-32293\" srcset=\"https:\/\/morenoprimero.com.ar\/archivo\/wp-content\/uploads\/2022\/09\/WhatsApp-Image-2022-09-16-at-16.20.16-1.jpeg 750w, https:\/\/morenoprimero.com.ar\/archivo\/wp-content\/uploads\/2022\/09\/WhatsApp-Image-2022-09-16-at-16.20.16-1-300x300.jpeg 300w, https:\/\/morenoprimero.com.ar\/archivo\/wp-content\/uploads\/2022\/09\/WhatsApp-Image-2022-09-16-at-16.20.16-1-150x150.jpeg 150w\" sizes=\"auto, (max-width: 750px) 100vw, 750px\" \/><\/a><\/figure>\n\n\n\n<figure class=\"wp-block-image size-large\"><a href=\"https:\/\/morenoprimero.com.ar\/wp-content\/uploads\/2022\/09\/WhatsApp-Image-2022-09-16-at-16.20.16.jpeg\"><img loading=\"lazy\" decoding=\"async\" width=\"526\" height=\"526\" data-id=\"32292\" src=\"https:\/\/morenoprimero.com.ar\/wp-content\/uploads\/2022\/09\/WhatsApp-Image-2022-09-16-at-16.20.16.jpeg\" alt=\"\" class=\"wp-image-32292\" srcset=\"https:\/\/morenoprimero.com.ar\/archivo\/wp-content\/uploads\/2022\/09\/WhatsApp-Image-2022-09-16-at-16.20.16.jpeg 526w, https:\/\/morenoprimero.com.ar\/archivo\/wp-content\/uploads\/2022\/09\/WhatsApp-Image-2022-09-16-at-16.20.16-300x300.jpeg 300w, https:\/\/morenoprimero.com.ar\/archivo\/wp-content\/uploads\/2022\/09\/WhatsApp-Image-2022-09-16-at-16.20.16-150x150.jpeg 150w\" sizes=\"auto, (max-width: 526px) 100vw, 526px\" \/><\/a><\/figure>\n\n\n\n<figure class=\"wp-block-image size-large\"><a href=\"https:\/\/morenoprimero.com.ar\/wp-content\/uploads\/2022\/09\/WhatsApp-Image-2022-09-16-at-16.20.15-3.jpeg\"><img loading=\"lazy\" decoding=\"async\" width=\"1024\" height=\"1024\" data-id=\"32294\" src=\"https:\/\/morenoprimero.com.ar\/wp-content\/uploads\/2022\/09\/WhatsApp-Image-2022-09-16-at-16.20.15-3-1024x1024.jpeg\" alt=\"\" class=\"wp-image-32294\" srcset=\"https:\/\/morenoprimero.com.ar\/archivo\/wp-content\/uploads\/2022\/09\/WhatsApp-Image-2022-09-16-at-16.20.15-3-1024x1024.jpeg 1024w, https:\/\/morenoprimero.com.ar\/archivo\/wp-content\/uploads\/2022\/09\/WhatsApp-Image-2022-09-16-at-16.20.15-3-300x300.jpeg 300w, https:\/\/morenoprimero.com.ar\/archivo\/wp-content\/uploads\/2022\/09\/WhatsApp-Image-2022-09-16-at-16.20.15-3-150x150.jpeg 150w, https:\/\/morenoprimero.com.ar\/archivo\/wp-content\/uploads\/2022\/09\/WhatsApp-Image-2022-09-16-at-16.20.15-3-768x768.jpeg 768w, https:\/\/morenoprimero.com.ar\/archivo\/wp-content\/uploads\/2022\/09\/WhatsApp-Image-2022-09-16-at-16.20.15-3.jpeg 1080w\" sizes=\"auto, (max-width: 1024px) 100vw, 1024px\" \/><\/a><\/figure>\n<\/figure>\n\n\n\n<p><\/p>\n\n\n\n<p><strong>RESERVA MUNICIPAL LOS ROBLES<\/strong><\/p>\n\n\n\n<p>La Reserva Natural Municipal \u201cLos Robles\u201d es una excelente alternativa para compartir en familia y disfrutar de las bondades de este espacio natural que hacen de \u00e9l un punto tur\u00edstico importante en la provincia de Buenos Aires. All\u00ed se puede dormir, acampar, disfrutar del sector gastron\u00f3mico, las caminatas guiadas, espacios de juegos libres y de lectura para la ni\u00f1ez, y diversas actividades m\u00e1s.<\/p>\n\n\n\n<p>Durante este fin de semana la reserva natural presenta una serie de actividades para disfrutar del espacio al aire libre.<\/p>\n\n\n\n<p>El s\u00e1bado 17, desde las 10 horas estar\u00e1 disponible el patio gastron\u00f3mico y yoga para todas las edades; a las 11 horas taller de megafauna, para docentes en la biblioteca. Desde las 12 horas se podr\u00e1 disfrutar de la feria artesanal; a las 14 horas habr\u00e1 m\u00fasica en vivo en el patio gastron\u00f3mico, a las 15 horas taller de meditaci\u00f3n y caminata guiada por el bosque y a las 16 horas yoga.<\/p>\n\n\n\n<p>Para el domingo 18, el patio gastron\u00f3mico estar\u00e1 disponible a partir de las 10 hasta las 12 horas. A las 15 horas caminata guiada por los senderos del bosque y a las 15:30 clase abierta de tango milonga.<\/p>\n\n\n\n<figure class=\"wp-block-gallery has-nested-images columns-default is-cropped wp-block-gallery-2 is-layout-flex wp-block-gallery-is-layout-flex\">\n<figure class=\"wp-block-image size-large\"><a href=\"https:\/\/morenoprimero.com.ar\/wp-content\/uploads\/2022\/09\/WhatsApp-Image-2022-09-16-at-16.20.15.jpeg\"><img loading=\"lazy\" decoding=\"async\" width=\"720\" height=\"1280\" data-id=\"32298\" src=\"https:\/\/morenoprimero.com.ar\/wp-content\/uploads\/2022\/09\/WhatsApp-Image-2022-09-16-at-16.20.15.jpeg\" alt=\"\" class=\"wp-image-32298\" srcset=\"https:\/\/morenoprimero.com.ar\/archivo\/wp-content\/uploads\/2022\/09\/WhatsApp-Image-2022-09-16-at-16.20.15.jpeg 720w, https:\/\/morenoprimero.com.ar\/archivo\/wp-content\/uploads\/2022\/09\/WhatsApp-Image-2022-09-16-at-16.20.15-169x300.jpeg 169w, https:\/\/morenoprimero.com.ar\/archivo\/wp-content\/uploads\/2022\/09\/WhatsApp-Image-2022-09-16-at-16.20.15-576x1024.jpeg 576w\" sizes=\"auto, (max-width: 720px) 100vw, 720px\" \/><\/a><\/figure>\n\n\n\n<figure class=\"wp-block-image size-large\"><a href=\"https:\/\/morenoprimero.com.ar\/wp-content\/uploads\/2022\/09\/WhatsApp-Image-2022-09-16-at-16.20.15-2.jpeg\"><img loading=\"lazy\" decoding=\"async\" width=\"720\" height=\"1280\" data-id=\"32296\" src=\"https:\/\/morenoprimero.com.ar\/wp-content\/uploads\/2022\/09\/WhatsApp-Image-2022-09-16-at-16.20.15-2.jpeg\" alt=\"\" class=\"wp-image-32296\" srcset=\"https:\/\/morenoprimero.com.ar\/archivo\/wp-content\/uploads\/2022\/09\/WhatsApp-Image-2022-09-16-at-16.20.15-2.jpeg 720w, https:\/\/morenoprimero.com.ar\/archivo\/wp-content\/uploads\/2022\/09\/WhatsApp-Image-2022-09-16-at-16.20.15-2-169x300.jpeg 169w, https:\/\/morenoprimero.com.ar\/archivo\/wp-content\/uploads\/2022\/09\/WhatsApp-Image-2022-09-16-at-16.20.15-2-576x1024.jpeg 576w\" sizes=\"auto, (max-width: 720px) 100vw, 720px\" \/><\/a><\/figure>\n\n\n\n<figure class=\"wp-block-image size-large\"><a href=\"https:\/\/morenoprimero.com.ar\/wp-content\/uploads\/2022\/09\/WhatsApp-Image-2022-09-16-at-16.20.15-1.jpeg\"><img loading=\"lazy\" decoding=\"async\" width=\"720\" height=\"1280\" data-id=\"32297\" src=\"https:\/\/morenoprimero.com.ar\/wp-content\/uploads\/2022\/09\/WhatsApp-Image-2022-09-16-at-16.20.15-1.jpeg\" alt=\"\" class=\"wp-image-32297\" srcset=\"https:\/\/morenoprimero.com.ar\/archivo\/wp-content\/uploads\/2022\/09\/WhatsApp-Image-2022-09-16-at-16.20.15-1.jpeg 720w, https:\/\/morenoprimero.com.ar\/archivo\/wp-content\/uploads\/2022\/09\/WhatsApp-Image-2022-09-16-at-16.20.15-1-169x300.jpeg 169w, https:\/\/morenoprimero.com.ar\/archivo\/wp-content\/uploads\/2022\/09\/WhatsApp-Image-2022-09-16-at-16.20.15-1-576x1024.jpeg 576w\" sizes=\"auto, (max-width: 720px) 100vw, 720px\" \/><\/a><\/figure>\n<\/figure>\n\n\n\n<p><\/p>\n\n\n\n<p>En \u201cLos Robles\u201d se tiene la posibilidad de alquilar Posadas del Bosque y las reservas se pueden tramitar a trav\u00e9s del e-mail <a href=\"mailto:turismo@moreno.gov.ar\">turismo@moreno.gov.ar<\/a>, o por las siguientes plataformas: #Airbnb, #TripAdvisor y #Booking; as\u00ed como de manera presencial en la administraci\u00f3n de las caba\u00f1as.<\/p>\n\n\n\n<p>Para visitar la reserva no hace falta inscripci\u00f3n previa, las visitas son por orden de llegada hasta completar la capacidad del lugar. El Municipio invita a disfrutar con conciencia este hermoso refugio de vida y naturaleza.<\/p>\n\n\n\n<p>Para llegar en transporte p\u00fablico, est\u00e1 el recorrido 26 de La Perlita, cartel \u201cLos Robles\u201d. Horarios desde Moreno: 7:30 horas y 12:30 horas; y el regreso desde Los Robles es a las 13 horas y a las 18 horas. La tarifa de ingreso es de $100 para personas que viven en Moreno; de $ 250 para el p\u00fablico en general, y menores y jubilados no abonan. El estacionamiento tiene un valor de $70 para motos; de $150 para autos y de $300 para combis.<\/p>\n\n\n\n<figure class=\"wp-block-image size-full\"><a href=\"https:\/\/morenoprimero.com.ar\/wp-content\/uploads\/2022\/09\/WhatsApp-Image-2022-09-16-at-16.20.14-1.jpeg\"><img loading=\"lazy\" decoding=\"async\" width=\"593\" height=\"395\" src=\"https:\/\/morenoprimero.com.ar\/wp-content\/uploads\/2022\/09\/WhatsApp-Image-2022-09-16-at-16.20.14-1.jpeg\" alt=\"\" class=\"wp-image-32295\" srcset=\"https:\/\/morenoprimero.com.ar\/archivo\/wp-content\/uploads\/2022\/09\/WhatsApp-Image-2022-09-16-at-16.20.14-1.jpeg 593w, https:\/\/morenoprimero.com.ar\/archivo\/wp-content\/uploads\/2022\/09\/WhatsApp-Image-2022-09-16-at-16.20.14-1-300x200.jpeg 300w\" sizes=\"auto, (max-width: 593px) 100vw, 593px\" \/><\/a><\/figure>\n","protected":false},"excerpt":{"rendered":"<p>Te acercamos las nuevas propuestas culturales y la variedad de opciones para recorrer el distrito que brinda el Municipio a la comunidad local y de otras zonas. Este fin de semana se estar\u00e1 presentado la exposici\u00f3n art\u00edstica \u00abMujeres de las &hellip; <a href=\"https:\/\/morenoprimero.com.ar\/archivo\/se-viene-un-fin-de-semana-recargado-de-propuestas-culturales-y-turismo-de-cercania\/\">Sigue leyendo <span class=\"meta-nav\">&rarr;<\/span><\/a><\/p>\n","protected":false},"author":6,"featured_media":32299,"comment_status":"closed","ping_status":"closed","sticky":false,"template":"","format":"standard","meta":{"footnotes":""},"categories":[2332],"tags":[2505,153,4018],"class_list":["post-32290","post","type-post","status-publish","format-standard","has-post-thumbnail","hentry","category-cultura","tag-secretaria-de-cultura-educacion-y-deportes","tag-teatro-leopoldo-marechal","tag-turismo-de-cercania"],"_links":{"self":[{"href":"https:\/\/morenoprimero.com.ar\/archivo\/wp-json\/wp\/v2\/posts\/32290","targetHints":{"allow":["GET"]}}],"collection":[{"href":"https:\/\/morenoprimero.com.ar\/archivo\/wp-json\/wp\/v2\/posts"}],"about":[{"href":"https:\/\/morenoprimero.com.ar\/archivo\/wp-json\/wp\/v2\/types\/post"}],"author":[{"embeddable":true,"href":"https:\/\/morenoprimero.com.ar\/archivo\/wp-json\/wp\/v2\/users\/6"}],"replies":[{"embeddable":true,"href":"https:\/\/morenoprimero.com.ar\/archivo\/wp-json\/wp\/v2\/comments?post=32290"}],"version-history":[{"count":3,"href":"https:\/\/morenoprimero.com.ar\/archivo\/wp-json\/wp\/v2\/posts\/32290\/revisions"}],"predecessor-version":[{"id":32311,"href":"https:\/\/morenoprimero.com.ar\/archivo\/wp-json\/wp\/v2\/posts\/32290\/revisions\/32311"}],"wp:featuredmedia":[{"embeddable":true,"href":"https:\/\/morenoprimero.com.ar\/archivo\/wp-json\/wp\/v2\/media\/32299"}],"wp:attachment":[{"href":"https:\/\/morenoprimero.com.ar\/archivo\/wp-json\/wp\/v2\/media?parent=32290"}],"wp:term":[{"taxonomy":"category","embeddable":true,"href":"https:\/\/morenoprimero.com.ar\/archivo\/wp-json\/wp\/v2\/categories?post=32290"},{"taxonomy":"post_tag","embeddable":true,"href":"https:\/\/morenoprimero.com.ar\/archivo\/wp-json\/wp\/v2\/tags?post=32290"}],"curies":[{"name":"wp","href":"https:\/\/api.w.org\/{rel}","templated":true}]}}