{"id":32050,"date":"2022-09-13T11:03:31","date_gmt":"2022-09-13T14:03:31","guid":{"rendered":"https:\/\/morenoprimero.com.ar\/?p=32050"},"modified":"2022-09-13T11:03:33","modified_gmt":"2022-09-13T14:03:33","slug":"se-entregaron-diplomas-a-trabajadoras-y-trabajadores-municipales-que-se-capacitaron-a-traves-del-ipap","status":"publish","type":"post","link":"https:\/\/morenoprimero.com.ar\/archivo\/se-entregaron-diplomas-a-trabajadoras-y-trabajadores-municipales-que-se-capacitaron-a-traves-del-ipap\/","title":{"rendered":"Se entregaron diplomas a trabajadoras y trabajadores municipales que se capacitaron a trav\u00e9s del IPAP"},"content":{"rendered":"\n<p>La intendenta de Moreno, Mariel Fern\u00e1ndez, junto al Secretario Ejecutivo del Instituto Provincial de la Administraci\u00f3n P\u00fablica, Hern\u00e1n Escudero, reconocieron trabajadoras y trabajadores municipales que han finalizado los cursos de capacitaci\u00f3n virtual dictados a trav\u00e9s del Instituto Provincial de la Administraci\u00f3n P\u00fablica (IPAP) de la Provincia de Buenos Aires, a trav\u00e9s de la entrega de diplomas correspondientes. Moreno es uno de los Municipios de la provincia de Buenos Aires con mayor n\u00famero capacitados por IPAP.<\/p>\n\n\n\n<p>Tambi\u00e9n estuvieron presentes el secretario de Gobierno, Alberto Conca; la subsecretaria de Recursos Humanos, Mirna Coronel; y la directora de Capacitaci\u00f3n y Desarrollo de Personal, Ana Ferreyra.<\/p>\n\n\n\n<p>Con el fin de garantizar el derecho a la formaci\u00f3n permanente de las y los trabajadores municipales, el Municipio de Moreno, mediante la Secretar\u00eda de Gobierno articula de forma constante con organismos provinciales y nacionales. Gracias a esta acci\u00f3n, Moreno es uno de los municipios de la provincia de Buenos Aires con mayor n\u00famero de trabajadoras y trabajadores capacitados a trav\u00e9s del IPAP, durante el periodo de los a\u00f1os 2020-2022. Durante el a\u00f1o 2020, las y los trabajadores han participado y aprobado 134 cursos de capacitaci\u00f3n. Para el a\u00f1o 2021, alcanzaron los 122 cursos aprobados. Mientras que, para el a\u00f1o 2022, llevan aprobados 124 cursos finalizados.<\/p>\n\n\n\n<p>Durante el acto, la jefa comunal afirm\u00f3: \u201cLa centralidad del Municipio son sus trabajadoras y trabajadores. Sin que ustedes est\u00e9n bien, sin que ustedes se comprometan y participen, no podemos brindar buenos servicios y justamente el Municipio est\u00e1 al servicio de las y los vecinos, principalmente de aquellos que tienen m\u00e1s dificultades y hace a\u00f1os esperan que este Municipio les pueda dar una respuesta. Por eso una gran alegr\u00eda que hayan realizado estas capacitaciones y les agradecemos su compromiso\u201d.<\/p>\n\n\n\n<figure class=\"wp-block-gallery has-nested-images columns-default is-cropped wp-block-gallery-1 is-layout-flex wp-block-gallery-is-layout-flex\">\n<figure class=\"wp-block-image size-large\"><a href=\"https:\/\/morenoprimero.com.ar\/wp-content\/uploads\/2022\/09\/WhatsApp-Image-2022-09-12-at-15.02.01-2.jpeg\"><img loading=\"lazy\" decoding=\"async\" width=\"1024\" height=\"682\" data-id=\"32054\" src=\"https:\/\/morenoprimero.com.ar\/wp-content\/uploads\/2022\/09\/WhatsApp-Image-2022-09-12-at-15.02.01-2.jpeg\" alt=\"\" class=\"wp-image-32054\" srcset=\"https:\/\/morenoprimero.com.ar\/archivo\/wp-content\/uploads\/2022\/09\/WhatsApp-Image-2022-09-12-at-15.02.01-2.jpeg 1024w, https:\/\/morenoprimero.com.ar\/archivo\/wp-content\/uploads\/2022\/09\/WhatsApp-Image-2022-09-12-at-15.02.01-2-300x200.jpeg 300w, https:\/\/morenoprimero.com.ar\/archivo\/wp-content\/uploads\/2022\/09\/WhatsApp-Image-2022-09-12-at-15.02.01-2-768x512.jpeg 768w\" sizes=\"auto, (max-width: 1024px) 100vw, 1024px\" \/><\/a><\/figure>\n\n\n\n<figure class=\"wp-block-image size-large\"><a href=\"https:\/\/morenoprimero.com.ar\/wp-content\/uploads\/2022\/09\/WhatsApp-Image-2022-09-12-at-15.02.01-1.jpeg\"><img loading=\"lazy\" decoding=\"async\" width=\"1024\" height=\"682\" data-id=\"32055\" src=\"https:\/\/morenoprimero.com.ar\/wp-content\/uploads\/2022\/09\/WhatsApp-Image-2022-09-12-at-15.02.01-1.jpeg\" alt=\"\" class=\"wp-image-32055\" srcset=\"https:\/\/morenoprimero.com.ar\/archivo\/wp-content\/uploads\/2022\/09\/WhatsApp-Image-2022-09-12-at-15.02.01-1.jpeg 1024w, https:\/\/morenoprimero.com.ar\/archivo\/wp-content\/uploads\/2022\/09\/WhatsApp-Image-2022-09-12-at-15.02.01-1-300x200.jpeg 300w, https:\/\/morenoprimero.com.ar\/archivo\/wp-content\/uploads\/2022\/09\/WhatsApp-Image-2022-09-12-at-15.02.01-1-768x512.jpeg 768w\" sizes=\"auto, (max-width: 1024px) 100vw, 1024px\" \/><\/a><\/figure>\n\n\n\n<figure class=\"wp-block-image size-large\"><a href=\"https:\/\/morenoprimero.com.ar\/wp-content\/uploads\/2022\/09\/WhatsApp-Image-2022-09-12-at-15.02.01.jpeg\"><img loading=\"lazy\" decoding=\"async\" width=\"1024\" height=\"682\" data-id=\"32056\" src=\"https:\/\/morenoprimero.com.ar\/wp-content\/uploads\/2022\/09\/WhatsApp-Image-2022-09-12-at-15.02.01.jpeg\" alt=\"\" class=\"wp-image-32056\" srcset=\"https:\/\/morenoprimero.com.ar\/archivo\/wp-content\/uploads\/2022\/09\/WhatsApp-Image-2022-09-12-at-15.02.01.jpeg 1024w, https:\/\/morenoprimero.com.ar\/archivo\/wp-content\/uploads\/2022\/09\/WhatsApp-Image-2022-09-12-at-15.02.01-300x200.jpeg 300w, https:\/\/morenoprimero.com.ar\/archivo\/wp-content\/uploads\/2022\/09\/WhatsApp-Image-2022-09-12-at-15.02.01-768x512.jpeg 768w\" sizes=\"auto, (max-width: 1024px) 100vw, 1024px\" \/><\/a><\/figure>\n<\/figure>\n\n\n\n<p><\/p>\n\n\n\n<p>\u201cLa capacitaci\u00f3n es un derecho, cumple un rol fundamental para transformar el Estado y ese rol lo ejercen las y los laburantes que se ponen frente a un vecino o administran la gesti\u00f3n cotidiana\u201d, dijo Escudero y destac\u00f3 que \u201ca fin de a\u00f1o, Moreno va a tener 20 trabajadoras y trabajadores que van a terminar la Diplomatura Provincial en Gesti\u00f3n P\u00fablica Municipal. De esa forma, el Municipio se va a caracterizar por tener un nivel de formaci\u00f3n y capacitaci\u00f3n del m\u00e1s alto rango que tenemos en la provincia y que van a poder vincular a las universidades nacionales\u201d.<\/p>\n\n\n\n<p>Los contenidos de formaci\u00f3n desarrollados se concentraron en profundizar nociones y conocimientos orientados a la inducci\u00f3n, procedimiento administrativo, atenci\u00f3n a la ciudadan\u00eda, lenguaje de se\u00f1as, infancias y adolescencias, comunicaci\u00f3n, trabajo en equipo, herramientas inform\u00e1ticas y digitales, normativas municipales y provinciales, y coordinaci\u00f3n y liderazgo en la gesti\u00f3n municipal. Todas las actividades se articularon en funci\u00f3n del objetivo permanente de la capacitaci\u00f3n en el Municipio de Moreno: profesionalizar la funci\u00f3n p\u00fablica, optimizar los servicios ofrecidos a la comunidad y garantizar el derecho a la formaci\u00f3n permanente de las y los trabajadores municipales.<\/p>\n","protected":false},"excerpt":{"rendered":"<p>La intendenta de Moreno, Mariel Fern\u00e1ndez, junto al Secretario Ejecutivo del Instituto Provincial de la Administraci\u00f3n P\u00fablica, Hern\u00e1n Escudero, reconocieron trabajadoras y trabajadores municipales que han finalizado los cursos de capacitaci\u00f3n virtual dictados a trav\u00e9s del Instituto Provincial de la &hellip; <a href=\"https:\/\/morenoprimero.com.ar\/archivo\/se-entregaron-diplomas-a-trabajadoras-y-trabajadores-municipales-que-se-capacitaron-a-traves-del-ipap\/\">Sigue leyendo <span class=\"meta-nav\">&rarr;<\/span><\/a><\/p>\n","protected":false},"author":6,"featured_media":32053,"comment_status":"closed","ping_status":"closed","sticky":false,"template":"","format":"standard","meta":{"footnotes":""},"categories":[2328],"tags":[4227,4226,276],"class_list":["post-32050","post","type-post","status-publish","format-standard","has-post-thumbnail","hentry","category-local","tag-hernan-escudero","tag-ipap","tag-mariel-fernandez"],"_links":{"self":[{"href":"https:\/\/morenoprimero.com.ar\/archivo\/wp-json\/wp\/v2\/posts\/32050","targetHints":{"allow":["GET"]}}],"collection":[{"href":"https:\/\/morenoprimero.com.ar\/archivo\/wp-json\/wp\/v2\/posts"}],"about":[{"href":"https:\/\/morenoprimero.com.ar\/archivo\/wp-json\/wp\/v2\/types\/post"}],"author":[{"embeddable":true,"href":"https:\/\/morenoprimero.com.ar\/archivo\/wp-json\/wp\/v2\/users\/6"}],"replies":[{"embeddable":true,"href":"https:\/\/morenoprimero.com.ar\/archivo\/wp-json\/wp\/v2\/comments?post=32050"}],"version-history":[{"count":1,"href":"https:\/\/morenoprimero.com.ar\/archivo\/wp-json\/wp\/v2\/posts\/32050\/revisions"}],"predecessor-version":[{"id":32058,"href":"https:\/\/morenoprimero.com.ar\/archivo\/wp-json\/wp\/v2\/posts\/32050\/revisions\/32058"}],"wp:featuredmedia":[{"embeddable":true,"href":"https:\/\/morenoprimero.com.ar\/archivo\/wp-json\/wp\/v2\/media\/32053"}],"wp:attachment":[{"href":"https:\/\/morenoprimero.com.ar\/archivo\/wp-json\/wp\/v2\/media?parent=32050"}],"wp:term":[{"taxonomy":"category","embeddable":true,"href":"https:\/\/morenoprimero.com.ar\/archivo\/wp-json\/wp\/v2\/categories?post=32050"},{"taxonomy":"post_tag","embeddable":true,"href":"https:\/\/morenoprimero.com.ar\/archivo\/wp-json\/wp\/v2\/tags?post=32050"}],"curies":[{"name":"wp","href":"https:\/\/api.w.org\/{rel}","templated":true}]}}