{"id":32036,"date":"2022-09-12T18:03:24","date_gmt":"2022-09-12T21:03:24","guid":{"rendered":"https:\/\/morenoprimero.com.ar\/?p=32036"},"modified":"2022-09-12T18:32:31","modified_gmt":"2022-09-12T21:32:31","slug":"programa-mesa-bonaerense-la-decision-politica-de-mariel-fernandez-de-poner-en-valor-los-comedores-escolares","status":"publish","type":"post","link":"https:\/\/morenoprimero.com.ar\/archivo\/programa-mesa-bonaerense-la-decision-politica-de-mariel-fernandez-de-poner-en-valor-los-comedores-escolares\/","title":{"rendered":"Programa MESA bonaerense: la decisi\u00f3n pol\u00edtica de Mariel Fern\u00e1ndez de poner en valor los comedores escolares\u00a0"},"content":{"rendered":"\n<p>Miguel Alcain, coordinador territorial del SAE en el distrito, expresa a Moreno Primero que la nueva etapa que comenz\u00f3 en la postpandemia plantea un desaf\u00edo con el doble objetivo de mejorar y potenciar el programa, y reforzar el rol del Estado. Con una particularidad en Moreno: \u201cexiste una definici\u00f3n muy clara de la intendenta Mariel Fern\u00e1ndez, de que los comedores escolares en las escuelas funcionen de la manera en que tienen que desarrollarse, con equipamiento nuevo, con la entrega de alimentos de calidad, pensando en una alimentaci\u00f3n saludable y adecuada para ni\u00f1os ni\u00f1as y j\u00f3venes que asisten a las escuelas de nuestro distrito\u201d, asegur\u00f3.<\/p>\n\n\n\n<p>En el Marco Alimentario Nutricional MESA 2022 se expresa concretamente que la conformaci\u00f3n del programa <strong>\u201cse orienta a garantizar un aporte de alimentos m\u00ednimamente procesados o sin procesar de buena calidad nutricional, promoviendo el consumo de alimentos que suelen encontrarse disminuidos en los patrones alimentarios de la poblaci\u00f3n<\/strong>\u201d. Adem\u00e1s, aclaran que, dentro de los alimentos frescos, \u201c<strong>hemos priorizado la inclusi\u00f3n de huevo, que ha sido un alimento que form\u00f3 parte del M\u00f3dulo de Emergencia y que posee gran valor nutricional<\/strong>\u201d.&nbsp;<\/p>\n\n\n\n<p>Desde Moreno Primero nos comunicamos con <strong>Miguel Alcain<\/strong>, Coordinador Territorial del SAE, quien detall\u00f3 como el programa se adapt\u00f3 al Aislamiento Social, Preventivo y Obligatorio (ASPO) producto de la pandemia por COVID-19, y la nueva etapa que comenz\u00f3 en la postpandemia plentea un desaf\u00edo con el doble objetivo de mejorar y potenciar el programa y reforzar el rol del Estado. Con una particularidad en Moreno, la decisi\u00f3n pol\u00edtica de que los comedores escolares funcionen, y una entrega de equipamientos de cocina hist\u00f3rica en el Municipio.&nbsp;<\/p>\n\n\n\n<p><strong>Del SAE al MESA<\/strong>&nbsp;<\/p>\n\n\n\n<p>El inicio del gobierno de Mariel Fern\u00e1ndez se vio atravesado por la pandemia de COVID-19 y por consecuencia el Aislamiento Socia, Preventivo y Obligatorio (ASPO). No obstante, tal como lo indica Alcain: \u201cEn un contexto sanitario y social muy complejo e in\u00e9dito, el Servicio Alimentario Escolar se fue adaptando y paso a cumplir un rol fundamental en relaci\u00f3n al acceso de alimentos para determinadas familias de la Provincia de Buenos Aires, y puntualmente Moreno\u201d, y es en ese momento que \u201cse comenz\u00f3 a pensar la propuesta alimentaria del m\u00f3dulo alimentario teniendo en cuenta la no presencialidad\u201d.&nbsp;<\/p>\n\n\n\n<p>De a poco, el foco m\u00e1s alarmante de contagios fue quedando atr\u00e1s y con una fuerte campa\u00f1a de vacunaci\u00f3n,&nbsp;\u201c<strong>nos encontramos en una nueva etapa en relaci\u00f3n a la propuesta alimentaria desde el servicio alimentario y a la ya avanzada presencialidad en las escuelas<\/strong>\u201d, se\u00f1al\u00f3 el coordinador territorial del SAE. \u201c<strong>En ese momento se defini\u00f3 continuar con el m\u00f3dulo alimentario, y a la vez implic\u00f3 tambi\u00e9n comenzar a trabajar fuertemente sobre otras cuestiones del SAE que ten\u00edan que ver m\u00e1s con infraestructura en relaci\u00f3n a los comedores, con personal auxiliar, con la entrega y la renovaci\u00f3n de los equipamientos para las cocinas de los comedores escolar<\/strong>\u201d, se\u00f1al\u00f3. &nbsp;<\/p>\n\n\n\n<p>As\u00ed, \u201c<strong>el MESA diferencia el m\u00f3dulo alimentario en ese marco de pandemia<\/strong>\u201d asegur\u00f3 Miguel Alcain. Actualmente, explic\u00f3: \u201c<strong>Toma un car\u00e1cter program\u00e1tico a nivel provincial, un car\u00e1cter de pol\u00edtica p\u00fablica alimentaria\u201d, <\/strong>y consider\u00f3<strong>: \u201cEso para nosotros es muy importante para seguir pensando y seguir garantizando el acceso a determinados alimentos a nuestra comunidad educativa, y en este caso Moreno, pero tambi\u00e9n a nivel provincial<\/strong>\u201d.&nbsp;<\/p>\n\n\n\n<p><strong>Reforzar el rol del Estado: Mariel Fern\u00e1ndez encomend\u00f3 comedores escolares ejecutados en funci\u00f3n de alimentaci\u00f3n saludable<\/strong>&nbsp;<\/p>\n\n\n\n<p>El coordinador territorial del SAE asegur\u00f3 que \u201c<strong>en este momento necesitamos reforzar el rol del Estado, que cada vez&nbsp;se consolide m\u00e1s un estado cercano al territorio, a las necesidades de, en este caso, la comunidad educativa morenense, y desde ese lugar poder ir generando diferentes acciones y estrategias que nos permitan ir aportando y seguir resolviendo las necesidades de los vecinos y vecinas, y de las familias que asisten a la escuela p\u00fablica<\/strong>\u201d. A su vez, desde el programa MESA tambi\u00e9n se busca reforzar el Estado \u201cen la garant\u00eda de la seguridad alimentaria y la posibilidad de brindar una alimentaci\u00f3n saludable a las familias\u201d.&nbsp;<\/p>\n\n\n\n<figure class=\"wp-block-gallery has-nested-images columns-default is-cropped wp-block-gallery-1 is-layout-flex wp-block-gallery-is-layout-flex\">\n<figure class=\"wp-block-image size-large\"><a href=\"https:\/\/morenoprimero.com.ar\/wp-content\/uploads\/2022\/09\/MESA-1.jpg\"><img loading=\"lazy\" decoding=\"async\" width=\"1024\" height=\"769\" data-id=\"32042\" src=\"https:\/\/morenoprimero.com.ar\/wp-content\/uploads\/2022\/09\/MESA-1-1024x769.jpg\" alt=\"\" class=\"wp-image-32042\" srcset=\"https:\/\/morenoprimero.com.ar\/archivo\/wp-content\/uploads\/2022\/09\/MESA-1-1024x769.jpg 1024w, https:\/\/morenoprimero.com.ar\/archivo\/wp-content\/uploads\/2022\/09\/MESA-1-300x225.jpg 300w, https:\/\/morenoprimero.com.ar\/archivo\/wp-content\/uploads\/2022\/09\/MESA-1-768x576.jpg 768w, https:\/\/morenoprimero.com.ar\/archivo\/wp-content\/uploads\/2022\/09\/MESA-1-1536x1153.jpg 1536w, https:\/\/morenoprimero.com.ar\/archivo\/wp-content\/uploads\/2022\/09\/MESA-1.jpg 1600w\" sizes=\"auto, (max-width: 1024px) 100vw, 1024px\" \/><\/a><\/figure>\n\n\n\n<figure class=\"wp-block-image size-large\"><a href=\"https:\/\/morenoprimero.com.ar\/wp-content\/uploads\/2022\/09\/MESA-2.jpg\"><img loading=\"lazy\" decoding=\"async\" width=\"576\" height=\"1024\" data-id=\"32041\" src=\"https:\/\/morenoprimero.com.ar\/wp-content\/uploads\/2022\/09\/MESA-2-576x1024.jpg\" alt=\"\" class=\"wp-image-32041\" srcset=\"https:\/\/morenoprimero.com.ar\/archivo\/wp-content\/uploads\/2022\/09\/MESA-2-576x1024.jpg 576w, https:\/\/morenoprimero.com.ar\/archivo\/wp-content\/uploads\/2022\/09\/MESA-2-169x300.jpg 169w, https:\/\/morenoprimero.com.ar\/archivo\/wp-content\/uploads\/2022\/09\/MESA-2.jpg 720w\" sizes=\"auto, (max-width: 576px) 100vw, 576px\" \/><\/a><\/figure>\n\n\n\n<figure class=\"wp-block-image size-large\"><a href=\"https:\/\/morenoprimero.com.ar\/wp-content\/uploads\/2022\/09\/MESA.jpg\"><img loading=\"lazy\" decoding=\"async\" width=\"576\" height=\"1024\" data-id=\"32040\" src=\"https:\/\/morenoprimero.com.ar\/wp-content\/uploads\/2022\/09\/MESA-576x1024.jpg\" alt=\"\" class=\"wp-image-32040\" srcset=\"https:\/\/morenoprimero.com.ar\/archivo\/wp-content\/uploads\/2022\/09\/MESA-576x1024.jpg 576w, https:\/\/morenoprimero.com.ar\/archivo\/wp-content\/uploads\/2022\/09\/MESA-169x300.jpg 169w, https:\/\/morenoprimero.com.ar\/archivo\/wp-content\/uploads\/2022\/09\/MESA-768x1365.jpg 768w, https:\/\/morenoprimero.com.ar\/archivo\/wp-content\/uploads\/2022\/09\/MESA.jpg 864w\" sizes=\"auto, (max-width: 576px) 100vw, 576px\" \/><\/a><\/figure>\n<\/figure>\n\n\n\n<p><\/p>\n\n\n\n<p>Es por eso que \u201c<strong>desde la gesti\u00f3n municipal y de la intendenta, Mariel Fern\u00e1ndez, existe una definici\u00f3n muy clara de que los comedores en las escuelas funcionen, y que lo hagan de la manera en que tienen que desarrollarse los comedores escolares<\/strong>\u201d, y afirm\u00f3: \u201c<strong>Esto quiere decir, con equipamiento nuevo, con la entrega de alimentos de calidad, pensando en una alimentaci\u00f3n saludable y adecuada para los ni\u00f1os, ni\u00f1as y j\u00f3venes que asisten a las escuelas p\u00fablicas de nuestro distrito<\/strong>\u201d.&nbsp;<\/p>\n\n\n\n<p>M\u00e1s a\u00fan, Alcain afirm\u00f3 que \u201c<strong>todas las escuelas que se encuentren en el marco del SAE, es decir 249 escuelas, van a continuar recibiendo este m\u00f3dulo extraordinario de seguridad alimentaria<\/strong>\u00ab. Por otro lado, y respecto de los comedores, el funcionario asever\u00f3 que <strong>\u201cseguimos avanzando en la mejora de infraestructura de los comedores escolares y las cocinas con la entrega de equipamiento nuevo para las escuelas<\/strong>\u201d.<\/p>\n\n\n\n<p>En ese sentido, \u201c<strong>en marzo de este a\u00f1o se hizo una entrega hist\u00f3rica de equipamiento nuevo para las escuelas que poseen comedor escolar, y en la \u00faltima semana de agosto, a trav\u00e9s de una compra de equipamiento que se hizo desde el Fondo Educativo, tambi\u00e9n por la decisi\u00f3n de la intendenta de que el Fondo Educativo vaya a las escuelas, se hizo una compra para otras 20 escuelas m\u00e1s, donde el objetivo sigue siendo reforzar y mejorar las condiciones de los comedores escolares y de los trabajadores y trabajadoras auxiliares, quienes producen los alimentos que los ni\u00f1o, ni\u00f1as y j\u00f3venes de las escuelas consumen<\/strong>\u201d.&nbsp;<\/p>\n\n\n\n<figure class=\"wp-block-gallery has-nested-images columns-default is-cropped wp-block-gallery-2 is-layout-flex wp-block-gallery-is-layout-flex\">\n<figure class=\"wp-block-image size-large\"><a href=\"https:\/\/morenoprimero.com.ar\/wp-content\/uploads\/2022\/09\/COMEDORES-2.jpeg\"><img loading=\"lazy\" decoding=\"async\" width=\"1024\" height=\"682\" data-id=\"32038\" src=\"https:\/\/morenoprimero.com.ar\/wp-content\/uploads\/2022\/09\/COMEDORES-2.jpeg\" alt=\"\" class=\"wp-image-32038\" srcset=\"https:\/\/morenoprimero.com.ar\/archivo\/wp-content\/uploads\/2022\/09\/COMEDORES-2.jpeg 1024w, https:\/\/morenoprimero.com.ar\/archivo\/wp-content\/uploads\/2022\/09\/COMEDORES-2-300x200.jpeg 300w, https:\/\/morenoprimero.com.ar\/archivo\/wp-content\/uploads\/2022\/09\/COMEDORES-2-768x512.jpeg 768w\" sizes=\"auto, (max-width: 1024px) 100vw, 1024px\" \/><\/a><\/figure>\n\n\n\n<figure class=\"wp-block-image size-large\"><a href=\"https:\/\/morenoprimero.com.ar\/wp-content\/uploads\/2022\/09\/COMEDORES-3.jpeg\"><img loading=\"lazy\" decoding=\"async\" width=\"800\" height=\"445\" data-id=\"32037\" src=\"https:\/\/morenoprimero.com.ar\/wp-content\/uploads\/2022\/09\/COMEDORES-3.jpeg\" alt=\"\" class=\"wp-image-32037\" srcset=\"https:\/\/morenoprimero.com.ar\/archivo\/wp-content\/uploads\/2022\/09\/COMEDORES-3.jpeg 800w, https:\/\/morenoprimero.com.ar\/archivo\/wp-content\/uploads\/2022\/09\/COMEDORES-3-300x167.jpeg 300w, https:\/\/morenoprimero.com.ar\/archivo\/wp-content\/uploads\/2022\/09\/COMEDORES-3-768x427.jpeg 768w\" sizes=\"auto, (max-width: 800px) 100vw, 800px\" \/><\/a><\/figure>\n\n\n\n<figure class=\"wp-block-image size-large\"><a href=\"https:\/\/morenoprimero.com.ar\/wp-content\/uploads\/2022\/09\/COMEDORES.jpeg\"><img loading=\"lazy\" decoding=\"async\" width=\"1024\" height=\"682\" data-id=\"32039\" src=\"https:\/\/morenoprimero.com.ar\/wp-content\/uploads\/2022\/09\/COMEDORES.jpeg\" alt=\"\" class=\"wp-image-32039\" srcset=\"https:\/\/morenoprimero.com.ar\/archivo\/wp-content\/uploads\/2022\/09\/COMEDORES.jpeg 1024w, https:\/\/morenoprimero.com.ar\/archivo\/wp-content\/uploads\/2022\/09\/COMEDORES-300x200.jpeg 300w, https:\/\/morenoprimero.com.ar\/archivo\/wp-content\/uploads\/2022\/09\/COMEDORES-768x512.jpeg 768w\" sizes=\"auto, (max-width: 1024px) 100vw, 1024px\" \/><\/a><\/figure>\n<\/figure>\n","protected":false},"excerpt":{"rendered":"<p>Miguel Alcain, coordinador territorial del SAE en el distrito, expresa a Moreno Primero que la nueva etapa que comenz\u00f3 en la postpandemia plantea un desaf\u00edo con el doble objetivo de mejorar y potenciar el programa, y reforzar el rol del &hellip; <a href=\"https:\/\/morenoprimero.com.ar\/archivo\/programa-mesa-bonaerense-la-decision-politica-de-mariel-fernandez-de-poner-en-valor-los-comedores-escolares\/\">Sigue leyendo <span class=\"meta-nav\">&rarr;<\/span><\/a><\/p>\n","protected":false},"author":6,"featured_media":32043,"comment_status":"closed","ping_status":"closed","sticky":false,"template":"","format":"standard","meta":{"footnotes":""},"categories":[2328],"tags":[276,4232,2783],"class_list":["post-32036","post","type-post","status-publish","format-standard","has-post-thumbnail","hentry","category-local","tag-mariel-fernandez","tag-mesa-bonaerense","tag-miguel-alcain"],"_links":{"self":[{"href":"https:\/\/morenoprimero.com.ar\/archivo\/wp-json\/wp\/v2\/posts\/32036","targetHints":{"allow":["GET"]}}],"collection":[{"href":"https:\/\/morenoprimero.com.ar\/archivo\/wp-json\/wp\/v2\/posts"}],"about":[{"href":"https:\/\/morenoprimero.com.ar\/archivo\/wp-json\/wp\/v2\/types\/post"}],"author":[{"embeddable":true,"href":"https:\/\/morenoprimero.com.ar\/archivo\/wp-json\/wp\/v2\/users\/6"}],"replies":[{"embeddable":true,"href":"https:\/\/morenoprimero.com.ar\/archivo\/wp-json\/wp\/v2\/comments?post=32036"}],"version-history":[{"count":6,"href":"https:\/\/morenoprimero.com.ar\/archivo\/wp-json\/wp\/v2\/posts\/32036\/revisions"}],"predecessor-version":[{"id":32075,"href":"https:\/\/morenoprimero.com.ar\/archivo\/wp-json\/wp\/v2\/posts\/32036\/revisions\/32075"}],"wp:featuredmedia":[{"embeddable":true,"href":"https:\/\/morenoprimero.com.ar\/archivo\/wp-json\/wp\/v2\/media\/32043"}],"wp:attachment":[{"href":"https:\/\/morenoprimero.com.ar\/archivo\/wp-json\/wp\/v2\/media?parent=32036"}],"wp:term":[{"taxonomy":"category","embeddable":true,"href":"https:\/\/morenoprimero.com.ar\/archivo\/wp-json\/wp\/v2\/categories?post=32036"},{"taxonomy":"post_tag","embeddable":true,"href":"https:\/\/morenoprimero.com.ar\/archivo\/wp-json\/wp\/v2\/tags?post=32036"}],"curies":[{"name":"wp","href":"https:\/\/api.w.org\/{rel}","templated":true}]}}