{"id":32018,"date":"2022-09-12T12:48:04","date_gmt":"2022-09-12T15:48:04","guid":{"rendered":"https:\/\/morenoprimero.com.ar\/?p=32018"},"modified":"2022-09-12T12:48:04","modified_gmt":"2022-09-12T15:48:04","slug":"se-llevo-a-cabo-la-misa-por-la-paz-con-presencia-del-oficialismo-y-ausencia-de-sectores-de-la-oposicion","status":"publish","type":"post","link":"https:\/\/morenoprimero.com.ar\/archivo\/se-llevo-a-cabo-la-misa-por-la-paz-con-presencia-del-oficialismo-y-ausencia-de-sectores-de-la-oposicion\/","title":{"rendered":"Se llev\u00f3 a cabo la Misa por la Paz, con presencia del oficialismo y ausencia de sectores de la oposici\u00f3n"},"content":{"rendered":"\n<p>El Frente de Todos asisti\u00f3 a la misa por la paz luego del atentado a vicepresidenta Cristina Kirchner. El presidente Alberto Fern\u00e1ndez, el gobernador Axel Kicillof y la intendenta Mariel Fern\u00e1ndez estuvieron presentes. La principal mandataria de Moreno consider\u00f3 que la misa fue un<strong> \u00abllamado a reflexionar sobre el presente y el futuro que queremos para nuestro pa\u00eds, que de ninguna manera es con violencia\u00bb.<\/strong><\/p>\n\n\n\n<p>El evento religioso convocado tras el intento de asesinato a la vicepresidenta Cristina Fern\u00e1ndez de Kirchner cont\u00f3 con fuerte presencia del gabinete nacional, gobernadores, legisladores nacionales y provinciales, miembros de organizaciones sociales y de derechos humanos. Entre ellos, estuvieron presentes el presidente Alberto Fern\u00e1ndez, el gobernador de la provincia de Buenos Aires, Axel Kicillof, y la intendenta de Moreno, Mariel Fern\u00e1ndez. &nbsp;<\/p>\n\n\n\n<p>La convocatoria fue realizada por el intendente de Luj\u00e1n, Leonardo Boto, a una misa por la paz en la hist\u00f3rica Bas\u00edlica local, considerada para el cristianismo como el \u201ccentro espiritual de la Argentina\u201d, y no cont\u00f3 con la participaci\u00f3n de los sectores de la oposici\u00f3n que hab\u00edan sido invitados.&nbsp;<\/p>\n\n\n\n<figure class=\"wp-block-gallery has-nested-images columns-default is-cropped wp-block-gallery-1 is-layout-flex wp-block-gallery-is-layout-flex\">\n<figure class=\"wp-block-image size-large\"><a href=\"https:\/\/morenoprimero.com.ar\/wp-content\/uploads\/2022\/09\/Misa-por-la-paz-5.jpg\"><img loading=\"lazy\" decoding=\"async\" width=\"799\" height=\"518\" data-id=\"32019\" src=\"https:\/\/morenoprimero.com.ar\/wp-content\/uploads\/2022\/09\/Misa-por-la-paz-5.jpg\" alt=\"\" class=\"wp-image-32019\" srcset=\"https:\/\/morenoprimero.com.ar\/archivo\/wp-content\/uploads\/2022\/09\/Misa-por-la-paz-5.jpg 799w, https:\/\/morenoprimero.com.ar\/archivo\/wp-content\/uploads\/2022\/09\/Misa-por-la-paz-5-300x194.jpg 300w, https:\/\/morenoprimero.com.ar\/archivo\/wp-content\/uploads\/2022\/09\/Misa-por-la-paz-5-768x498.jpg 768w\" sizes=\"auto, (max-width: 799px) 100vw, 799px\" \/><\/a><\/figure>\n\n\n\n<figure class=\"wp-block-image size-large\"><a href=\"https:\/\/morenoprimero.com.ar\/wp-content\/uploads\/2022\/09\/Misa-por-la-paz-6.jpg\"><img loading=\"lazy\" decoding=\"async\" width=\"887\" height=\"499\" data-id=\"32020\" src=\"https:\/\/morenoprimero.com.ar\/wp-content\/uploads\/2022\/09\/Misa-por-la-paz-6.jpg\" alt=\"\" class=\"wp-image-32020\" srcset=\"https:\/\/morenoprimero.com.ar\/archivo\/wp-content\/uploads\/2022\/09\/Misa-por-la-paz-6.jpg 887w, https:\/\/morenoprimero.com.ar\/archivo\/wp-content\/uploads\/2022\/09\/Misa-por-la-paz-6-300x169.jpg 300w, https:\/\/morenoprimero.com.ar\/archivo\/wp-content\/uploads\/2022\/09\/Misa-por-la-paz-6-768x432.jpg 768w\" sizes=\"auto, (max-width: 887px) 100vw, 887px\" \/><\/a><\/figure>\n<\/figure>\n\n\n\n<p><\/p>\n\n\n\n<p>El arzobispo de Luj\u00e1n-Mercedes,&nbsp;<strong>Jorge Eduardo Scheinig<\/strong>, encabez\u00f3 el evento y destac\u00f3 la presencia de la figura de la virgen, que lleva 400 a\u00f1os en ese sitio. Dijo que&nbsp;<strong>\u00abestamos en un tiempo extremadamente delicado, la paz social est\u00e1 fr\u00e1gil y amenazada, somos responsables de asegurarla y cuidarla\u00bb,<\/strong>&nbsp;por lo que se\u00f1al\u00f3 que cuando fue invitado a presidir la misa por el&nbsp;intendente, \u00ab<strong>sent\u00ed que era muy buena iniciativa y le dije que s\u00ed, adem\u00e1s lo hacemos cuando los obispos apostamos a una oraci\u00f3n por la solidaridad y el d\u00eda de la colecta M\u00e1s por Menos<\/strong>\u00ab.&nbsp;<\/p>\n\n\n\n<p>\u00ab<strong>Como dec\u00eda el papa Francisco, todos estamos en la misma barca y nadie se salva solo. Los invito a rezar juntos la oraci\u00f3n de San Francisco de As\u00eds, necesitamos darnos un clima de fraternidad. Uno se da cuenta que nuestro pueblo tiene una comuni\u00f3n profunda, confianza y esperanza, dej\u00e9monos llevar por la oraci\u00f3n a la virgen<\/strong>\u00ab, expres\u00f3. <\/p>\n\n\n\n<p><\/p>\n\n\n\n<p><strong>La intendenta de Moreno asisti\u00f3 a la misa por la paz&nbsp;<\/strong><\/p>\n\n\n\n<p>La intendenta de Moreno, <strong>Mariel Fern\u00e1ndez<\/strong>, asisti\u00f3 a la misa por la paz y se mostr\u00f3 junto a referentes de distintas organizaciones sociales. &nbsp;&nbsp;<\/p>\n\n\n\n<p>\u201c<strong>En la Bas\u00edlica Nuestra Se\u00f1ora de Luj\u00e1n compartimos una misa por la paz y la fraternidad de las argentinas y los argentinos<\/strong>\u201d cont\u00f3 en sus redes sociales. <\/p>\n\n\n\n<p>Adem\u00e1s, Fern\u00e1ndez&nbsp;consider\u00f3 que la misa celebrada el s\u00e1bado 10 de septiembre fue&nbsp;\u201d<strong>un llamado a reflexionar sobre el presente y el futuro que queremos para nuestro pa\u00eds, que de ninguna manera es con violencia<\/strong>\u201d. Y cerr\u00f3: \u201c<strong>En unidad, todas y todos juntos tenemos la responsabilidad de trabajar por la igualdad y la felicidad de nuestro pueblo<\/strong>\u201d.&nbsp;<\/p>\n\n\n\n<figure class=\"wp-block-gallery has-nested-images columns-default is-cropped wp-block-gallery-2 is-layout-flex wp-block-gallery-is-layout-flex\">\n<figure class=\"wp-block-image size-large\"><a href=\"https:\/\/morenoprimero.com.ar\/wp-content\/uploads\/2022\/09\/Misa-por-la-paz-2.jpg\"><img loading=\"lazy\" decoding=\"async\" width=\"682\" height=\"454\" data-id=\"32021\" src=\"https:\/\/morenoprimero.com.ar\/wp-content\/uploads\/2022\/09\/Misa-por-la-paz-2.jpg\" alt=\"\" class=\"wp-image-32021\" srcset=\"https:\/\/morenoprimero.com.ar\/archivo\/wp-content\/uploads\/2022\/09\/Misa-por-la-paz-2.jpg 682w, https:\/\/morenoprimero.com.ar\/archivo\/wp-content\/uploads\/2022\/09\/Misa-por-la-paz-2-300x200.jpg 300w\" sizes=\"auto, (max-width: 682px) 100vw, 682px\" \/><\/a><\/figure>\n\n\n\n<figure class=\"wp-block-image size-large\"><a href=\"https:\/\/morenoprimero.com.ar\/wp-content\/uploads\/2022\/09\/Misa-por-la-paz-3.jpg\"><img loading=\"lazy\" decoding=\"async\" width=\"682\" height=\"454\" data-id=\"32023\" src=\"https:\/\/morenoprimero.com.ar\/wp-content\/uploads\/2022\/09\/Misa-por-la-paz-3.jpg\" alt=\"\" class=\"wp-image-32023\" srcset=\"https:\/\/morenoprimero.com.ar\/archivo\/wp-content\/uploads\/2022\/09\/Misa-por-la-paz-3.jpg 682w, https:\/\/morenoprimero.com.ar\/archivo\/wp-content\/uploads\/2022\/09\/Misa-por-la-paz-3-300x200.jpg 300w\" sizes=\"auto, (max-width: 682px) 100vw, 682px\" \/><\/a><\/figure>\n\n\n\n<figure class=\"wp-block-image size-large\"><a href=\"https:\/\/morenoprimero.com.ar\/wp-content\/uploads\/2022\/09\/Misa-por-la-paz-4.jpg\"><img loading=\"lazy\" decoding=\"async\" width=\"682\" height=\"454\" data-id=\"32024\" src=\"https:\/\/morenoprimero.com.ar\/wp-content\/uploads\/2022\/09\/Misa-por-la-paz-4.jpg\" alt=\"\" class=\"wp-image-32024\" srcset=\"https:\/\/morenoprimero.com.ar\/archivo\/wp-content\/uploads\/2022\/09\/Misa-por-la-paz-4.jpg 682w, https:\/\/morenoprimero.com.ar\/archivo\/wp-content\/uploads\/2022\/09\/Misa-por-la-paz-4-300x200.jpg 300w\" sizes=\"auto, (max-width: 682px) 100vw, 682px\" \/><\/a><\/figure>\n\n\n\n<figure class=\"wp-block-image size-large\"><a href=\"https:\/\/morenoprimero.com.ar\/wp-content\/uploads\/2022\/09\/Misa-por-la-paz-1.jpg\"><img loading=\"lazy\" decoding=\"async\" width=\"682\" height=\"454\" data-id=\"32022\" src=\"https:\/\/morenoprimero.com.ar\/wp-content\/uploads\/2022\/09\/Misa-por-la-paz-1.jpg\" alt=\"\" class=\"wp-image-32022\" srcset=\"https:\/\/morenoprimero.com.ar\/archivo\/wp-content\/uploads\/2022\/09\/Misa-por-la-paz-1.jpg 682w, https:\/\/morenoprimero.com.ar\/archivo\/wp-content\/uploads\/2022\/09\/Misa-por-la-paz-1-300x200.jpg 300w\" sizes=\"auto, (max-width: 682px) 100vw, 682px\" \/><\/a><\/figure>\n<\/figure>\n","protected":false},"excerpt":{"rendered":"<p>El Frente de Todos asisti\u00f3 a la misa por la paz luego del atentado a vicepresidenta Cristina Kirchner. El presidente Alberto Fern\u00e1ndez, el gobernador Axel Kicillof y la intendenta Mariel Fern\u00e1ndez estuvieron presentes. La principal mandataria de Moreno consider\u00f3 que &hellip; <a href=\"https:\/\/morenoprimero.com.ar\/archivo\/se-llevo-a-cabo-la-misa-por-la-paz-con-presencia-del-oficialismo-y-ausencia-de-sectores-de-la-oposicion\/\">Sigue leyendo <span class=\"meta-nav\">&rarr;<\/span><\/a><\/p>\n","protected":false},"author":6,"featured_media":32027,"comment_status":"open","ping_status":"open","sticky":false,"template":"","format":"standard","meta":{"footnotes":""},"categories":[21,1],"tags":[645,132,28,276,4225],"class_list":["post-32018","post","type-post","status-publish","format-standard","has-post-thumbnail","hentry","category-interes-general","category-sin-categoria","tag-alberto-fernandez-2","tag-axel-kicillof","tag-frente-de-todos","tag-mariel-fernandez","tag-misa-por-la-paz"],"_links":{"self":[{"href":"https:\/\/morenoprimero.com.ar\/archivo\/wp-json\/wp\/v2\/posts\/32018","targetHints":{"allow":["GET"]}}],"collection":[{"href":"https:\/\/morenoprimero.com.ar\/archivo\/wp-json\/wp\/v2\/posts"}],"about":[{"href":"https:\/\/morenoprimero.com.ar\/archivo\/wp-json\/wp\/v2\/types\/post"}],"author":[{"embeddable":true,"href":"https:\/\/morenoprimero.com.ar\/archivo\/wp-json\/wp\/v2\/users\/6"}],"replies":[{"embeddable":true,"href":"https:\/\/morenoprimero.com.ar\/archivo\/wp-json\/wp\/v2\/comments?post=32018"}],"version-history":[{"count":6,"href":"https:\/\/morenoprimero.com.ar\/archivo\/wp-json\/wp\/v2\/posts\/32018\/revisions"}],"predecessor-version":[{"id":32035,"href":"https:\/\/morenoprimero.com.ar\/archivo\/wp-json\/wp\/v2\/posts\/32018\/revisions\/32035"}],"wp:featuredmedia":[{"embeddable":true,"href":"https:\/\/morenoprimero.com.ar\/archivo\/wp-json\/wp\/v2\/media\/32027"}],"wp:attachment":[{"href":"https:\/\/morenoprimero.com.ar\/archivo\/wp-json\/wp\/v2\/media?parent=32018"}],"wp:term":[{"taxonomy":"category","embeddable":true,"href":"https:\/\/morenoprimero.com.ar\/archivo\/wp-json\/wp\/v2\/categories?post=32018"},{"taxonomy":"post_tag","embeddable":true,"href":"https:\/\/morenoprimero.com.ar\/archivo\/wp-json\/wp\/v2\/tags?post=32018"}],"curies":[{"name":"wp","href":"https:\/\/api.w.org\/{rel}","templated":true}]}}