{"id":32009,"date":"2022-09-10T10:59:48","date_gmt":"2022-09-10T13:59:48","guid":{"rendered":"https:\/\/morenoprimero.com.ar\/?p=32009"},"modified":"2022-09-10T11:31:16","modified_gmt":"2022-09-10T14:31:16","slug":"claudia-torres-el-objetivo-es-visibilizar-la-situacion-actual-de-las-mujeres-originarias","status":"publish","type":"post","link":"https:\/\/morenoprimero.com.ar\/archivo\/claudia-torres-el-objetivo-es-visibilizar-la-situacion-actual-de-las-mujeres-originarias\/","title":{"rendered":"Claudia Torres: \u201cEl objetivo es visibilizar la situaci\u00f3n actual de las mujeres originarias\u201d"},"content":{"rendered":"\n<p>En el marco de las celebraciones por el D\u00eda de la Mujer Originaria, este domingo 11 de septiembre se llevar\u00e1 adelante en la Casa de la Cultura un encuentro de mujeres originarias organizado por el Programa Moreno Sagrado. Desde Moreno Primero, dialogamos con su coordinadora, Claudia Torres.<\/p>\n\n\n\n<p>Desde Moreno Primero dialogamos con la Coordinadora Programa Moreno Sagrado, Claudia Torres, quien se refiri\u00f3 al encuentro, la activa pol\u00edtica que se viene desarrollando en Moreno en torno a los Pueblos Originarios, sus costumbres y la cultura.<\/p>\n\n\n\n<p><strong>\u201cMoreno es diverso en pr\u00e1cticas culturales y los Pueblos Originarios abundan en estas tierras. El objetivo es visibilizar la situaci\u00f3n actual de las mujeres originarias, su participaci\u00f3n en la vida social, cultural, econ\u00f3mica y visibilizar nuestros saberes ancestrales\u201d<\/strong>, explica Claudia.<\/p>\n\n\n\n<p>En esta nueva actividad, que deja en claro la importancia que el estado local le otorga a la visibilizaci\u00f3n de las culturas originarias, no solo participan mujeres de Moreno, sino funcionarias, profesionales, artistas de distintos lugares e instituciones invitadas por el municipio.<\/p>\n\n\n<div class=\"wp-block-image\">\n<figure class=\"aligncenter size-full\"><a href=\"https:\/\/morenoprimero.com.ar\/wp-content\/uploads\/2022\/09\/WhatsApp-Image-2022-09-07-at-6.48.27-PM.jpeg\"><img loading=\"lazy\" decoding=\"async\" width=\"600\" height=\"600\" src=\"https:\/\/morenoprimero.com.ar\/wp-content\/uploads\/2022\/09\/WhatsApp-Image-2022-09-07-at-6.48.27-PM.jpeg\" alt=\"\" class=\"wp-image-32012\" srcset=\"https:\/\/morenoprimero.com.ar\/archivo\/wp-content\/uploads\/2022\/09\/WhatsApp-Image-2022-09-07-at-6.48.27-PM.jpeg 600w, https:\/\/morenoprimero.com.ar\/archivo\/wp-content\/uploads\/2022\/09\/WhatsApp-Image-2022-09-07-at-6.48.27-PM-300x300.jpeg 300w, https:\/\/morenoprimero.com.ar\/archivo\/wp-content\/uploads\/2022\/09\/WhatsApp-Image-2022-09-07-at-6.48.27-PM-150x150.jpeg 150w\" sizes=\"auto, (max-width: 600px) 100vw, 600px\" \/><\/a><\/figure>\n<\/div>\n\n\n<p>Acerca del armado del encuentro, Torres, afirma: <strong>\u201cRecibiremos con sahumados y luego tomar\u00e1n la palabra las hermanas Aymara Choque, Coordinadora de abordaje&nbsp; de violencia contra integrantes de pueblos ind\u00edgenas del Ministerio de la Naci\u00f3n, Amalia Vargas, Docente de la Universidad Nacional de Avellaneda, en la extensi\u00f3n de Pueblos Originarios, Esther Qui\u00f1ones, del taller de quichua santiague\u00f1o, la cantante Candela Mazza, podremos disfrutar tambi\u00e9n de una exposici\u00f3n de cuadros de Vanina Rada, Teresita Cruz, coplera, Illa Sisa, Dayana Carrizo, Mabel Vel\u00e1zquez, Isabel S\u00e1nchez ser\u00e1n las encargadas de las mesas con actividades manuales\u201d<\/strong>.<\/p>\n\n\n\n<p>Por \u00faltimo, en un encuentro donde no faltar\u00e1 la m\u00fasica, la danza, poes\u00eda, el di\u00e1logo, y la fraternidad, la Coordinadora Programa Moreno Sagrado sostiene que <strong>\u201centre aguayos y mantas nos sentaremos para dialogar, sonre\u00edr y disfrutar de una tarde llena de saberes. Formaremos rondas y entrelazaremos nuestras manos y danzaremos en se\u00f1al de amistad y perseverancia de nuestra identidad ind\u00edgena\u201d<\/strong>.<\/p>\n","protected":false},"excerpt":{"rendered":"<p>En el marco de las celebraciones por el D\u00eda de la Mujer Originaria, este domingo 11 de septiembre se llevar\u00e1 adelante en la Casa de la Cultura un encuentro de mujeres originarias organizado por el Programa Moreno Sagrado. Desde Moreno &hellip; <a href=\"https:\/\/morenoprimero.com.ar\/archivo\/claudia-torres-el-objetivo-es-visibilizar-la-situacion-actual-de-las-mujeres-originarias\/\">Sigue leyendo <span class=\"meta-nav\">&rarr;<\/span><\/a><\/p>\n","protected":false},"author":6,"featured_media":32014,"comment_status":"closed","ping_status":"closed","sticky":false,"template":"","format":"standard","meta":{"footnotes":""},"categories":[2332],"tags":[6],"class_list":["post-32009","post","type-post","status-publish","format-standard","has-post-thumbnail","hentry","category-cultura","tag-moreno"],"_links":{"self":[{"href":"https:\/\/morenoprimero.com.ar\/archivo\/wp-json\/wp\/v2\/posts\/32009","targetHints":{"allow":["GET"]}}],"collection":[{"href":"https:\/\/morenoprimero.com.ar\/archivo\/wp-json\/wp\/v2\/posts"}],"about":[{"href":"https:\/\/morenoprimero.com.ar\/archivo\/wp-json\/wp\/v2\/types\/post"}],"author":[{"embeddable":true,"href":"https:\/\/morenoprimero.com.ar\/archivo\/wp-json\/wp\/v2\/users\/6"}],"replies":[{"embeddable":true,"href":"https:\/\/morenoprimero.com.ar\/archivo\/wp-json\/wp\/v2\/comments?post=32009"}],"version-history":[{"count":3,"href":"https:\/\/morenoprimero.com.ar\/archivo\/wp-json\/wp\/v2\/posts\/32009\/revisions"}],"predecessor-version":[{"id":32017,"href":"https:\/\/morenoprimero.com.ar\/archivo\/wp-json\/wp\/v2\/posts\/32009\/revisions\/32017"}],"wp:featuredmedia":[{"embeddable":true,"href":"https:\/\/morenoprimero.com.ar\/archivo\/wp-json\/wp\/v2\/media\/32014"}],"wp:attachment":[{"href":"https:\/\/morenoprimero.com.ar\/archivo\/wp-json\/wp\/v2\/media?parent=32009"}],"wp:term":[{"taxonomy":"category","embeddable":true,"href":"https:\/\/morenoprimero.com.ar\/archivo\/wp-json\/wp\/v2\/categories?post=32009"},{"taxonomy":"post_tag","embeddable":true,"href":"https:\/\/morenoprimero.com.ar\/archivo\/wp-json\/wp\/v2\/tags?post=32009"}],"curies":[{"name":"wp","href":"https:\/\/api.w.org\/{rel}","templated":true}]}}