{"id":31979,"date":"2022-09-09T15:31:37","date_gmt":"2022-09-09T18:31:37","guid":{"rendered":"https:\/\/morenoprimero.com.ar\/?p=31979"},"modified":"2022-09-09T15:31:38","modified_gmt":"2022-09-09T18:31:38","slug":"detuvieron-a-un-miembro-de-una-banda-de-entraderas-que-operaba-en-moreno","status":"publish","type":"post","link":"https:\/\/morenoprimero.com.ar\/archivo\/detuvieron-a-un-miembro-de-una-banda-de-entraderas-que-operaba-en-moreno\/","title":{"rendered":"Detuvieron a un miembro de una banda de \u00abentraderas\u00bb que operaba en Moreno"},"content":{"rendered":"\n<p>Agentes federales del Departamento de Inteligencia Contra el Crimen Organizado atraparon a un hombre miembro de una banda delictiva dedicada a robos varios, entre ellos las \u00abentraderas\u00bb, que operaba en la zona oeste del conurbano bonaerense.<\/p>\n\n\n\n<p>La investigaci\u00f3n comenz\u00f3 tras varias denuncias por robos que realizaba una banda criminal en domicilios particulares y locales comerciales dentro del partido de Moreno y Merlo, y particularmente en la localidad de Paso del Rey. En el raid delictivo extrajeron varios elementos de valor como tel\u00e9fonos celulares, computadoras, joyas y dinero en efectivo.<\/p>\n\n\n\n<p>Consecuentemente, la Unidad Funcional de Instrucci\u00f3n N\u00ba7 del Departamento Judicial Moreno \u2013 General Rodr\u00edguez, a cargo del Dr. Leandro Ventricelli, orden\u00f3 la intervenci\u00f3n de dicho Departamento para identificar y detener a los involucrados.<\/p>\n\n\n\n<p>Acto seguido, los efectivos federales realizaron tareas de campo durante varios d\u00edas, estableciendo el rol que cumpl\u00edan cada uno de sus miembros. Uno de ellos recib\u00eda y analizaba informaci\u00f3n sobre domicilios vinculados con operaciones inmobiliarias. Con esos datos el mismo organizaba a un grupo de personas para planificar y cometer los actos delictivos.<\/p>\n\n\n\n<p>Con el total de los elementos aportados, la fiscal\u00eda actuante solicit\u00f3 al Juzgado de Garant\u00edas N\u00b01 de Moreno &#8211; General Rodr\u00edguez, a cargo de la Dra. Adriana Alicia Juli\u00e1n, la detenci\u00f3n de uno de los encargados de dirigir los robos.<\/p>\n\n\n\n<p>Por lo que, los uniformados efectuaron un discreto operativo en el partido de Moreno donde el buscado fue identificado, y tras percatarse de la presencia policial intent\u00f3 darse a la fuga. Sin embargo, gracias al r\u00e1pido accionar de los integrantes de dicho Departamento, fue detenido sobre la calle Paso al 2700 en horas de la tarde.<\/p>\n\n\n\n<p>El capturado, argentino de 28 a\u00f1os, qued\u00f3 a disposici\u00f3n del magistrado interventor.<\/p>\n","protected":false},"excerpt":{"rendered":"<p>Agentes federales del Departamento de Inteligencia Contra el Crimen Organizado atraparon a un hombre miembro de una banda delictiva dedicada a robos varios, entre ellos las \u00abentraderas\u00bb, que operaba en la zona oeste del conurbano bonaerense. La investigaci\u00f3n comenz\u00f3 tras &hellip; <a href=\"https:\/\/morenoprimero.com.ar\/archivo\/detuvieron-a-un-miembro-de-una-banda-de-entraderas-que-operaba-en-moreno\/\">Sigue leyendo <span class=\"meta-nav\">&rarr;<\/span><\/a><\/p>\n","protected":false},"author":6,"featured_media":31980,"comment_status":"closed","ping_status":"closed","sticky":false,"template":"","format":"standard","meta":{"footnotes":""},"categories":[8],"tags":[3509,4222],"class_list":["post-31979","post","type-post","status-publish","format-standard","has-post-thumbnail","hentry","category-policiales","tag-banda-delictiva","tag-departamento-de-inteligencia-contra-el-crimen-organizado"],"_links":{"self":[{"href":"https:\/\/morenoprimero.com.ar\/archivo\/wp-json\/wp\/v2\/posts\/31979","targetHints":{"allow":["GET"]}}],"collection":[{"href":"https:\/\/morenoprimero.com.ar\/archivo\/wp-json\/wp\/v2\/posts"}],"about":[{"href":"https:\/\/morenoprimero.com.ar\/archivo\/wp-json\/wp\/v2\/types\/post"}],"author":[{"embeddable":true,"href":"https:\/\/morenoprimero.com.ar\/archivo\/wp-json\/wp\/v2\/users\/6"}],"replies":[{"embeddable":true,"href":"https:\/\/morenoprimero.com.ar\/archivo\/wp-json\/wp\/v2\/comments?post=31979"}],"version-history":[{"count":3,"href":"https:\/\/morenoprimero.com.ar\/archivo\/wp-json\/wp\/v2\/posts\/31979\/revisions"}],"predecessor-version":[{"id":31985,"href":"https:\/\/morenoprimero.com.ar\/archivo\/wp-json\/wp\/v2\/posts\/31979\/revisions\/31985"}],"wp:featuredmedia":[{"embeddable":true,"href":"https:\/\/morenoprimero.com.ar\/archivo\/wp-json\/wp\/v2\/media\/31980"}],"wp:attachment":[{"href":"https:\/\/morenoprimero.com.ar\/archivo\/wp-json\/wp\/v2\/media?parent=31979"}],"wp:term":[{"taxonomy":"category","embeddable":true,"href":"https:\/\/morenoprimero.com.ar\/archivo\/wp-json\/wp\/v2\/categories?post=31979"},{"taxonomy":"post_tag","embeddable":true,"href":"https:\/\/morenoprimero.com.ar\/archivo\/wp-json\/wp\/v2\/tags?post=31979"}],"curies":[{"name":"wp","href":"https:\/\/api.w.org\/{rel}","templated":true}]}}