{"id":31975,"date":"2022-09-09T20:04:21","date_gmt":"2022-09-09T23:04:21","guid":{"rendered":"https:\/\/morenoprimero.com.ar\/?p=31975"},"modified":"2022-09-09T20:35:29","modified_gmt":"2022-09-09T23:35:29","slug":"se-acerca-un-nuevo-fin-de-semana-lleno-de-propuestas-culturales-para-disfrutar-en-moreno","status":"publish","type":"post","link":"https:\/\/morenoprimero.com.ar\/archivo\/se-acerca-un-nuevo-fin-de-semana-lleno-de-propuestas-culturales-para-disfrutar-en-moreno\/","title":{"rendered":"Se acerca un nuevo fin de semana lleno de propuestas culturales para disfrutar en Moreno"},"content":{"rendered":"\n<p>Desde Moreno Primero te acercamos la variada agenda con propuestas culturales y tur\u00edsticas que brinda el Municipio para toda la comunidad. Entre las actividades y espect\u00e1culos que estar\u00e1n presentes se encuentra el show \u00abFrankenstein\u00bb en el Teatro Marechal, la Peatonal Mitre, la \u00abPlaza Rockea\u00bb en su mega edici\u00f3n en la Plaza Bujan y los recorridos en la Reserva Municipal \u00abLos Robles\u00bb.<\/p>\n\n\n\n<p>El viernes 9 de septiembre, a las 21 horas, en el teatro municipal \u201cLeopoldo Marechal\u201d, se presentar\u00e1 el espect\u00e1culo \u201cFrankenstein\u201d, musicalizada y dirigida por el d\u00fao Wang. El mismo consiste en la proyecci\u00f3n de la pel\u00edcula Frankenstein del a\u00f1o 1931 en pantalla gigante, mientras el d\u00fao Wang toca y ambienta lo que va sucediendo durante el film.<\/p>\n\n\n\n<p>Como cada segundo s\u00e1bado del mes, de 11 a 22 horas, las familias podr\u00e1n recorrer la Peatonal Mitre de Moreno, para pasear y disfrutar de los mejores espect\u00e1culos del arte callejero, la Feria Artesanal y el Patio Gastron\u00f3mico con propuestas para todos los gustos. La peatonal contar\u00e1 con la presentaci\u00f3n de los artistas: Parcer\u00eda esc\u00e9nica, Pole Dance Goodes, Pichi Clown circo, Las temperas (m\u00fasica en vivo), Mestre Laecio da Lua y Paulinho Santana (Samba Reggae directo desde Bah\u00eda) y Wankara (percusi\u00f3n con se\u00f1as).<\/p>\n\n\n\n<figure class=\"wp-block-image size-large\"><a href=\"https:\/\/morenoprimero.com.ar\/wp-content\/uploads\/2022\/09\/WhatsApp-Image-2022-09-09-at-14.17.41.jpeg\"><img loading=\"lazy\" decoding=\"async\" width=\"576\" height=\"1024\" src=\"https:\/\/morenoprimero.com.ar\/wp-content\/uploads\/2022\/09\/WhatsApp-Image-2022-09-09-at-14.17.41-576x1024.jpeg\" alt=\"\" class=\"wp-image-32002\" srcset=\"https:\/\/morenoprimero.com.ar\/archivo\/wp-content\/uploads\/2022\/09\/WhatsApp-Image-2022-09-09-at-14.17.41-576x1024.jpeg 576w, https:\/\/morenoprimero.com.ar\/archivo\/wp-content\/uploads\/2022\/09\/WhatsApp-Image-2022-09-09-at-14.17.41-169x300.jpeg 169w, https:\/\/morenoprimero.com.ar\/archivo\/wp-content\/uploads\/2022\/09\/WhatsApp-Image-2022-09-09-at-14.17.41.jpeg 720w\" sizes=\"auto, (max-width: 576px) 100vw, 576px\" \/><\/a><\/figure>\n\n\n\n<p><\/p>\n\n\n\n<p>Todos los s\u00e1bados, domingos y feriados, de 9 a 18 horas, se puede visitar y disfrutar en familia del Predio Municipal Ferial, Ruta23 y O\u2019Brien, donde se ofrece indumentaria, artesan\u00edas, bazar, antig\u00fcedades y juguetes. El espacio cuenta adem\u00e1s con patio de comidas y estacionamiento libre y gratuito.<\/p>\n\n\n\n<p>El s\u00e1bado 10 de septiembre, a partir de las 11 horas hasta las 18 horas, se podr\u00e1 disfrutar en familia de la Feria de Artesanos del Museo \u201cAmancio Alcorta\u201d, ubicado en Coleta Palacio 1992 en Paso del Rey. Durante el mismo d\u00eda, en el teatro \u201cLeopoldo Marechal\u201d, a las 16 horas, se realizar\u00e1 una funci\u00f3n especial de t\u00edteres \u201cGreta y Gaspar, bigote de monigote\u201d, para las ni\u00f1as y los ni\u00f1os.<\/p>\n\n\n\n<p>Asimismo, el s\u00e1bado, pero a las 21 horas, en el teatro municipal \u201cLeopoldo Marechal\u201d, se presentar\u00e1 la obra \u201cLos invisibles -de siempre-\u201d, del grupo de teatro Carlos Gaggeri. La pieza, protagonizada por Elba Bertone y Patricio Mart\u00ednez (ambos premiados en la fiesta provincial del teatro de Santa Fe), y dirigida por Pablo Leger, busca que el espectador replantee sobre aspectos de la vida. Al finalizar la funci\u00f3n, tanto el director como los actores realizan un debate con el p\u00fablico presente.<\/p>\n\n\n\n<p>Las entradas de cada una de las obras del Teatro Leopoldo Marechal, libres y gratuitas, se retiran siempre una hora antes de la funci\u00f3n en la puerta del mismo.<\/p>\n\n\n\n<figure class=\"wp-block-gallery has-nested-images columns-default is-cropped wp-block-gallery-1 is-layout-flex wp-block-gallery-is-layout-flex\">\n<figure class=\"wp-block-image size-large\"><a href=\"https:\/\/morenoprimero.com.ar\/wp-content\/uploads\/2022\/09\/WhatsApp-Image-2022-09-09-at-14.17.41-1.jpeg\"><img loading=\"lazy\" decoding=\"async\" width=\"526\" height=\"526\" data-id=\"31997\" src=\"https:\/\/morenoprimero.com.ar\/wp-content\/uploads\/2022\/09\/WhatsApp-Image-2022-09-09-at-14.17.41-1.jpeg\" alt=\"\" class=\"wp-image-31997\" srcset=\"https:\/\/morenoprimero.com.ar\/archivo\/wp-content\/uploads\/2022\/09\/WhatsApp-Image-2022-09-09-at-14.17.41-1.jpeg 526w, https:\/\/morenoprimero.com.ar\/archivo\/wp-content\/uploads\/2022\/09\/WhatsApp-Image-2022-09-09-at-14.17.41-1-300x300.jpeg 300w, https:\/\/morenoprimero.com.ar\/archivo\/wp-content\/uploads\/2022\/09\/WhatsApp-Image-2022-09-09-at-14.17.41-1-150x150.jpeg 150w\" sizes=\"auto, (max-width: 526px) 100vw, 526px\" \/><\/a><\/figure>\n\n\n\n<figure class=\"wp-block-image size-large\"><a href=\"https:\/\/morenoprimero.com.ar\/wp-content\/uploads\/2022\/09\/WhatsApp-Image-2022-09-09-at-14.17.40-1.jpeg\"><img loading=\"lazy\" decoding=\"async\" width=\"526\" height=\"526\" data-id=\"32000\" src=\"https:\/\/morenoprimero.com.ar\/wp-content\/uploads\/2022\/09\/WhatsApp-Image-2022-09-09-at-14.17.40-1.jpeg\" alt=\"\" class=\"wp-image-32000\" srcset=\"https:\/\/morenoprimero.com.ar\/archivo\/wp-content\/uploads\/2022\/09\/WhatsApp-Image-2022-09-09-at-14.17.40-1.jpeg 526w, https:\/\/morenoprimero.com.ar\/archivo\/wp-content\/uploads\/2022\/09\/WhatsApp-Image-2022-09-09-at-14.17.40-1-300x300.jpeg 300w, https:\/\/morenoprimero.com.ar\/archivo\/wp-content\/uploads\/2022\/09\/WhatsApp-Image-2022-09-09-at-14.17.40-1-150x150.jpeg 150w\" sizes=\"auto, (max-width: 526px) 100vw, 526px\" \/><\/a><\/figure>\n<\/figure>\n\n\n\n<p><\/p>\n\n\n\n<p>Tambi\u00e9n el d\u00eda s\u00e1bado, se realizar\u00e1 la \u201cPlaza Rockea\u201d, desde las 14 horas, en la plaza Bujan de Paso del Rey, donde presentar\u00e1n en vivo las bandas: Fulgura, La casa de otro elefante, El cuento border, Burlones, Tricaro, The William Boo Band, Creadores e Inadaptes. Tambi\u00e9n har\u00e1n parte del show Cris MC y Discjockey Sanmtiago y contar\u00e1 con puestos gastron\u00f3micos y la feria del Instituto Municipal de Desarrollo Econ\u00f3mico Local donde se ofrecer\u00e1n productos de emprendedoras y emprendedoras locales.<\/p>\n\n\n\n<p>Mientras que el domingo 11 de setiembre, a las 16 horas, en el teatro \u201cLeopoldo Marechal\u201d, el ciclo \u201cVamos los pibes\u201d proyectar\u00e1 la pel\u00edcula animada \u201cTurning Red\u201d, para las y los m\u00e1s peque\u00f1os. Es una pel\u00edcula de comedia y aventuras que trata a la pubertad de una manera metaf\u00f3rica, producida por Pixar Animation Studios y Walt Disney Pictures. La entrada es libre y gratuita, se retira una hora antes de la funci\u00f3n en la boleter\u00eda.<\/p>\n\n\n\n<figure class=\"wp-block-gallery has-nested-images columns-default is-cropped wp-block-gallery-2 is-layout-flex wp-block-gallery-is-layout-flex\">\n<figure class=\"wp-block-image size-full\"><a href=\"https:\/\/morenoprimero.com.ar\/wp-content\/uploads\/2022\/09\/WhatsApp-Image-2022-09-09-at-14.17.40-2.jpeg\"><img loading=\"lazy\" decoding=\"async\" width=\"526\" height=\"526\" data-id=\"31999\" src=\"https:\/\/morenoprimero.com.ar\/wp-content\/uploads\/2022\/09\/WhatsApp-Image-2022-09-09-at-14.17.40-2.jpeg\" alt=\"\" class=\"wp-image-31999\" srcset=\"https:\/\/morenoprimero.com.ar\/archivo\/wp-content\/uploads\/2022\/09\/WhatsApp-Image-2022-09-09-at-14.17.40-2.jpeg 526w, https:\/\/morenoprimero.com.ar\/archivo\/wp-content\/uploads\/2022\/09\/WhatsApp-Image-2022-09-09-at-14.17.40-2-300x300.jpeg 300w, https:\/\/morenoprimero.com.ar\/archivo\/wp-content\/uploads\/2022\/09\/WhatsApp-Image-2022-09-09-at-14.17.40-2-150x150.jpeg 150w\" sizes=\"auto, (max-width: 526px) 100vw, 526px\" \/><\/a><\/figure>\n\n\n\n<figure class=\"wp-block-image size-large\"><a href=\"https:\/\/morenoprimero.com.ar\/wp-content\/uploads\/2022\/09\/WhatsApp-Image-2022-09-09-at-14.17.40-3.jpeg\"><img loading=\"lazy\" decoding=\"async\" width=\"720\" height=\"509\" data-id=\"31998\" src=\"https:\/\/morenoprimero.com.ar\/wp-content\/uploads\/2022\/09\/WhatsApp-Image-2022-09-09-at-14.17.40-3.jpeg\" alt=\"\" class=\"wp-image-31998\" srcset=\"https:\/\/morenoprimero.com.ar\/archivo\/wp-content\/uploads\/2022\/09\/WhatsApp-Image-2022-09-09-at-14.17.40-3.jpeg 720w, https:\/\/morenoprimero.com.ar\/archivo\/wp-content\/uploads\/2022\/09\/WhatsApp-Image-2022-09-09-at-14.17.40-3-300x212.jpeg 300w\" sizes=\"auto, (max-width: 720px) 100vw, 720px\" \/><\/a><\/figure>\n\n\n\n<figure class=\"wp-block-image size-large\"><a href=\"https:\/\/morenoprimero.com.ar\/wp-content\/uploads\/2022\/09\/WhatsApp-Image-2022-09-09-at-14.17.40.jpeg\"><img loading=\"lazy\" decoding=\"async\" width=\"526\" height=\"526\" data-id=\"32001\" src=\"https:\/\/morenoprimero.com.ar\/wp-content\/uploads\/2022\/09\/WhatsApp-Image-2022-09-09-at-14.17.40.jpeg\" alt=\"\" class=\"wp-image-32001\" srcset=\"https:\/\/morenoprimero.com.ar\/archivo\/wp-content\/uploads\/2022\/09\/WhatsApp-Image-2022-09-09-at-14.17.40.jpeg 526w, https:\/\/morenoprimero.com.ar\/archivo\/wp-content\/uploads\/2022\/09\/WhatsApp-Image-2022-09-09-at-14.17.40-300x300.jpeg 300w, https:\/\/morenoprimero.com.ar\/archivo\/wp-content\/uploads\/2022\/09\/WhatsApp-Image-2022-09-09-at-14.17.40-150x150.jpeg 150w\" sizes=\"auto, (max-width: 526px) 100vw, 526px\" \/><\/a><\/figure>\n<\/figure>\n\n\n\n<p><\/p>\n\n\n\n<p><strong>RESERVA MUNICIPAL LOS ROBLES<\/strong><\/p>\n\n\n\n<p>La Reserva Natural Municipal \u201cLos Robles\u201d es una excelente alternativa para compartir en familia y disfrutar de las bondades de este espacio natural que hacen de \u00e9l un punto tur\u00edstico importante en la provincia de Buenos Aires. All\u00ed se puede dormir, acampar, disfrutar del sector gastron\u00f3mico, las caminatas guiadas, espacios de juegos libres y de lectura para la ni\u00f1ez, y diversas actividades m\u00e1s.<\/p>\n\n\n\n<p>Durante este fin de semana la reserva natural presenta una serie de actividades para disfrutar del espacio al aire libre.<\/p>\n\n\n\n<p>El s\u00e1bado 10, desde las 10 horas estar\u00e1 disponible el patio gastron\u00f3mico y yoga para todas las edades; a las 11 horas se realizar\u00e1 \u201cHistorias con maestros\u201d en conversatorio en la biblioteca y desde las 12 horas se podr\u00e1 disfrutar de la feria artesanal.<\/p>\n\n\n\n<p>A partir de las 14 horas, se desarrollar\u00e1 la actividad \u201cM\u00fasica del mundo\u201d, en el patio gastron\u00f3mico, y a las 15 horas habr\u00e1 una caminata guiada por los senderos del bosque, a la misma hora se desarrollar\u00e1 el taller de meditaci\u00f3n.<\/p>\n\n\n\n<p>A las 17:30 horas, se podr\u00e1 participar del \u201cAtardecer en el museo\u201d. Una actividad para personas adultas que consiste en recorrer un paisaje bello, rodeado de colores naturales y el sonido de aves para ir a paso tranquilo descubriendo la amplitud del cielo y sus \u00faltimas luces. El punto de encuentro es en la biblioteca \u201cG. Padoani\u201d, en el espacio de Guardaparques, para luego trasladarse en caravana, cada uno en su veh\u00edculo, al Museo F. Mu\u00f1iz donde se dar\u00e1 comienzo a la actividad.<\/p>\n\n\n\n<figure class=\"wp-block-gallery has-nested-images columns-default is-cropped wp-block-gallery-3 is-layout-flex wp-block-gallery-is-layout-flex\">\n<figure class=\"wp-block-image size-large\"><a href=\"https:\/\/morenoprimero.com.ar\/wp-content\/uploads\/2022\/09\/WhatsApp-Image-2022-09-09-at-14.17.41-3.jpeg\"><img loading=\"lazy\" decoding=\"async\" width=\"720\" height=\"1280\" data-id=\"32003\" src=\"https:\/\/morenoprimero.com.ar\/wp-content\/uploads\/2022\/09\/WhatsApp-Image-2022-09-09-at-14.17.41-3.jpeg\" alt=\"\" class=\"wp-image-32003\" srcset=\"https:\/\/morenoprimero.com.ar\/archivo\/wp-content\/uploads\/2022\/09\/WhatsApp-Image-2022-09-09-at-14.17.41-3.jpeg 720w, https:\/\/morenoprimero.com.ar\/archivo\/wp-content\/uploads\/2022\/09\/WhatsApp-Image-2022-09-09-at-14.17.41-3-169x300.jpeg 169w, https:\/\/morenoprimero.com.ar\/archivo\/wp-content\/uploads\/2022\/09\/WhatsApp-Image-2022-09-09-at-14.17.41-3-576x1024.jpeg 576w\" sizes=\"auto, (max-width: 720px) 100vw, 720px\" \/><\/a><\/figure>\n\n\n\n<figure class=\"wp-block-image size-large\"><a href=\"https:\/\/morenoprimero.com.ar\/wp-content\/uploads\/2022\/09\/WhatsApp-Image-2022-09-09-at-14.17.41-2.jpeg\"><img loading=\"lazy\" decoding=\"async\" width=\"720\" height=\"1280\" data-id=\"32004\" src=\"https:\/\/morenoprimero.com.ar\/wp-content\/uploads\/2022\/09\/WhatsApp-Image-2022-09-09-at-14.17.41-2.jpeg\" alt=\"\" class=\"wp-image-32004\" srcset=\"https:\/\/morenoprimero.com.ar\/archivo\/wp-content\/uploads\/2022\/09\/WhatsApp-Image-2022-09-09-at-14.17.41-2.jpeg 720w, https:\/\/morenoprimero.com.ar\/archivo\/wp-content\/uploads\/2022\/09\/WhatsApp-Image-2022-09-09-at-14.17.41-2-169x300.jpeg 169w, https:\/\/morenoprimero.com.ar\/archivo\/wp-content\/uploads\/2022\/09\/WhatsApp-Image-2022-09-09-at-14.17.41-2-576x1024.jpeg 576w\" sizes=\"auto, (max-width: 720px) 100vw, 720px\" \/><\/a><\/figure>\n<\/figure>\n\n\n\n<p><\/p>\n\n\n\n<p>Cabe destacar que las caminatas tienen una duraci\u00f3n total de 3 horas, son actividades gratuitas y con inscripci\u00f3n previa, mediante el correo electr\u00f3nico <a href=\"mailto:reservamunicipallosrobles@gmail.com\">reservamunicipallosrobles@gmail.com<\/a>, donde se solicitar\u00e1 a los interesados tanto el d\u00eda elegido, como su nombre y apellido, DNI y con quienes concurrir\u00e1n.<\/p>\n\n\n\n<p>Para el domingo 11, el patio gastron\u00f3mico estar\u00e1 disponible a partir de las 10 horas. A las 10 horas se realizar\u00e1 el festival de encuentro consciente Moreno Zen que contar\u00e1 con charlas, terapias y m\u00fasica en vivo. A las 15 horas se har\u00e1 una caminata guiada por los senderos del bosque.<\/p>\n\n\n\n<p>En \u201cLos Robles\u201d se tiene la posibilidad de alquilar Posadas del Bosque y las reservas se pueden tramitar a trav\u00e9s del e-mail <a href=\"mailto:turismo@moreno.gov.ar\">turismo@moreno.gov.ar<\/a>, o por las siguientes plataformas: #Airbnb, #TripAdvisor y #Booking; as\u00ed como de manera presencial en la administraci\u00f3n de las caba\u00f1as.<\/p>\n\n\n\n<p>Para visitar la reserva no hace falta inscripci\u00f3n previa, las visitas son por orden de llegada hasta completar la capacidad del lugar. El Municipio invita a disfrutar con conciencia este hermoso refugio de vida y naturaleza.<\/p>\n\n\n\n<p>Para llegar en transporte p\u00fablico, est\u00e1 el recorrido 26 de La Perlita, cartel \u201cLos Robles\u201d. Horarios desde Moreno: 7.30 horas y 12.30 horas; y el regreso desde Los Robles es a las 13 horas y a las 18 horas. La tarifa de ingreso es de $100 para personas que viven en Moreno; de $250 para el p\u00fablico en general, y menores y jubilados no abonan. El estacionamiento tiene un valor de $70 para motos; de $150 para autos y de $300 para combis.<\/p>\n","protected":false},"excerpt":{"rendered":"<p>Desde Moreno Primero te acercamos la variada agenda con propuestas culturales y tur\u00edsticas que brinda el Municipio para toda la comunidad. Entre las actividades y espect\u00e1culos que estar\u00e1n presentes se encuentra el show \u00abFrankenstein\u00bb en el Teatro Marechal, la Peatonal &hellip; <a href=\"https:\/\/morenoprimero.com.ar\/archivo\/se-acerca-un-nuevo-fin-de-semana-lleno-de-propuestas-culturales-para-disfrutar-en-moreno\/\">Sigue leyendo <span class=\"meta-nav\">&rarr;<\/span><\/a><\/p>\n","protected":false},"author":6,"featured_media":31996,"comment_status":"closed","ping_status":"closed","sticky":false,"template":"","format":"standard","meta":{"footnotes":""},"categories":[2332],"tags":[2539,2505,153,1358],"class_list":["post-31975","post","type-post","status-publish","format-standard","has-post-thumbnail","hentry","category-cultura","tag-reserva-municipal-los-robles","tag-secretaria-de-cultura-educacion-y-deportes","tag-teatro-leopoldo-marechal","tag-turismo-moreno"],"_links":{"self":[{"href":"https:\/\/morenoprimero.com.ar\/archivo\/wp-json\/wp\/v2\/posts\/31975","targetHints":{"allow":["GET"]}}],"collection":[{"href":"https:\/\/morenoprimero.com.ar\/archivo\/wp-json\/wp\/v2\/posts"}],"about":[{"href":"https:\/\/morenoprimero.com.ar\/archivo\/wp-json\/wp\/v2\/types\/post"}],"author":[{"embeddable":true,"href":"https:\/\/morenoprimero.com.ar\/archivo\/wp-json\/wp\/v2\/users\/6"}],"replies":[{"embeddable":true,"href":"https:\/\/morenoprimero.com.ar\/archivo\/wp-json\/wp\/v2\/comments?post=31975"}],"version-history":[{"count":4,"href":"https:\/\/morenoprimero.com.ar\/archivo\/wp-json\/wp\/v2\/posts\/31975\/revisions"}],"predecessor-version":[{"id":32008,"href":"https:\/\/morenoprimero.com.ar\/archivo\/wp-json\/wp\/v2\/posts\/31975\/revisions\/32008"}],"wp:featuredmedia":[{"embeddable":true,"href":"https:\/\/morenoprimero.com.ar\/archivo\/wp-json\/wp\/v2\/media\/31996"}],"wp:attachment":[{"href":"https:\/\/morenoprimero.com.ar\/archivo\/wp-json\/wp\/v2\/media?parent=31975"}],"wp:term":[{"taxonomy":"category","embeddable":true,"href":"https:\/\/morenoprimero.com.ar\/archivo\/wp-json\/wp\/v2\/categories?post=31975"},{"taxonomy":"post_tag","embeddable":true,"href":"https:\/\/morenoprimero.com.ar\/archivo\/wp-json\/wp\/v2\/tags?post=31975"}],"curies":[{"name":"wp","href":"https:\/\/api.w.org\/{rel}","templated":true}]}}