{"id":31932,"date":"2022-09-08T11:18:53","date_gmt":"2022-09-08T14:18:53","guid":{"rendered":"https:\/\/morenoprimero.com.ar\/?p=31932"},"modified":"2022-09-08T11:18:54","modified_gmt":"2022-09-08T14:18:54","slug":"el-gobierno-relevo-a-parte-de-la-custodia-de-cristina-fernandez-de-kirchner","status":"publish","type":"post","link":"https:\/\/morenoprimero.com.ar\/archivo\/el-gobierno-relevo-a-parte-de-la-custodia-de-cristina-fernandez-de-kirchner\/","title":{"rendered":"El Gobierno relev\u00f3 a parte de la custodia de Cristina Fern\u00e1ndez de Kirchner"},"content":{"rendered":"\n<p>De acuerdo a fuentes del Ejecutivo, parte de los agentes de la Polic\u00eda Federal dedicados a la tarea\u00a0\u00abno tuvieron el nivel que a lo mejor uno espera que se tenga\u00bb.<\/p>\n\n\n\n<p>El Gobierno nacional relev\u00f3 a parte de la custodia de la vicepresidenta Cristina Fern\u00e1ndez de Kirchner luego del intento de asesinato del jueves pasado frente a su domicilio de Juncal y Uruguay, en el barrio porte\u00f1o de Recoleta, informaron fuentes oficiales.<\/p>\n\n\n\n<p>En el Ejecutivo, de formas formas, explicaron que \u00abno se aument\u00f3\u00bb la cantidad de los miembros de la custodia destinados a la protecci\u00f3n de la vicepresidenta sino que hubo \u00abalgunos relevos e incorporaciones de personal\u00bb.<\/p>\n\n\n\n<p>Con estas variantes se busca fortalecer el protocolo de seguridad, cuyo funcionamiento \u00abno tiene que cambiar\u00bb sino \u00abgarantizar que se est\u00e9 cumpliendo\u00bb, detallaron.<\/p>\n\n\n\n<p>Y sobre ese punto contaron que desde el ministerio de Seguridad se est\u00e1 trabajando \u00abcon cada una de las custodias\u00bb.<\/p>\n\n\n\n<p>En cuanto a lo que ocurri\u00f3 el jueves en el barrio porte\u00f1o de Recoleta, el funcionario sostuvo que el operativo \u00abno fall\u00f3\u00bb porque \u00absiempre hay una cadena\u00bb de protecci\u00f3n en torno a la titular del Senado y eso \u00abse respet\u00f3\u00bb durante la situaci\u00f3n de emergencia, con los cuatro custodios \u00abque estaban alrededor de ella\u00bb, m\u00e1s otros de civil.<\/p>\n\n\n\n<p>Sin embargo, esa noche \u00abalguien meti\u00f3 la mano\u00bb entre la multitud, en referencia al atacante Fernando Sabag Montiel, agreg\u00f3 el funcionario.<\/p>\n\n\n\n<p>Uno de los cuestionados fue el ministro de Seguridad, An\u00edbal Fern\u00e1ndez, quien puso su renuncia a disposici\u00f3n, aunque esa posibilidad fue rechazada por el presidente Alberto Fern\u00e1ndez.<\/p>\n\n\n\n<p>Incluso el propio ministro se comunic\u00f3 con la vicepresidenta por mensajes de texto, el jueves, despu\u00e9s del ataque, y lo volvi\u00f3 a hacer el viernes, el d\u00eda de la concentraci\u00f3n masiva en su apoyo en Plaza de Mayo y las zonas aleda\u00f1as del centro porte\u00f1o.<\/p>\n\n\n\n<p>Ante un intento de magnicidio de esta caracter\u00edstica, algunos funcionarios consideraron que el atacante \u00abno es un lobo solitario\u00bb sino que \u00abhay gente detr\u00e1s\u00bb, y adem\u00e1s plantearon que la informaci\u00f3n borrada en el tel\u00e9fono celular de Sabag Montiel \u00abse puede recuperar\u00bb.<\/p>\n\n\n\n<p>Y reiteraron que se cumpli\u00f3 con \u00abla cadena de custodia\u00bb porque el aparato fue entregado al Juzgado con sobre cerrado y \u00aben bolsa de Faraday\u00bb, en alusi\u00f3n a un tipo de envase met\u00e1lico con un campo electromagn\u00e9tico nulo que se usa en estas situaciones.<\/p>\n\n\n\n<p>En cuanto a la seguridad del resto de los miembros del Gabinete, desde el Gobierno contaron que sigue siendo la misma aunque los integrantes del elenco ministerial recibieron la instrucci\u00f3n de \u00abtener cuidados\u00bb y \u00absometerse a los protocolos\u00bb.<\/p>\n\n\n\n<p>\u00abTodos deben tener cuidado porque cuando suceden estas cosas pareciera ser que despu\u00e9s hay efectos de contagio\u00bb, dijeron en la Casa Rosada.<\/p>\n","protected":false},"excerpt":{"rendered":"<p>De acuerdo a fuentes del Ejecutivo, parte de los agentes de la Polic\u00eda Federal dedicados a la tarea\u00a0\u00abno tuvieron el nivel que a lo mejor uno espera que se tenga\u00bb. El Gobierno nacional relev\u00f3 a parte de la custodia de &hellip; <a href=\"https:\/\/morenoprimero.com.ar\/archivo\/el-gobierno-relevo-a-parte-de-la-custodia-de-cristina-fernandez-de-kirchner\/\">Sigue leyendo <span class=\"meta-nav\">&rarr;<\/span><\/a><\/p>\n","protected":false},"author":6,"featured_media":31933,"comment_status":"closed","ping_status":"closed","sticky":false,"template":"","format":"standard","meta":{"footnotes":""},"categories":[2330],"tags":[],"class_list":["post-31932","post","type-post","status-publish","format-standard","has-post-thumbnail","hentry","category-nacional"],"_links":{"self":[{"href":"https:\/\/morenoprimero.com.ar\/archivo\/wp-json\/wp\/v2\/posts\/31932","targetHints":{"allow":["GET"]}}],"collection":[{"href":"https:\/\/morenoprimero.com.ar\/archivo\/wp-json\/wp\/v2\/posts"}],"about":[{"href":"https:\/\/morenoprimero.com.ar\/archivo\/wp-json\/wp\/v2\/types\/post"}],"author":[{"embeddable":true,"href":"https:\/\/morenoprimero.com.ar\/archivo\/wp-json\/wp\/v2\/users\/6"}],"replies":[{"embeddable":true,"href":"https:\/\/morenoprimero.com.ar\/archivo\/wp-json\/wp\/v2\/comments?post=31932"}],"version-history":[{"count":1,"href":"https:\/\/morenoprimero.com.ar\/archivo\/wp-json\/wp\/v2\/posts\/31932\/revisions"}],"predecessor-version":[{"id":31934,"href":"https:\/\/morenoprimero.com.ar\/archivo\/wp-json\/wp\/v2\/posts\/31932\/revisions\/31934"}],"wp:featuredmedia":[{"embeddable":true,"href":"https:\/\/morenoprimero.com.ar\/archivo\/wp-json\/wp\/v2\/media\/31933"}],"wp:attachment":[{"href":"https:\/\/morenoprimero.com.ar\/archivo\/wp-json\/wp\/v2\/media?parent=31932"}],"wp:term":[{"taxonomy":"category","embeddable":true,"href":"https:\/\/morenoprimero.com.ar\/archivo\/wp-json\/wp\/v2\/categories?post=31932"},{"taxonomy":"post_tag","embeddable":true,"href":"https:\/\/morenoprimero.com.ar\/archivo\/wp-json\/wp\/v2\/tags?post=31932"}],"curies":[{"name":"wp","href":"https:\/\/api.w.org\/{rel}","templated":true}]}}