{"id":31876,"date":"2022-09-09T12:54:10","date_gmt":"2022-09-09T15:54:10","guid":{"rendered":"https:\/\/morenoprimero.com.ar\/?p=31876"},"modified":"2022-09-09T12:54:11","modified_gmt":"2022-09-09T15:54:11","slug":"caminatas-guiadas-por-los-senderos-de-los-robles","status":"publish","type":"post","link":"https:\/\/morenoprimero.com.ar\/archivo\/caminatas-guiadas-por-los-senderos-de-los-robles\/","title":{"rendered":"Caminatas guiadas por los senderos de \u00abLos Robles\u00bb"},"content":{"rendered":"\n<p>El Municipio de Moreno, a trav\u00e9s de la Direcci\u00f3n de Guardaparques de la Reserva Natural Municipal \u201cLos Robles\u201d, invita a toda la comunidad a participar el viernes 9 y el s\u00e1bado 10 de septiembre de las actividades \u201cCaminando al atardecer\u201d y \u201cAtardecer en el museo\u201d, para compartir y disfrutar en familia de las bondades de este espacio natural y punto tur\u00edstico importante de la provincia de Buenos Aires.<\/p>\n\n\n\n<p>El viernes 9 de septiembre, a las 17:30 horas, se realizar\u00e1 la actividad \u201cCaminando al atardecer\u201d, por los senderos del Museo J. Mu\u00f1iz. Esta actividad es destinada exclusivamente a personas adultas, no pueden estar acompa\u00f1ados por ni\u00f1os o ni\u00f1as, y es de car\u00e1cter contemplativo y de conexi\u00f3n con el lugar. La propuesta es caminar con el mayor silencio posible, para poder descubrir y disfrutar de un espacio natural y pr\u00e1cticamente desconocido de nuestro partido.<\/p>\n\n\n\n<p>Por otra parte, el s\u00e1bado 10 de septiembre, a las 17:30 horas, se desarrollar\u00e1 \u201cAtardecer en el museo\u201d, una actividad para recorrer un paisaje bello, rodeado de colores naturales y el sonido de aves para ir a paso tranquilo descubriendo la amplitud del cielo y sus \u00faltimas luces.<\/p>\n\n\n\n<p>Para las dos propuestas el punto de encuentro es en la biblioteca \u201cG. Padoani\u201d, en el espacio de Guardaparques, para luego trasladarse en caravana, cada uno en su veh\u00edculo, al Museo F. Mu\u00f1iz donde se dar\u00e1 comienzo a la actividad.<\/p>\n\n\n\n<p>Las caminatas tienen una duraci\u00f3n total de 3 horas, son actividades gratuitas y con inscripci\u00f3n previa, mediante el correo electr\u00f3nico <a href=\"mailto:reservamunicipallosrobles@gmail.com\">reservamunicipallosrobles@gmail.com<\/a>, donde se solicitar\u00e1 a los interesados tanto el d\u00eda elegido, como su nombre y apellido, DNI y con quienes concurrir\u00e1n.<\/p>\n\n\n\n<figure class=\"wp-block-gallery has-nested-images columns-default is-cropped wp-block-gallery-1 is-layout-flex wp-block-gallery-is-layout-flex\">\n<figure class=\"wp-block-image size-large\"><a href=\"https:\/\/morenoprimero.com.ar\/wp-content\/uploads\/2022\/09\/WhatsApp-Image-2022-09-07-at-14.26.33.jpeg\"><img loading=\"lazy\" decoding=\"async\" width=\"1024\" height=\"1024\" data-id=\"31881\" src=\"https:\/\/morenoprimero.com.ar\/wp-content\/uploads\/2022\/09\/WhatsApp-Image-2022-09-07-at-14.26.33-1024x1024.jpeg\" alt=\"\" class=\"wp-image-31881\" srcset=\"https:\/\/morenoprimero.com.ar\/archivo\/wp-content\/uploads\/2022\/09\/WhatsApp-Image-2022-09-07-at-14.26.33-1024x1024.jpeg 1024w, https:\/\/morenoprimero.com.ar\/archivo\/wp-content\/uploads\/2022\/09\/WhatsApp-Image-2022-09-07-at-14.26.33-300x300.jpeg 300w, https:\/\/morenoprimero.com.ar\/archivo\/wp-content\/uploads\/2022\/09\/WhatsApp-Image-2022-09-07-at-14.26.33-150x150.jpeg 150w, https:\/\/morenoprimero.com.ar\/archivo\/wp-content\/uploads\/2022\/09\/WhatsApp-Image-2022-09-07-at-14.26.33-768x768.jpeg 768w, https:\/\/morenoprimero.com.ar\/archivo\/wp-content\/uploads\/2022\/09\/WhatsApp-Image-2022-09-07-at-14.26.33.jpeg 1080w\" sizes=\"auto, (max-width: 1024px) 100vw, 1024px\" \/><\/a><\/figure>\n\n\n\n<figure class=\"wp-block-image size-large\"><a href=\"https:\/\/morenoprimero.com.ar\/wp-content\/uploads\/2022\/09\/WhatsApp-Image-2022-09-07-at-14.14.15.jpeg\"><img loading=\"lazy\" decoding=\"async\" width=\"1024\" height=\"1024\" data-id=\"31882\" src=\"https:\/\/morenoprimero.com.ar\/wp-content\/uploads\/2022\/09\/WhatsApp-Image-2022-09-07-at-14.14.15-1024x1024.jpeg\" alt=\"\" class=\"wp-image-31882\" srcset=\"https:\/\/morenoprimero.com.ar\/archivo\/wp-content\/uploads\/2022\/09\/WhatsApp-Image-2022-09-07-at-14.14.15-1024x1024.jpeg 1024w, https:\/\/morenoprimero.com.ar\/archivo\/wp-content\/uploads\/2022\/09\/WhatsApp-Image-2022-09-07-at-14.14.15-300x300.jpeg 300w, https:\/\/morenoprimero.com.ar\/archivo\/wp-content\/uploads\/2022\/09\/WhatsApp-Image-2022-09-07-at-14.14.15-150x150.jpeg 150w, https:\/\/morenoprimero.com.ar\/archivo\/wp-content\/uploads\/2022\/09\/WhatsApp-Image-2022-09-07-at-14.14.15-768x768.jpeg 768w, https:\/\/morenoprimero.com.ar\/archivo\/wp-content\/uploads\/2022\/09\/WhatsApp-Image-2022-09-07-at-14.14.15.jpeg 1080w\" sizes=\"auto, (max-width: 1024px) 100vw, 1024px\" \/><\/a><\/figure>\n<\/figure>\n\n\n\n<p><\/p>\n","protected":false},"excerpt":{"rendered":"<p>El Municipio de Moreno, a trav\u00e9s de la Direcci\u00f3n de Guardaparques de la Reserva Natural Municipal \u201cLos Robles\u201d, invita a toda la comunidad a participar el viernes 9 y el s\u00e1bado 10 de septiembre de las actividades \u201cCaminando al atardecer\u201d &hellip; <a href=\"https:\/\/morenoprimero.com.ar\/archivo\/caminatas-guiadas-por-los-senderos-de-los-robles\/\">Sigue leyendo <span class=\"meta-nav\">&rarr;<\/span><\/a><\/p>\n","protected":false},"author":6,"featured_media":31967,"comment_status":"closed","ping_status":"closed","sticky":false,"template":"","format":"standard","meta":{"footnotes":""},"categories":[21],"tags":[2539,1358],"class_list":["post-31876","post","type-post","status-publish","format-standard","has-post-thumbnail","hentry","category-interes-general","tag-reserva-municipal-los-robles","tag-turismo-moreno"],"_links":{"self":[{"href":"https:\/\/morenoprimero.com.ar\/archivo\/wp-json\/wp\/v2\/posts\/31876","targetHints":{"allow":["GET"]}}],"collection":[{"href":"https:\/\/morenoprimero.com.ar\/archivo\/wp-json\/wp\/v2\/posts"}],"about":[{"href":"https:\/\/morenoprimero.com.ar\/archivo\/wp-json\/wp\/v2\/types\/post"}],"author":[{"embeddable":true,"href":"https:\/\/morenoprimero.com.ar\/archivo\/wp-json\/wp\/v2\/users\/6"}],"replies":[{"embeddable":true,"href":"https:\/\/morenoprimero.com.ar\/archivo\/wp-json\/wp\/v2\/comments?post=31876"}],"version-history":[{"count":1,"href":"https:\/\/morenoprimero.com.ar\/archivo\/wp-json\/wp\/v2\/posts\/31876\/revisions"}],"predecessor-version":[{"id":31888,"href":"https:\/\/morenoprimero.com.ar\/archivo\/wp-json\/wp\/v2\/posts\/31876\/revisions\/31888"}],"wp:featuredmedia":[{"embeddable":true,"href":"https:\/\/morenoprimero.com.ar\/archivo\/wp-json\/wp\/v2\/media\/31967"}],"wp:attachment":[{"href":"https:\/\/morenoprimero.com.ar\/archivo\/wp-json\/wp\/v2\/media?parent=31876"}],"wp:term":[{"taxonomy":"category","embeddable":true,"href":"https:\/\/morenoprimero.com.ar\/archivo\/wp-json\/wp\/v2\/categories?post=31876"},{"taxonomy":"post_tag","embeddable":true,"href":"https:\/\/morenoprimero.com.ar\/archivo\/wp-json\/wp\/v2\/tags?post=31876"}],"curies":[{"name":"wp","href":"https:\/\/api.w.org\/{rel}","templated":true}]}}