{"id":31875,"date":"2022-09-07T19:42:06","date_gmt":"2022-09-07T22:42:06","guid":{"rendered":"https:\/\/morenoprimero.com.ar\/?p=31875"},"modified":"2022-09-07T19:42:06","modified_gmt":"2022-09-07T22:42:06","slug":"juntos-por-el-cambio-no-repudio-el-intento-de-magnicidio-a-cristina-fernandez-de-kirchner-en-el-hcd-de-moreno","status":"publish","type":"post","link":"https:\/\/morenoprimero.com.ar\/archivo\/juntos-por-el-cambio-no-repudio-el-intento-de-magnicidio-a-cristina-fernandez-de-kirchner-en-el-hcd-de-moreno\/","title":{"rendered":"Juntos por el Cambio no repudi\u00f3 el intento de magnicidio a Cristina Fern\u00e1ndez de Kirchner en el HCD de Moreno \u00a0"},"content":{"rendered":"\n<p>El bloque del Frente de Todos y del Frente de Izquierda se congregaron en el HCD de Moreno y aprobaron el repudio al intento de magnicidio a la vicepresidenta Cristina Kirchner. La total ausencia del bloque de Juntos por el Cambio les vali\u00f3 la cr\u00edtica de concejales y concejalas, por \u00abmentirosos\u00bb, \u00abhip\u00f3critas\u00bb y por \u00abirresponsabilidad pol\u00edtica\u00bb.  Por tanto, los llamaron \u00aba la reflexi\u00f3n\u00bb, no s\u00f3lo para repudiar hechos que atentan contra la democracia, sino tambi\u00e9n para hacerlo en los lugares institucionales \u00abdonde se debaten las ideas, donde hay que confrontar y&nbsp;debatir\u00bb.<\/p>\n\n\n\n<p>El pasado jueves 1 de septiembre quisieron matar a la Vicepresidenta de la Naci\u00f3n, Cristina Fern\u00e1ndez de Kirchner. Luego de lo sucedido, diferentes dirigentes pol\u00edticos expresaron su repudio, con excepci\u00f3n de Patricia Bullrich y Javier Milei, a su vez, una masiva movilizaci\u00f3n se congreg\u00f3 en Plaza de Mayo, tambi\u00e9n en repudio de lo sucedido. El s\u00e1bado 3 de septiembre, Diputados votaron por unanimidad el repudio al intento de Magnicidio a las dos veces presidenta de la Naci\u00f3n.&nbsp;<\/p>\n\n\n\n<div class=\"wp-block-group is-vertical is-layout-flex wp-container-core-group-is-layout-8cf370e7 wp-block-group-is-layout-flex\">\n<blockquote class=\"wp-block-quote is-layout-flow wp-block-quote-is-layout-flow\"><p><em>\u00abLa Honorable C\u00e1mara de Diputados de la Naci\u00f3n expresa su en\u00e9rgico repudio al intento de magnicidio contra la vicepresidenta y dos veces presidenta de la Naci\u00f3n Doctora Cristina Fern\u00e1ndez de Kirchner.<\/em>&nbsp;<br><em>Adem\u00e1s, manifestamos nuestra absoluta solidaridad con la Se\u00f1ora Vicepresidenta y su familia.<\/em>&nbsp;<br><em>Exigimos el pronto y completo esclarecimiento y condena a los responsables de este hecho lamentable, que empa\u00f1a la vida en democracia.<\/em>&nbsp;<br><em>Exhortamos a la dirigencia toda y a la poblaci\u00f3n a buscar todos los caminos que conduzcan a la paz social.\u00bb<\/em>&nbsp;<\/p><cite>Declaraci\u00f3n textual de condena al intento de magnicidio contra la vicepresidenta Cristina Fern\u00e1ndez de Kirchner aprobada este s\u00e1bado por amplia mayor\u00eda en la C\u00e1mara de Diputados.<\/cite><\/blockquote>\n\n\n\n<p><\/p>\n<\/div>\n\n\n\n<p>Lo mismo hicieron diferentes organismos institucionales que se convocaron para repudiar el hecho, tal es el caso de diferentes Concejos Deliberantes de la Provincia de Buenos, con una particularidad en Moreno.<strong> El martes 6 de septiembre se convoc\u00f3 a concejales y concejalas de Moreno a la 5ta Sesi\u00f3n Extraordinaria, tal y como lo hicieron los dem\u00e1s organismos institucionales, pero sorpresivamente el bloque mayoritario de la oposici\u00f3n, el bloque de Juntos por el Cambio, se ausent\u00f3. &nbsp;<\/strong><\/p>\n\n\n\n<p>Las bancas ocupadas correspond\u00edan a concejales y concejalas del Frente de Todos y del Frente de Izquierda, todos y todas los all\u00ed presentes expresaron su repudio al intento de asesinato a la vicepresidenta, apuntaron contra los medios de comunicaci\u00f3n por su cuota de responsabilidad en la escalada de violencia, al igual que un sector de la oposici\u00f3n, como as\u00ed tambi\u00e9n contra los concejales y concejalas morenenses del bloque de Juntos por el Cambio, por no presentarte en la sesi\u00f3n extraordinaria a repudiar lo sucedido.&nbsp;<\/p>\n\n\n\n<p>Es por eso que el concejal<strong> Emmanuel Fern\u00e1ndez<\/strong> manifest\u00f3: \u201c<strong>Quiero saber que pas\u00f3 con el bloque de Juntos por el Cambio que no vino<\/strong>, vi que sacaron un comunicado, pero <strong>los comunicados se deben dar ac\u00e1 en este palacio, que es el palacio del pueblo de Moreno, donde se debaten las ideas, donde hay que confrontar y&nbsp;debatir, es el \u00e1mbito democr\u00e1tico que tenemos<\/strong>.\u201d Ante la ausencia de concejales y concejalas del bloque opositor mayoritario, apunt\u00f3:&nbsp;\u201c<strong>Me parece de una irresponsabilidad pol\u00edtica no venir y no sentarse a debatir ac\u00e1 como ha pasado en otras legislaciones<\/strong>.\u201d &nbsp;<\/p>\n\n\n\n<p><strong>Lucas Franco<\/strong>, presidente del bloque del Frente de Todos, manifest\u00f3 que \u201c<strong>la oposici\u00f3n que conforma el bloque de Juntos por el Cambio ha tenido diferencias y disidencias a la hora de votar expedientes y proyectos. Hoy se han puesto notablemente de acuerdo para no hacerse presente a un debate cuya convocatoria tiene como origen la honda preocupaci\u00f3n que gener\u00f3 en el pueblo argentino un intento de magnicidio<\/strong>.\u201d Ante la ausencia, el concejal asever\u00f3: \u00abEs abrumador el ruido del silencio de la ausencia del sector mayoritario de la&nbsp;oposici\u00f3n una vez m\u00e1s\u00bb.<\/p>\n\n\n\n<p>La presidenta del HCD, <strong>Araceli Bellota<\/strong> cit\u00f3 el comunicado del bloque opositor ausente que dec\u00eda: \u201cLa escalada discursiva del oficialismo y ante una convocatoria inconsulta decidimos no participar de la sesi\u00f3n extraordinaria\u201d. Ante lo expresado, respondi\u00f3 citando el art\u00edculo 12 del reglamento interno del Concejo Deliberante y afirm\u00f3: \u201c<strong>Hemos cumplido en tiempo y forma con lo que establece el reglamento, de manera que esgrimir la raz\u00f3n de que es una convocatoria inconsulta es mentira. Los concejales de Juntos por el Cambio mienten en su comunicado<\/strong>\u201d. &nbsp;<\/p>\n\n\n\n<p>Luego, agradeci\u00f3 al Frente de Izquierda por estar presentes y les asegur\u00f3 que \u201c<strong>no se confunde esto con un apoyo pol\u00edtico, sino que queda claro que estamos repudiando conjuntamente un atentado, un intento de magnicidio, que es atentar contra las instituciones de la republica\u201d<\/strong>&nbsp;<\/p>\n\n\n\n<blockquote class=\"wp-block-quote is-layout-flow wp-block-quote-is-layout-flow\"><p>\u00ab<em>Terminen con el odio, representen a la parte del pueblo que los elige para representar y ocupen sus bancas, no sean irresponsables. Lo digo con todo respeto, pero tambi\u00e9n con toda conciencia de la responsabilidad pol\u00edtica que tenemos cada uno de nosotros y nosotras que estamos ocupando estas bancas. Tenemos la obligaci\u00f3n de ser la voz de quienes nos votaron, y ac\u00e1 no est\u00e1n. Los convoco a que pongan m\u00e1s esfuerzo en el pensamiento que en la irracionalidad. Que esgriman argumentos racionales, y que no ofendan nuestra inteligencia, que ni nosotros ni el pueblo, piense como piense, es tarado. Yo no puedo creer que en los medios de comunicaci\u00f3n digan que el atentado no existi\u00f3. Lo vimos todos y todas en directo. Tampoco puedo creer cuando dicen que es todo inventado, en esto hay mucho de&nbsp;proyecci\u00f3n, recuerdo cuando sub\u00edan a Macri en un colectivo, pon\u00edan actores, y se se les ve\u00edan&nbsp;los piolines. Entonces suponen que nosotros tambi\u00e9n somos capaces de hacer eso, y no somos capaces de hacerlo. La verdad que no. &nbsp;\u00ab<\/em><\/p><cite>Araceli Bellota, Presidenta del HCD.<\/cite><\/blockquote>\n\n\n\n<p>Por su parte, <strong>Marisol Gallardo<\/strong> consider\u00f3: <strong>\u00abQue hoy no est\u00e9 la posici\u00f3n creo que es positivo porque uno elige de qu\u00e9 lado de la vida quiere estar, de qu\u00e9 lado de la mecha, y creo que los que estamos ac\u00e1 presentes, ninguno quiere militar ni milit\u00f3 el odio. Nosotros siempre militamos y construimos desde el amor y la lealtad<\/strong>\u201d.&nbsp;<\/p>\n\n\n\n<p>La concejala <strong>Josefina D\u00edaz Ciarlo <\/strong>se\u00f1al\u00f3 que \u201c<strong>cuando el fin de semana vimos que en Diputados hab\u00eda una decisi\u00f3n de toda la pol\u00edtica argentina de repudiar el intento de magnicidio, entendimos que todos los Concejos Deliberantes, como viene sucediendo a lo largo de esta semana en nuestra provincia de Buenos Aires y otros lugares del pa\u00eds, ten\u00edan que encontrarse para que, en conjunto, todas las expresiones pol\u00edticas que tienen representaci\u00f3n legislativa repudien en el lugar donde la pol\u00edtica tiene su caja de resonancia y represente a los vecinos y las vecinas de cada uno de los distritos<\/strong>\u201d. &nbsp;<\/p>\n\n\n\n<p>Sin embargo, prosigui\u00f3: \u201cLamentablemente en Moreno no ha sucedido, no deja de asombrarme que nos encontremos solamente el Bloque del Frente de Todos y le agradecemos al bloque del Frente de Izquierda\u201d. Y finaliz\u00f3 diciendo que <strong>\u201csinceramente hubi\u00e9ramos querido que este el bloque de Juntos por el Cambio, porque cualquier intento de violencia que atente en este pa\u00eds contra la democracia va a ser repudiado por este Concejo Deliberante en cualquier oportunidad, est\u00e9n o no est\u00e9n.<\/strong>\u00bb&nbsp;<\/p>\n\n\n\n<p>El concejal <strong>Gast\u00f3n Fraga<\/strong> se refiri\u00f3 a la importancia de \u201cencontrarnos aqu\u00ed quienes s\u00ed elegimos venir y ocupar nuestras bandas de concejales y concejalas que hemos sido elegidos por el voto popular, para plantear un tema que es un triste hito hist\u00f3rico y que requiere la amalgama de expresiones pol\u00edticas expres\u00e1ndose al respecto\u201d. Por otro lado, expres\u00f3 un \u201c<strong>profundo orgullo porque el oficialismo y parte de la oposici\u00f3n est\u00e1 presente, y una profunda tristeza por la ausencia de la oposici\u00f3n de Juntos por el Cambio<\/strong>\u201d porque <strong>\u201cno venir a dar el debate se presta a que solamente el debate sea por redes sociales o en comunicados grandilocuentes, pero no en los lugares institucionales para los que nos vot\u00f3 la gente y donde tenemos que dar este tipo de discusiones<\/strong>\u201d.&nbsp;<\/p>\n\n\n\n<p>A pesar de la ausencia de la oposici\u00f3n del bloque mayoritario, Fraga consider\u00f3 la posibilidad de que \u201c<strong>Juntos por el Cambio va a llamarse a la reflexi\u00f3n, va a defender junto con nosotros la democracia y va a permitirnos en conjunto generar un sentido com\u00fan repudiando este hecho lamentable y d\u00e1ndole a toda nuestra gente una salida democr\u00e1tica porque es lo \u00fanico que realmente nos puede dar alegr\u00eda y felicidad a nuestro pueblo<\/strong>\u201d.&nbsp;<\/p>\n\n\n\n<p>Tambi\u00e9n se expres\u00f3 ante la ausencia de Juntos por el Cambio la concejala <strong>Noem\u00ed Aguilera<\/strong> quien llam\u00f3 a \u201c<strong>dialogar y que todos los sectores pol\u00edticos se sumen a este repudio<\/strong>\u201d; mientras que <strong>Zulma Gil<\/strong> indic\u00f3 que \u00ab<strong>la otra parte de la oposici\u00f3n hoy no est\u00e1 ac\u00e1 pero s\u00ed est\u00e1 dando entrevistas en los medios<\/strong>\u201d; y<strong> Alberto Fraiz<\/strong> manifest\u00f3 que \u201c<strong>no contar en este recinto con la oposici\u00f3n de Juntos por el Cambio me genera bronca, me da verg\u00fcenza y pena, y creo que es un acto de irresponsabilidad pol\u00edtica\u201d<\/strong>.&nbsp;<\/p>\n","protected":false},"excerpt":{"rendered":"<p>El bloque del Frente de Todos y del Frente de Izquierda se congregaron en el HCD de Moreno y aprobaron el repudio al intento de magnicidio a la vicepresidenta Cristina Kirchner. La total ausencia del bloque de Juntos por el &hellip; <a href=\"https:\/\/morenoprimero.com.ar\/archivo\/juntos-por-el-cambio-no-repudio-el-intento-de-magnicidio-a-cristina-fernandez-de-kirchner-en-el-hcd-de-moreno\/\">Sigue leyendo <span class=\"meta-nav\">&rarr;<\/span><\/a><\/p>\n","protected":false},"author":6,"featured_media":31902,"comment_status":"closed","ping_status":"closed","sticky":false,"template":"","format":"standard","meta":{"footnotes":""},"categories":[2,27],"tags":[971,28,120,302],"class_list":["post-31875","post","type-post","status-publish","format-standard","has-post-thumbnail","hentry","category-destacadas","category-politica","tag-cristina-fernandez","tag-frente-de-todos","tag-hcd-moreno","tag-juntos-por-el-cambio"],"_links":{"self":[{"href":"https:\/\/morenoprimero.com.ar\/archivo\/wp-json\/wp\/v2\/posts\/31875","targetHints":{"allow":["GET"]}}],"collection":[{"href":"https:\/\/morenoprimero.com.ar\/archivo\/wp-json\/wp\/v2\/posts"}],"about":[{"href":"https:\/\/morenoprimero.com.ar\/archivo\/wp-json\/wp\/v2\/types\/post"}],"author":[{"embeddable":true,"href":"https:\/\/morenoprimero.com.ar\/archivo\/wp-json\/wp\/v2\/users\/6"}],"replies":[{"embeddable":true,"href":"https:\/\/morenoprimero.com.ar\/archivo\/wp-json\/wp\/v2\/comments?post=31875"}],"version-history":[{"count":11,"href":"https:\/\/morenoprimero.com.ar\/archivo\/wp-json\/wp\/v2\/posts\/31875\/revisions"}],"predecessor-version":[{"id":31914,"href":"https:\/\/morenoprimero.com.ar\/archivo\/wp-json\/wp\/v2\/posts\/31875\/revisions\/31914"}],"wp:featuredmedia":[{"embeddable":true,"href":"https:\/\/morenoprimero.com.ar\/archivo\/wp-json\/wp\/v2\/media\/31902"}],"wp:attachment":[{"href":"https:\/\/morenoprimero.com.ar\/archivo\/wp-json\/wp\/v2\/media?parent=31875"}],"wp:term":[{"taxonomy":"category","embeddable":true,"href":"https:\/\/morenoprimero.com.ar\/archivo\/wp-json\/wp\/v2\/categories?post=31875"},{"taxonomy":"post_tag","embeddable":true,"href":"https:\/\/morenoprimero.com.ar\/archivo\/wp-json\/wp\/v2\/tags?post=31875"}],"curies":[{"name":"wp","href":"https:\/\/api.w.org\/{rel}","templated":true}]}}