{"id":31751,"date":"2022-09-05T10:51:23","date_gmt":"2022-09-05T13:51:23","guid":{"rendered":"https:\/\/morenoprimero.com.ar\/?p=31751"},"modified":"2022-09-05T10:51:24","modified_gmt":"2022-09-05T13:51:24","slug":"el-programa-identidad-y-apoyo-al-migrante-llega-a-trujui","status":"publish","type":"post","link":"https:\/\/morenoprimero.com.ar\/archivo\/el-programa-identidad-y-apoyo-al-migrante-llega-a-trujui\/","title":{"rendered":"El Programa Identidad y Apoyo al Migrante llega a Trujui\u00a0"},"content":{"rendered":"\n<p>El programa que se brinda desde la Secretar\u00eda de Justicia y Derechos Humanos llega al Instituto Pucar\u00e1 de Trujui, este lunes 5 de septiembre, de 11 a 14 horas. Se podr\u00e1n realizar tr\u00e1mites de documentaci\u00f3n nacional y extranjera.<\/p>\n\n\n\n<p>La <strong>Secretar\u00eda de Justicia y Derechos Humanos <\/strong>realiza un operativo de abordaje territorial junto a la Subsecretar\u00eda de Educaci\u00f3n. All\u00ed se desarrollar\u00e1 el <strong>Programa Identidad y Apoyo al Migrante<\/strong> donde se pueden realizar tr\u00e1mites de documentaci\u00f3n nacional y extranjera.\u00a0<\/p>\n\n\n\n<p>Por un lado, se pueden realizar <strong>tr\u00e1mites de DNI y Certificado NN:<\/strong> Gesti\u00f3n de turnos DNI argentino y extranjero, uni\u00f3n convivencial matrimonio, partidas, eximici\u00f3n de pagos, y cambio de domicilio.\u00a0<\/p>\n\n\n\n<p>Adem\u00e1s, se realizar\u00e1n<strong> asesoramiento en tr\u00e1mites migratorios<\/strong>: Inicio de Radex, eximici\u00f3n de pago para tasa migratoria, gesti\u00f3n de turnos, consulados, RENAPER, Direcci\u00f3n Nacional de Migraciones, Registro Civil.\u00a0<\/p>\n\n\n\n<p>En esta oportunidad, el programa se llevar\u00e1 a cabo en el <strong>Instituto Pucar\u00e1 de Trujui<\/strong>, ubicado en Ricardo Guti\u00e9rrez 10485, B\u00ba La Fortuna, de 11 a 14 horas.\u00a0<\/p>\n\n\n\n<figure class=\"wp-block-image size-full\"><a href=\"https:\/\/morenoprimero.com.ar\/wp-content\/uploads\/2022\/09\/image-5.png\"><img loading=\"lazy\" decoding=\"async\" width=\"960\" height=\"960\" src=\"https:\/\/morenoprimero.com.ar\/wp-content\/uploads\/2022\/09\/image-5.png\" alt=\"\" class=\"wp-image-31753\" srcset=\"https:\/\/morenoprimero.com.ar\/archivo\/wp-content\/uploads\/2022\/09\/image-5.png 960w, https:\/\/morenoprimero.com.ar\/archivo\/wp-content\/uploads\/2022\/09\/image-5-300x300.png 300w, https:\/\/morenoprimero.com.ar\/archivo\/wp-content\/uploads\/2022\/09\/image-5-150x150.png 150w, https:\/\/morenoprimero.com.ar\/archivo\/wp-content\/uploads\/2022\/09\/image-5-768x768.png 768w\" sizes=\"auto, (max-width: 960px) 100vw, 960px\" \/><\/a><\/figure>\n","protected":false},"excerpt":{"rendered":"<p>El programa que se brinda desde la Secretar\u00eda de Justicia y Derechos Humanos llega al Instituto Pucar\u00e1 de Trujui, este lunes 5 de septiembre, de 11 a 14 horas. Se podr\u00e1n realizar tr\u00e1mites de documentaci\u00f3n nacional y extranjera. La Secretar\u00eda &hellip; <a href=\"https:\/\/morenoprimero.com.ar\/archivo\/el-programa-identidad-y-apoyo-al-migrante-llega-a-trujui\/\">Sigue leyendo <span class=\"meta-nav\">&rarr;<\/span><\/a><\/p>\n","protected":false},"author":6,"featured_media":31752,"comment_status":"open","ping_status":"open","sticky":false,"template":"","format":"standard","meta":{"footnotes":""},"categories":[21],"tags":[],"class_list":["post-31751","post","type-post","status-publish","format-standard","has-post-thumbnail","hentry","category-interes-general"],"_links":{"self":[{"href":"https:\/\/morenoprimero.com.ar\/archivo\/wp-json\/wp\/v2\/posts\/31751","targetHints":{"allow":["GET"]}}],"collection":[{"href":"https:\/\/morenoprimero.com.ar\/archivo\/wp-json\/wp\/v2\/posts"}],"about":[{"href":"https:\/\/morenoprimero.com.ar\/archivo\/wp-json\/wp\/v2\/types\/post"}],"author":[{"embeddable":true,"href":"https:\/\/morenoprimero.com.ar\/archivo\/wp-json\/wp\/v2\/users\/6"}],"replies":[{"embeddable":true,"href":"https:\/\/morenoprimero.com.ar\/archivo\/wp-json\/wp\/v2\/comments?post=31751"}],"version-history":[{"count":2,"href":"https:\/\/morenoprimero.com.ar\/archivo\/wp-json\/wp\/v2\/posts\/31751\/revisions"}],"predecessor-version":[{"id":31756,"href":"https:\/\/morenoprimero.com.ar\/archivo\/wp-json\/wp\/v2\/posts\/31751\/revisions\/31756"}],"wp:featuredmedia":[{"embeddable":true,"href":"https:\/\/morenoprimero.com.ar\/archivo\/wp-json\/wp\/v2\/media\/31752"}],"wp:attachment":[{"href":"https:\/\/morenoprimero.com.ar\/archivo\/wp-json\/wp\/v2\/media?parent=31751"}],"wp:term":[{"taxonomy":"category","embeddable":true,"href":"https:\/\/morenoprimero.com.ar\/archivo\/wp-json\/wp\/v2\/categories?post=31751"},{"taxonomy":"post_tag","embeddable":true,"href":"https:\/\/morenoprimero.com.ar\/archivo\/wp-json\/wp\/v2\/tags?post=31751"}],"curies":[{"name":"wp","href":"https:\/\/api.w.org\/{rel}","templated":true}]}}