{"id":31669,"date":"2022-09-12T10:48:27","date_gmt":"2022-09-12T13:48:27","guid":{"rendered":"https:\/\/morenoprimero.com.ar\/?p=31669"},"modified":"2022-09-12T10:54:16","modified_gmt":"2022-09-12T13:54:16","slug":"morenenses-las-asignaciones-familiares-aumentan-un-1553-desde-septiembre","status":"publish","type":"post","link":"https:\/\/morenoprimero.com.ar\/archivo\/morenenses-las-asignaciones-familiares-aumentan-un-1553-desde-septiembre\/","title":{"rendered":"Morenenses: las asignaciones familiares aumentan un 15,53% desde septiembre\u00a0"},"content":{"rendered":"\n<p>El monto se extiende hasta noviembre y alcanza a 6.1 millones de personas que representan al 85% de las y los titulares de jubilaciones y pensiones. Por ley de Movilidad, el pr\u00f3ximo aumento es en el mes de diciembre.<\/p>\n\n\n\n<p>La Administraci\u00f3n Nacional de la Seguridad Social (Anses) fij\u00f3 los nuevos valores de las asignaciones familiares que<strong> rigen a partir de hoy, 1 de septiembre, con el aumento del 15,53%,<\/strong> a trav\u00e9s de la Resoluci\u00f3n 202\/2022 publicada&nbsp;en el Bolet\u00edn Oficial.&nbsp;<br>&nbsp;<br>La norma establece que la asignaci\u00f3n por nacimiento ser\u00e1 de $ 9.875, por adopci\u00f3n de $ 59.058 y por matrimonio de $ 14.788; para ingresos de grupos familiares (IGF) hasta $ 316.731 en los tres casos.&nbsp;<br>&nbsp;<br>Tambi\u00e9n determina que, tanto para prenatal como para hijo, la asignaci\u00f3n ser\u00e1 de $ 8.471 para ingresos familiares de hasta $ 131.208; de $ 5.713 para ingresos entre $ 131.208,01 y $ 192.432; de $ 3.454 para IGF entre $ 192.432,01 y $ 222.170; y de $ 1.780 para ingresos de entre $ 222.170,01 y $ 316.731.&nbsp;<br>&nbsp;<br>En el caso de hijo con discapacidad, la asignaci\u00f3n ser\u00e1 de $ 27.590 para IGF hasta $ 131.208; de $ 19.516 para ingresos entre $ 131.208,01 y $ 192.432; y de $ 12.317 para ingresos m\u00e1s altos.&nbsp;<br>&nbsp;<br>La ayuda escolar anual ser\u00e1 de $ 7.100 por hijo para IGF hasta $ 316.731; y tambi\u00e9n en el caso de hijo con discapacidad, pero sin tope de ingresos.&nbsp;<\/p>\n\n\n\n<p><\/p>\n","protected":false},"excerpt":{"rendered":"<p>El monto se extiende hasta noviembre y alcanza a 6.1 millones de personas que representan al 85% de las y los titulares de jubilaciones y pensiones. Por ley de Movilidad, el pr\u00f3ximo aumento es en el mes de diciembre. La &hellip; <a href=\"https:\/\/morenoprimero.com.ar\/archivo\/morenenses-las-asignaciones-familiares-aumentan-un-1553-desde-septiembre\/\">Sigue leyendo <span class=\"meta-nav\">&rarr;<\/span><\/a><\/p>\n","protected":false},"author":6,"featured_media":31685,"comment_status":"open","ping_status":"open","sticky":false,"template":"","format":"standard","meta":{"footnotes":""},"categories":[21],"tags":[],"class_list":["post-31669","post","type-post","status-publish","format-standard","has-post-thumbnail","hentry","category-interes-general"],"_links":{"self":[{"href":"https:\/\/morenoprimero.com.ar\/archivo\/wp-json\/wp\/v2\/posts\/31669","targetHints":{"allow":["GET"]}}],"collection":[{"href":"https:\/\/morenoprimero.com.ar\/archivo\/wp-json\/wp\/v2\/posts"}],"about":[{"href":"https:\/\/morenoprimero.com.ar\/archivo\/wp-json\/wp\/v2\/types\/post"}],"author":[{"embeddable":true,"href":"https:\/\/morenoprimero.com.ar\/archivo\/wp-json\/wp\/v2\/users\/6"}],"replies":[{"embeddable":true,"href":"https:\/\/morenoprimero.com.ar\/archivo\/wp-json\/wp\/v2\/comments?post=31669"}],"version-history":[{"count":3,"href":"https:\/\/morenoprimero.com.ar\/archivo\/wp-json\/wp\/v2\/posts\/31669\/revisions"}],"predecessor-version":[{"id":32034,"href":"https:\/\/morenoprimero.com.ar\/archivo\/wp-json\/wp\/v2\/posts\/31669\/revisions\/32034"}],"wp:featuredmedia":[{"embeddable":true,"href":"https:\/\/morenoprimero.com.ar\/archivo\/wp-json\/wp\/v2\/media\/31685"}],"wp:attachment":[{"href":"https:\/\/morenoprimero.com.ar\/archivo\/wp-json\/wp\/v2\/media?parent=31669"}],"wp:term":[{"taxonomy":"category","embeddable":true,"href":"https:\/\/morenoprimero.com.ar\/archivo\/wp-json\/wp\/v2\/categories?post=31669"},{"taxonomy":"post_tag","embeddable":true,"href":"https:\/\/morenoprimero.com.ar\/archivo\/wp-json\/wp\/v2\/tags?post=31669"}],"curies":[{"name":"wp","href":"https:\/\/api.w.org\/{rel}","templated":true}]}}