{"id":316,"date":"2020-07-13T14:32:25","date_gmt":"2020-07-13T14:32:25","guid":{"rendered":"https:\/\/morenoprimero.com.ar\/?p=316"},"modified":"2020-07-26T14:06:03","modified_gmt":"2020-07-26T14:06:03","slug":"robaron-una-toyota-hilux-y-la-publicaron-en-mercado-libre","status":"publish","type":"post","link":"https:\/\/morenoprimero.com.ar\/archivo\/robaron-una-toyota-hilux-y-la-publicaron-en-mercado-libre\/","title":{"rendered":"ROBARON UNA TOYOTA HILUX Y LA PUBLICARON EN MERCADO LIBRE"},"content":{"rendered":"\n<p>El 10 de julio la Polic\u00eda recuper\u00f3 una Toyota Hilux color gris que hab\u00eda sido robada d\u00edas atr\u00e1s.<\/p>\n\n\n\n<p>El due\u00f1o de la camioneta hab\u00eda denunciado el robo que sucedi\u00f3 en Paso del Rey y as\u00ed se inici\u00f3 la investigaci\u00f3n pertinente.<\/p>\n\n\n\n<p>Tras distintas averiguaciones, la polic\u00eda ubica una camioneta id\u00e9ntica publicada a la venta en Mercado Libre.<\/p>\n\n\n\n<p>Con intervenci\u00f3n de la fiscal\u00eda N\u00b03 y asistencia de la Secretar\u00eda de Justicia, Seguridad y Derechos Humanos de Moreno, agentes policiales montan un operativo para dar con el vendedor y lo detienen por el hurto del rodado con documentaci\u00f3n falsa en su poder.<\/p>\n\n\n\n<p>La camioneta ya fue devuelta a sus due\u00f1os.<\/p>\n\n\n\n<figure class=\"wp-block-image size-large\"><img loading=\"lazy\" decoding=\"async\" width=\"516\" height=\"1024\" src=\"https:\/\/morenoprimero.com.ar\/wp-content\/uploads\/2020\/07\/WhatsApp-Image-2020-07-13-at-8.49.34-AM-516x1024.jpg\" alt=\"\" class=\"wp-image-318\" srcset=\"https:\/\/morenoprimero.com.ar\/archivo\/wp-content\/uploads\/2020\/07\/WhatsApp-Image-2020-07-13-at-8.49.34-AM-516x1024.jpg 516w, https:\/\/morenoprimero.com.ar\/archivo\/wp-content\/uploads\/2020\/07\/WhatsApp-Image-2020-07-13-at-8.49.34-AM-151x300.jpg 151w, https:\/\/morenoprimero.com.ar\/archivo\/wp-content\/uploads\/2020\/07\/WhatsApp-Image-2020-07-13-at-8.49.34-AM.jpg 539w\" sizes=\"auto, (max-width: 516px) 100vw, 516px\" \/><\/figure>\n","protected":false},"excerpt":{"rendered":"<p>El 10 de julio la Polic\u00eda recuper\u00f3 una Toyota Hilux color gris que hab\u00eda sido robada d\u00edas atr\u00e1s. El due\u00f1o de la camioneta hab\u00eda denunciado el robo que sucedi\u00f3 en Paso del Rey y as\u00ed se inici\u00f3 la investigaci\u00f3n pertinente. &hellip; <a href=\"https:\/\/morenoprimero.com.ar\/archivo\/robaron-una-toyota-hilux-y-la-publicaron-en-mercado-libre\/\">Sigue leyendo <span class=\"meta-nav\">&rarr;<\/span><\/a><\/p>\n","protected":false},"author":6,"featured_media":317,"comment_status":"open","ping_status":"open","sticky":false,"template":"","format":"standard","meta":{"footnotes":""},"categories":[8],"tags":[185,31,39],"class_list":["post-316","post","type-post","status-publish","format-standard","has-post-thumbnail","hentry","category-policiales","tag-hurto","tag-policia","tag-robo"],"_links":{"self":[{"href":"https:\/\/morenoprimero.com.ar\/archivo\/wp-json\/wp\/v2\/posts\/316","targetHints":{"allow":["GET"]}}],"collection":[{"href":"https:\/\/morenoprimero.com.ar\/archivo\/wp-json\/wp\/v2\/posts"}],"about":[{"href":"https:\/\/morenoprimero.com.ar\/archivo\/wp-json\/wp\/v2\/types\/post"}],"author":[{"embeddable":true,"href":"https:\/\/morenoprimero.com.ar\/archivo\/wp-json\/wp\/v2\/users\/6"}],"replies":[{"embeddable":true,"href":"https:\/\/morenoprimero.com.ar\/archivo\/wp-json\/wp\/v2\/comments?post=316"}],"version-history":[{"count":1,"href":"https:\/\/morenoprimero.com.ar\/archivo\/wp-json\/wp\/v2\/posts\/316\/revisions"}],"predecessor-version":[{"id":319,"href":"https:\/\/morenoprimero.com.ar\/archivo\/wp-json\/wp\/v2\/posts\/316\/revisions\/319"}],"wp:featuredmedia":[{"embeddable":true,"href":"https:\/\/morenoprimero.com.ar\/archivo\/wp-json\/wp\/v2\/media\/317"}],"wp:attachment":[{"href":"https:\/\/morenoprimero.com.ar\/archivo\/wp-json\/wp\/v2\/media?parent=316"}],"wp:term":[{"taxonomy":"category","embeddable":true,"href":"https:\/\/morenoprimero.com.ar\/archivo\/wp-json\/wp\/v2\/categories?post=316"},{"taxonomy":"post_tag","embeddable":true,"href":"https:\/\/morenoprimero.com.ar\/archivo\/wp-json\/wp\/v2\/tags?post=316"}],"curies":[{"name":"wp","href":"https:\/\/api.w.org\/{rel}","templated":true}]}}