{"id":31513,"date":"2022-08-26T20:37:29","date_gmt":"2022-08-26T23:37:29","guid":{"rendered":"https:\/\/morenoprimero.com.ar\/?p=31513"},"modified":"2022-09-05T08:34:05","modified_gmt":"2022-09-05T11:34:05","slug":"pais-aborigen-la-historica-banda-de-paso-del-rey-se-presenta-en-el-teatro-leopoldo-marechal","status":"publish","type":"post","link":"https:\/\/morenoprimero.com.ar\/archivo\/pais-aborigen-la-historica-banda-de-paso-del-rey-se-presenta-en-el-teatro-leopoldo-marechal\/","title":{"rendered":"Pa\u00eds\u00a0Aborigen, la hist\u00f3rica banda de Paso del Rey se presenta en el Teatro Leopoldo Marechal"},"content":{"rendered":"\n<p>Este s\u00e1bado 27 de agosto, a partir de  21 horas, a trav\u00e9s de la Secretar\u00eda de Cultura, Educaci\u00f3n y Deportes, se presenta en el Teatro Leopoldo Marechal la banda Pa\u00eds Aborigen. La agrupaci\u00f3n prepara un show especial no solo para quienes los siguen hace casi&nbsp;15 a\u00f1os, sino para todos los vecinos y vecinas que quieran acercarse a pasar una noche a pura canci\u00f3n.<\/p>\n\n\n\n<p>Dialogamos con Ariel Acu\u00f1a, bajista, compositor y corista de la banda, sobre la historia de Pa\u00eds Aborigen en el marco de c\u00f3mo es sostener una banda durante tanto tiempo, el rol de las nuevas generaciones y tecnolog\u00edas que van modificando los conceptos de la m\u00fasica tal como la conocemos y tambi\u00e9n, sobre el show que est\u00e1n preparando.<\/p>\n\n\n\n<p><strong>\u201cNos juntamos all\u00e1 por octubre del 2007, ahora ya estamos por cumplir 15 a\u00f1os. Algunos de los integrantes nos conoc\u00edamos, y otros no. La idea original fue de Mart\u00edn, el baterista, \u00e9l ten\u00eda pensado y fue buscando los puestos que quer\u00eda cubrir, as\u00ed que nos juntamos en mi sala de ensayo, empezamos a zapear, a charlar un ratito para conocernos entre los que no nos conoc\u00edamos, y cuando tocamos hubo una conexi\u00f3n que estuvo buena, que nos gust\u00f3, as\u00ed que decidimos darle para adelante\u201d<\/strong>, relata Ariel sobre aquel primer encuentro de la banda.<\/p>\n\n\n\n<figure class=\"wp-block-image size-full\"><a href=\"https:\/\/morenoprimero.com.ar\/wp-content\/uploads\/2022\/08\/WhatsApp-Image-2022-08-26-at-2.39.12-PM.jpeg\"><img loading=\"lazy\" decoding=\"async\" width=\"750\" height=\"497\" src=\"https:\/\/morenoprimero.com.ar\/wp-content\/uploads\/2022\/08\/WhatsApp-Image-2022-08-26-at-2.39.12-PM.jpeg\" alt=\"\" class=\"wp-image-31523\" srcset=\"https:\/\/morenoprimero.com.ar\/archivo\/wp-content\/uploads\/2022\/08\/WhatsApp-Image-2022-08-26-at-2.39.12-PM.jpeg 750w, https:\/\/morenoprimero.com.ar\/archivo\/wp-content\/uploads\/2022\/08\/WhatsApp-Image-2022-08-26-at-2.39.12-PM-300x199.jpeg 300w\" sizes=\"auto, (max-width: 750px) 100vw, 750px\" \/><\/a><\/figure>\n\n\n\n<p><\/p>\n\n\n\n<p>En cuanto a c\u00f3mo fueron modific\u00e1ndose sus vidas en el transcurso de estos a\u00f1os y c\u00f3mo poder sostener, a pesar de todo, la banda, Ariel nos cuenta:<\/p>\n\n\n\n<p>\u201cEn estos 15 a\u00f1os nos ha pasado de todo, a nivel personal tambi\u00e9n. La banda se separ\u00f3, y volvi\u00f3 varias veces, de hecho en todo este proceso la vida quiso que yo sea el que nunca se fue. <strong>Es una banda que arranc\u00f3 muy a full, laburando mucho, muy en serio, dos ensayos de al menos dos horas por semana, as\u00ed fuimos pasando muchas fechas, aprendiendo, mejorando,&nbsp; grabando, entonces iba pasando el tiempo y hab\u00eda un desgaste normal porque, adem\u00e1s, siempre quer\u00edamos un poquito mas, nos metimos una presi\u00f3n auto impuesta, crecimos mucho y eso te genera un volumen de trabajo que a veces se hace muy pesado tambi\u00e9n.<\/strong> Por suerte en este momento est\u00e1 la banda casi original de nuevo, falta solo un integrante y recuperamos esa m\u00edstica y esa qu\u00edmica de siempre que tiene que ver con el entendimiento musical\u201d. <\/p>\n\n\n\n<figure class=\"wp-block-image size-full\"><a href=\"https:\/\/morenoprimero.com.ar\/wp-content\/uploads\/2022\/08\/WhatsApp-Image-2022-08-26-at-2.39.12-PM-2.jpeg\"><img loading=\"lazy\" decoding=\"async\" width=\"750\" height=\"501\" src=\"https:\/\/morenoprimero.com.ar\/wp-content\/uploads\/2022\/08\/WhatsApp-Image-2022-08-26-at-2.39.12-PM-2.jpeg\" alt=\"\" class=\"wp-image-31521\" srcset=\"https:\/\/morenoprimero.com.ar\/archivo\/wp-content\/uploads\/2022\/08\/WhatsApp-Image-2022-08-26-at-2.39.12-PM-2.jpeg 750w, https:\/\/morenoprimero.com.ar\/archivo\/wp-content\/uploads\/2022\/08\/WhatsApp-Image-2022-08-26-at-2.39.12-PM-2-300x200.jpeg 300w\" sizes=\"auto, (max-width: 750px) 100vw, 750px\" \/><\/a><\/figure>\n\n\n\n<p><\/p>\n\n\n\n<p>\u201cNos junt\u00e1bamos mucho a escuchar discos en la casa de alguno, los m\u00e1s j\u00f3venes trat\u00e1bamos de aprender de los que ya&nbsp;se dedicaban a la m\u00fasica, lo que ser\u00eda una clase de apreciaci\u00f3n musical, uno trataba de reconocer auditivamente, era todo un mundo distinto.<strong> Para mi, lo que tiene de bueno las nuevas tecnolog\u00edas es lo universal, antes el circuito de escucha era mucho m\u00e1s acotado, pero por otro lado se siente una gran p\u00e9rdida del concepto que se desarrollaba con el disco f\u00edsico, todo el desarrollo art\u00edstico que implicaba eso.<\/strong> <strong>Es muy dif\u00edcil en este momento para las bandas intermedias no quedarse afuera\u201d<\/strong>, afirma el bajista y compositor de Pa\u00eds Aborigen sobre sus inicios musicales con la banda y la llegada de las nuevas tecnolog\u00edas de difusi\u00f3n y producci\u00f3n musical.<\/p>\n\n\n\n<p>Ellos se definen como una banda que hace canciones, y aunque pasen los a\u00f1os buscan siempre que la banda suene fresca y moderna, sin perder particularmente su estilo.<\/p>\n\n\n\n<p>Concluyendo,&nbsp;Ariel nos expresa que est\u00e1n muy entusiasmados y trabajando para el show del s\u00e1bado, y que si bien, no es la primera vez que tocan en el Marechal, este ser\u00e1 un evento muy especial: <strong>\u201cNosotros por suerte hicimos varios shows en el Marechal, presentamos discos, siempre con artistas invitados, pero este s\u00e1bado estamos armando algo especial,&nbsp; un show que hable bien de nosotros, que pueda ver tambi\u00e9n cualquiera que no nos conozca, con una puesta interesante en escena\u201d.<\/strong><\/p>\n\n\n\n<p>El show es de car\u00e1cter libre y gratuito, y las entradas se retiran a las 20 horas en la puerta del teatro.<\/p>\n","protected":false},"excerpt":{"rendered":"<p>Este s\u00e1bado 27 de agosto, a partir de 21 horas, a trav\u00e9s de la Secretar\u00eda de Cultura, Educaci\u00f3n y Deportes, se presenta en el Teatro Leopoldo Marechal la banda Pa\u00eds Aborigen. La agrupaci\u00f3n prepara un show especial no solo para &hellip; <a href=\"https:\/\/morenoprimero.com.ar\/archivo\/pais-aborigen-la-historica-banda-de-paso-del-rey-se-presenta-en-el-teatro-leopoldo-marechal\/\">Sigue leyendo <span class=\"meta-nav\">&rarr;<\/span><\/a><\/p>\n","protected":false},"author":6,"featured_media":31748,"comment_status":"closed","ping_status":"closed","sticky":false,"template":"","format":"standard","meta":{"footnotes":""},"categories":[2332,2],"tags":[],"class_list":["post-31513","post","type-post","status-publish","format-standard","has-post-thumbnail","hentry","category-cultura","category-destacadas"],"_links":{"self":[{"href":"https:\/\/morenoprimero.com.ar\/archivo\/wp-json\/wp\/v2\/posts\/31513","targetHints":{"allow":["GET"]}}],"collection":[{"href":"https:\/\/morenoprimero.com.ar\/archivo\/wp-json\/wp\/v2\/posts"}],"about":[{"href":"https:\/\/morenoprimero.com.ar\/archivo\/wp-json\/wp\/v2\/types\/post"}],"author":[{"embeddable":true,"href":"https:\/\/morenoprimero.com.ar\/archivo\/wp-json\/wp\/v2\/users\/6"}],"replies":[{"embeddable":true,"href":"https:\/\/morenoprimero.com.ar\/archivo\/wp-json\/wp\/v2\/comments?post=31513"}],"version-history":[{"count":5,"href":"https:\/\/morenoprimero.com.ar\/archivo\/wp-json\/wp\/v2\/posts\/31513\/revisions"}],"predecessor-version":[{"id":31529,"href":"https:\/\/morenoprimero.com.ar\/archivo\/wp-json\/wp\/v2\/posts\/31513\/revisions\/31529"}],"wp:featuredmedia":[{"embeddable":true,"href":"https:\/\/morenoprimero.com.ar\/archivo\/wp-json\/wp\/v2\/media\/31748"}],"wp:attachment":[{"href":"https:\/\/morenoprimero.com.ar\/archivo\/wp-json\/wp\/v2\/media?parent=31513"}],"wp:term":[{"taxonomy":"category","embeddable":true,"href":"https:\/\/morenoprimero.com.ar\/archivo\/wp-json\/wp\/v2\/categories?post=31513"},{"taxonomy":"post_tag","embeddable":true,"href":"https:\/\/morenoprimero.com.ar\/archivo\/wp-json\/wp\/v2\/tags?post=31513"}],"curies":[{"name":"wp","href":"https:\/\/api.w.org\/{rel}","templated":true}]}}