{"id":31443,"date":"2022-08-24T20:30:30","date_gmt":"2022-08-24T23:30:30","guid":{"rendered":"https:\/\/morenoprimero.com.ar\/?p=31443"},"modified":"2022-08-24T20:31:50","modified_gmt":"2022-08-24T23:31:50","slug":"moreno-el-municipio-reordena-el-transporte-publico-para-mejorar-el-transito-local","status":"publish","type":"post","link":"https:\/\/morenoprimero.com.ar\/archivo\/moreno-el-municipio-reordena-el-transporte-publico-para-mejorar-el-transito-local\/","title":{"rendered":"Moreno: el Municipio reordena el transporte p\u00fablico para mejorar el tr\u00e1nsito local"},"content":{"rendered":"\n<p>Con el objetivo de mejorar el tr\u00e1nsito en el distrito, la Comisi\u00f3n Fiscalizadora integrada por autoridades del poder ejecutivo y legislativo local resolvi\u00f3 un reclamo hist\u00f3rico que mejora la circulaci\u00f3n de tr\u00e1nsito en Moreno Centro: a partir de agosto las unidades de colectivos que estacionaban sobre Alcorta Sur se trasladaron a un predio privado ubicado sobre Callao 1492.<\/p>\n\n\n\n<p>Por otro lado, a trav\u00e9s de la Secretar\u00eda de Tr\u00e1nsito y Transporte, se conform\u00f3 la Coordinaci\u00f3n General de Inspecciones del Transporte P\u00fablico de Pasajeras y Pasajeros para controlar, evaluar y dar respuesta al requerimiento de las y los usuarios que viajan d\u00eda a d\u00eda.<\/p>\n\n\n\n<p>Al d\u00eda de hoy, se realizaron 342 inspecciones en los 243 colectivos de la empresa de Transportes La Perlita S.A, la cual mostr\u00f3 una respuesta favorable y permiti\u00f3 que se realicen mejoras en el servicio. Estas acciones permitieron la renovaci\u00f3n de asientos, cinturones de seguridad, pasamanos y matafuegos, la verificaci\u00f3n del estado y funcionamiento de las rampas para personas con discapacidad y movilidad reducida, la implementaci\u00f3n de botiquines de Primeros Auxilios, la colocaci\u00f3n de martillos de emergencia, la se\u00f1alizaci\u00f3n en el interior y exterior de cada unidad y trabajos de mec\u00e1nica en general. Adem\u00e1s, se contin\u00faa con los controles estrictos de manera diaria para un cumplimiento efectivo de la empresa.<\/p>\n\n\n\n<p>Por otro parte, a partir de la coordinaci\u00f3n entre la Secretar\u00eda de Tr\u00e1nsito y Transporte y el Concejo Deliberante en pos de identificar problem\u00e1ticas sobre el flujo vehicular se presentaron distintos proyectos que mejorar\u00e1n el tr\u00e1nsito en Moreno, tales como:<\/p>\n\n\n\n<ul class=\"wp-block-list\"><li>Cambio de sentido en la circulaci\u00f3n de la calle Sarmiento entre Victorica y M\u00e1rmol<\/li><li>Cambio de sentido en la circulaci\u00f3n de la calle Asseff entre Alcorta Sur y Joly<\/li><li>Cambio de sentido en la circulaci\u00f3n de la calle Ituzaing\u00f3 entre Alcorta Sur y Joly<\/li><li>Ampliaci\u00f3n y modificaci\u00f3n del recorrido N\u00b023<\/li><li>Ampliaci\u00f3n del recorrido N\u00b043<\/li><li>Modificaci\u00f3n del recorrido N\u00b036<\/li><li>Cambio a doble sentido de la circulaci\u00f3n de la calle Mariano y Luciano de la Vega desde S\u00e1enz Pe\u00f1a hasta Joly<\/li><li>Reordenamiento de las paradas en Paso Del Rey de la empresa 327 Metropol y recorridos N\u00b05, N\u00b08 y N\u00b0336<\/li><li>Instalaci\u00f3n de sem\u00e1foros sobre Ruta Provincial N\u00b025, Avenida Victorica, Colectora<\/li><li>Acceso Oeste Sur, Colectora Acceso Oeste Norte<\/li><li>Ampliaci\u00f3n y prohibici\u00f3n de tr\u00e1nsito pesado y emplazamiento del Puente ubicado sobre calle Manuel Luis de Oliden en la localidad de Francisco \u00c1lvarez.<\/li><\/ul>\n\n\n\n<figure class=\"wp-block-gallery has-nested-images columns-default is-cropped wp-block-gallery-1 is-layout-flex wp-block-gallery-is-layout-flex\">\n<figure class=\"wp-block-image size-large\"><a href=\"https:\/\/morenoprimero.com.ar\/wp-content\/uploads\/2022\/08\/WhatsApp-Image-2022-08-24-at-3.10.52-PM.jpeg\"><img loading=\"lazy\" decoding=\"async\" width=\"1024\" height=\"768\" data-id=\"31448\" src=\"https:\/\/morenoprimero.com.ar\/wp-content\/uploads\/2022\/08\/WhatsApp-Image-2022-08-24-at-3.10.52-PM-1024x768.jpeg\" alt=\"\" class=\"wp-image-31448\" srcset=\"https:\/\/morenoprimero.com.ar\/archivo\/wp-content\/uploads\/2022\/08\/WhatsApp-Image-2022-08-24-at-3.10.52-PM-1024x768.jpeg 1024w, https:\/\/morenoprimero.com.ar\/archivo\/wp-content\/uploads\/2022\/08\/WhatsApp-Image-2022-08-24-at-3.10.52-PM-300x225.jpeg 300w, https:\/\/morenoprimero.com.ar\/archivo\/wp-content\/uploads\/2022\/08\/WhatsApp-Image-2022-08-24-at-3.10.52-PM-768x576.jpeg 768w, https:\/\/morenoprimero.com.ar\/archivo\/wp-content\/uploads\/2022\/08\/WhatsApp-Image-2022-08-24-at-3.10.52-PM.jpeg 1280w\" sizes=\"auto, (max-width: 1024px) 100vw, 1024px\" \/><\/a><\/figure>\n<\/figure>\n\n\n\n<p><\/p>\n\n\n\n<p>Con estas acciones, el gobierno local atiende y brinda soluciones a reclamos hist\u00f3ricos de la comunidad como lo es el viaje en transporte p\u00fablico y as\u00ed mejorar la calidad de vida de las y los habitantes de Moreno.<\/p>\n","protected":false},"excerpt":{"rendered":"<p>Con el objetivo de mejorar el tr\u00e1nsito en el distrito, la Comisi\u00f3n Fiscalizadora integrada por autoridades del poder ejecutivo y legislativo local resolvi\u00f3 un reclamo hist\u00f3rico que mejora la circulaci\u00f3n de tr\u00e1nsito en Moreno Centro: a partir de agosto las &hellip; <a href=\"https:\/\/morenoprimero.com.ar\/archivo\/moreno-el-municipio-reordena-el-transporte-publico-para-mejorar-el-transito-local\/\">Sigue leyendo <span class=\"meta-nav\">&rarr;<\/span><\/a><\/p>\n","protected":false},"author":6,"featured_media":31447,"comment_status":"closed","ping_status":"closed","sticky":false,"template":"","format":"standard","meta":{"footnotes":""},"categories":[21],"tags":[4001,6,425],"class_list":["post-31443","post","type-post","status-publish","format-standard","has-post-thumbnail","hentry","category-interes-general","tag-empresa-transportes-la-perlita","tag-moreno","tag-subsecretaria-de-transito-y-transporte"],"_links":{"self":[{"href":"https:\/\/morenoprimero.com.ar\/archivo\/wp-json\/wp\/v2\/posts\/31443","targetHints":{"allow":["GET"]}}],"collection":[{"href":"https:\/\/morenoprimero.com.ar\/archivo\/wp-json\/wp\/v2\/posts"}],"about":[{"href":"https:\/\/morenoprimero.com.ar\/archivo\/wp-json\/wp\/v2\/types\/post"}],"author":[{"embeddable":true,"href":"https:\/\/morenoprimero.com.ar\/archivo\/wp-json\/wp\/v2\/users\/6"}],"replies":[{"embeddable":true,"href":"https:\/\/morenoprimero.com.ar\/archivo\/wp-json\/wp\/v2\/comments?post=31443"}],"version-history":[{"count":5,"href":"https:\/\/morenoprimero.com.ar\/archivo\/wp-json\/wp\/v2\/posts\/31443\/revisions"}],"predecessor-version":[{"id":31462,"href":"https:\/\/morenoprimero.com.ar\/archivo\/wp-json\/wp\/v2\/posts\/31443\/revisions\/31462"}],"wp:featuredmedia":[{"embeddable":true,"href":"https:\/\/morenoprimero.com.ar\/archivo\/wp-json\/wp\/v2\/media\/31447"}],"wp:attachment":[{"href":"https:\/\/morenoprimero.com.ar\/archivo\/wp-json\/wp\/v2\/media?parent=31443"}],"wp:term":[{"taxonomy":"category","embeddable":true,"href":"https:\/\/morenoprimero.com.ar\/archivo\/wp-json\/wp\/v2\/categories?post=31443"},{"taxonomy":"post_tag","embeddable":true,"href":"https:\/\/morenoprimero.com.ar\/archivo\/wp-json\/wp\/v2\/tags?post=31443"}],"curies":[{"name":"wp","href":"https:\/\/api.w.org\/{rel}","templated":true}]}}