{"id":31414,"date":"2022-08-23T20:01:54","date_gmt":"2022-08-23T23:01:54","guid":{"rendered":"https:\/\/morenoprimero.com.ar\/?p=31414"},"modified":"2022-08-23T20:01:55","modified_gmt":"2022-08-23T23:01:55","slug":"moreno-comenzo-la-renovacion-del-centro-comercial-en-trujui","status":"publish","type":"post","link":"https:\/\/morenoprimero.com.ar\/archivo\/moreno-comenzo-la-renovacion-del-centro-comercial-en-trujui\/","title":{"rendered":"Moreno: comenz\u00f3 la renovaci\u00f3n del centro comercial en Trujui"},"content":{"rendered":"\n<p>El Municipio de Moreno puso en marcha la obra de renovaci\u00f3n y puesta en valor del casco c\u00e9ntrico de la localidad de Trujui con el objetivo de embellecer la zona, mejorar la circulaci\u00f3n vehicular y peatonal y as\u00ed promover el desarrollo de la actividad comercial y la econom\u00eda local. Desde Ruta 23 hasta la calle Canad\u00e1, se colocar\u00e1n nuevas veredas, mobiliario urbano y luces LED.<\/p>\n\n\n\n<p>El proyecto contempla la colocaci\u00f3n de mobiliario urbano, luminarias led, nuevas veredas y parquizaci\u00f3n sobre 19 cuadras, desde la Ruta 23 hasta la calle Canad\u00e1. Un tramo fundamental ya que se trata de una de las arterias principales y casco c\u00e9ntrico de la localidad.<\/p>\n\n\n\n<p>De este modo, la gesti\u00f3n municipal encabezada por la intendenta Mariel Fern\u00e1ndez, trabaja en pos de mejorar la infraestructura de los barrios y la calidad de vida de las vecinas y vecinos de Moreno.<\/p>\n\n\n\n<figure class=\"wp-block-gallery has-nested-images columns-default is-cropped wp-block-gallery-1 is-layout-flex wp-block-gallery-is-layout-flex\">\n<figure class=\"wp-block-image size-large\"><a href=\"https:\/\/morenoprimero.com.ar\/wp-content\/uploads\/2022\/08\/WhatsApp-Image-2022-08-23-at-7.20.48-PM.jpeg\"><img loading=\"lazy\" decoding=\"async\" width=\"1024\" height=\"620\" data-id=\"31416\" src=\"https:\/\/morenoprimero.com.ar\/wp-content\/uploads\/2022\/08\/WhatsApp-Image-2022-08-23-at-7.20.48-PM-1024x620.jpeg\" alt=\"\" class=\"wp-image-31416\" srcset=\"https:\/\/morenoprimero.com.ar\/archivo\/wp-content\/uploads\/2022\/08\/WhatsApp-Image-2022-08-23-at-7.20.48-PM-1024x620.jpeg 1024w, https:\/\/morenoprimero.com.ar\/archivo\/wp-content\/uploads\/2022\/08\/WhatsApp-Image-2022-08-23-at-7.20.48-PM-300x182.jpeg 300w, https:\/\/morenoprimero.com.ar\/archivo\/wp-content\/uploads\/2022\/08\/WhatsApp-Image-2022-08-23-at-7.20.48-PM-768x465.jpeg 768w, https:\/\/morenoprimero.com.ar\/archivo\/wp-content\/uploads\/2022\/08\/WhatsApp-Image-2022-08-23-at-7.20.48-PM.jpeg 1181w\" sizes=\"auto, (max-width: 1024px) 100vw, 1024px\" \/><\/a><\/figure>\n\n\n\n<figure class=\"wp-block-image size-large\"><a href=\"https:\/\/morenoprimero.com.ar\/wp-content\/uploads\/2022\/08\/WhatsApp-Image-2022-08-23-at-7.20.47-PM-2.jpeg\"><img loading=\"lazy\" decoding=\"async\" width=\"1024\" height=\"576\" data-id=\"31418\" src=\"https:\/\/morenoprimero.com.ar\/wp-content\/uploads\/2022\/08\/WhatsApp-Image-2022-08-23-at-7.20.47-PM-2-1024x576.jpeg\" alt=\"\" class=\"wp-image-31418\" srcset=\"https:\/\/morenoprimero.com.ar\/archivo\/wp-content\/uploads\/2022\/08\/WhatsApp-Image-2022-08-23-at-7.20.47-PM-2-1024x576.jpeg 1024w, https:\/\/morenoprimero.com.ar\/archivo\/wp-content\/uploads\/2022\/08\/WhatsApp-Image-2022-08-23-at-7.20.47-PM-2-300x169.jpeg 300w, https:\/\/morenoprimero.com.ar\/archivo\/wp-content\/uploads\/2022\/08\/WhatsApp-Image-2022-08-23-at-7.20.47-PM-2-768x432.jpeg 768w, https:\/\/morenoprimero.com.ar\/archivo\/wp-content\/uploads\/2022\/08\/WhatsApp-Image-2022-08-23-at-7.20.47-PM-2.jpeg 1280w\" sizes=\"auto, (max-width: 1024px) 100vw, 1024px\" \/><\/a><\/figure>\n\n\n\n<figure class=\"wp-block-image size-large\"><a href=\"https:\/\/morenoprimero.com.ar\/wp-content\/uploads\/2022\/08\/WhatsApp-Image-2022-08-23-at-7.20.47-PM.jpeg\"><img loading=\"lazy\" decoding=\"async\" width=\"1024\" height=\"575\" data-id=\"31419\" src=\"https:\/\/morenoprimero.com.ar\/wp-content\/uploads\/2022\/08\/WhatsApp-Image-2022-08-23-at-7.20.47-PM-1024x575.jpeg\" alt=\"\" class=\"wp-image-31419\" srcset=\"https:\/\/morenoprimero.com.ar\/archivo\/wp-content\/uploads\/2022\/08\/WhatsApp-Image-2022-08-23-at-7.20.47-PM-1024x575.jpeg 1024w, https:\/\/morenoprimero.com.ar\/archivo\/wp-content\/uploads\/2022\/08\/WhatsApp-Image-2022-08-23-at-7.20.47-PM-300x169.jpeg 300w, https:\/\/morenoprimero.com.ar\/archivo\/wp-content\/uploads\/2022\/08\/WhatsApp-Image-2022-08-23-at-7.20.47-PM-768x431.jpeg 768w, https:\/\/morenoprimero.com.ar\/archivo\/wp-content\/uploads\/2022\/08\/WhatsApp-Image-2022-08-23-at-7.20.47-PM.jpeg 1280w\" sizes=\"auto, (max-width: 1024px) 100vw, 1024px\" \/><\/a><\/figure>\n<\/figure>\n\n\n\n<p><\/p>\n","protected":false},"excerpt":{"rendered":"<p>El Municipio de Moreno puso en marcha la obra de renovaci\u00f3n y puesta en valor del casco c\u00e9ntrico de la localidad de Trujui con el objetivo de embellecer la zona, mejorar la circulaci\u00f3n vehicular y peatonal y as\u00ed promover el &hellip; <a href=\"https:\/\/morenoprimero.com.ar\/archivo\/moreno-comenzo-la-renovacion-del-centro-comercial-en-trujui\/\">Sigue leyendo <span class=\"meta-nav\">&rarr;<\/span><\/a><\/p>\n","protected":false},"author":6,"featured_media":31417,"comment_status":"closed","ping_status":"closed","sticky":false,"template":"","format":"standard","meta":{"footnotes":""},"categories":[2328,2456],"tags":[],"class_list":["post-31414","post","type-post","status-publish","format-standard","has-post-thumbnail","hentry","category-local","category-trujui"],"_links":{"self":[{"href":"https:\/\/morenoprimero.com.ar\/archivo\/wp-json\/wp\/v2\/posts\/31414","targetHints":{"allow":["GET"]}}],"collection":[{"href":"https:\/\/morenoprimero.com.ar\/archivo\/wp-json\/wp\/v2\/posts"}],"about":[{"href":"https:\/\/morenoprimero.com.ar\/archivo\/wp-json\/wp\/v2\/types\/post"}],"author":[{"embeddable":true,"href":"https:\/\/morenoprimero.com.ar\/archivo\/wp-json\/wp\/v2\/users\/6"}],"replies":[{"embeddable":true,"href":"https:\/\/morenoprimero.com.ar\/archivo\/wp-json\/wp\/v2\/comments?post=31414"}],"version-history":[{"count":2,"href":"https:\/\/morenoprimero.com.ar\/archivo\/wp-json\/wp\/v2\/posts\/31414\/revisions"}],"predecessor-version":[{"id":31425,"href":"https:\/\/morenoprimero.com.ar\/archivo\/wp-json\/wp\/v2\/posts\/31414\/revisions\/31425"}],"wp:featuredmedia":[{"embeddable":true,"href":"https:\/\/morenoprimero.com.ar\/archivo\/wp-json\/wp\/v2\/media\/31417"}],"wp:attachment":[{"href":"https:\/\/morenoprimero.com.ar\/archivo\/wp-json\/wp\/v2\/media?parent=31414"}],"wp:term":[{"taxonomy":"category","embeddable":true,"href":"https:\/\/morenoprimero.com.ar\/archivo\/wp-json\/wp\/v2\/categories?post=31414"},{"taxonomy":"post_tag","embeddable":true,"href":"https:\/\/morenoprimero.com.ar\/archivo\/wp-json\/wp\/v2\/tags?post=31414"}],"curies":[{"name":"wp","href":"https:\/\/api.w.org\/{rel}","templated":true}]}}