{"id":31413,"date":"2022-08-25T10:35:36","date_gmt":"2022-08-25T13:35:36","guid":{"rendered":"https:\/\/morenoprimero.com.ar\/?p=31413"},"modified":"2022-08-25T10:35:37","modified_gmt":"2022-08-25T13:35:37","slug":"el-municipio-de-moreno-invita-a-la-comunidad-a-participar-de-las-charlas-informativas-sobre-el-programa-de-descenso-de-peso","status":"publish","type":"post","link":"https:\/\/morenoprimero.com.ar\/archivo\/el-municipio-de-moreno-invita-a-la-comunidad-a-participar-de-las-charlas-informativas-sobre-el-programa-de-descenso-de-peso\/","title":{"rendered":"El Municipio de Moreno invita a la comunidad a participar de las charlas informativas sobre el Programa de Descenso de Peso"},"content":{"rendered":"\n<p>El municipio de Moreno, a trav\u00e9s de la Secretar\u00eda de Salud, llevar\u00e1 adelante dos jornadas informativas abiertas a la comunidad para el ingreso al Programa de Descenso de Peso, el pr\u00f3ximo 5 y 8 de septiembre en el bar tem\u00e1tico del Polo Sanitario.<\/p>\n\n\n\n<p>En el marco del Programa Integral de Nutrici\u00f3n, las charlas sobre el tratamiento de la obesidad se realizar\u00e1n el d\u00eda 5 de septiembre, a las 9 horas, y el jueves 8 de septiembre, a las 14:30 horas, en el bar tem\u00e1tico del Polo Sanitario, ubicado en Avenida Libertador 750, Moreno Centro.<\/p>\n\n\n\n<p>Para participar y realizar consultas pueden comunicarse al tel\u00e9fono 0237 \u2013 4669100, interno 7002 o enviar un e-mail a tratamientodelaobesidadmoreno@gmail.com<\/p>\n\n\n\n<figure class=\"wp-block-image size-full\"><a href=\"https:\/\/morenoprimero.com.ar\/wp-content\/uploads\/2022\/08\/WhatsApp-Image-2022-08-23-at-7.20.46-PM.jpeg\"><img loading=\"lazy\" decoding=\"async\" width=\"526\" height=\"526\" src=\"https:\/\/morenoprimero.com.ar\/wp-content\/uploads\/2022\/08\/WhatsApp-Image-2022-08-23-at-7.20.46-PM.jpeg\" alt=\"\" class=\"wp-image-31422\" srcset=\"https:\/\/morenoprimero.com.ar\/archivo\/wp-content\/uploads\/2022\/08\/WhatsApp-Image-2022-08-23-at-7.20.46-PM.jpeg 526w, https:\/\/morenoprimero.com.ar\/archivo\/wp-content\/uploads\/2022\/08\/WhatsApp-Image-2022-08-23-at-7.20.46-PM-300x300.jpeg 300w, https:\/\/morenoprimero.com.ar\/archivo\/wp-content\/uploads\/2022\/08\/WhatsApp-Image-2022-08-23-at-7.20.46-PM-150x150.jpeg 150w\" sizes=\"auto, (max-width: 526px) 100vw, 526px\" \/><\/a><\/figure>\n","protected":false},"excerpt":{"rendered":"<p>El municipio de Moreno, a trav\u00e9s de la Secretar\u00eda de Salud, llevar\u00e1 adelante dos jornadas informativas abiertas a la comunidad para el ingreso al Programa de Descenso de Peso, el pr\u00f3ximo 5 y 8 de septiembre en el bar tem\u00e1tico &hellip; <a href=\"https:\/\/morenoprimero.com.ar\/archivo\/el-municipio-de-moreno-invita-a-la-comunidad-a-participar-de-las-charlas-informativas-sobre-el-programa-de-descenso-de-peso\/\">Sigue leyendo <span class=\"meta-nav\">&rarr;<\/span><\/a><\/p>\n","protected":false},"author":6,"featured_media":31464,"comment_status":"closed","ping_status":"closed","sticky":false,"template":"","format":"standard","meta":{"footnotes":""},"categories":[21],"tags":[6,101],"class_list":["post-31413","post","type-post","status-publish","format-standard","has-post-thumbnail","hentry","category-interes-general","tag-moreno","tag-secretaria-de-salud"],"_links":{"self":[{"href":"https:\/\/morenoprimero.com.ar\/archivo\/wp-json\/wp\/v2\/posts\/31413","targetHints":{"allow":["GET"]}}],"collection":[{"href":"https:\/\/morenoprimero.com.ar\/archivo\/wp-json\/wp\/v2\/posts"}],"about":[{"href":"https:\/\/morenoprimero.com.ar\/archivo\/wp-json\/wp\/v2\/types\/post"}],"author":[{"embeddable":true,"href":"https:\/\/morenoprimero.com.ar\/archivo\/wp-json\/wp\/v2\/users\/6"}],"replies":[{"embeddable":true,"href":"https:\/\/morenoprimero.com.ar\/archivo\/wp-json\/wp\/v2\/comments?post=31413"}],"version-history":[{"count":1,"href":"https:\/\/morenoprimero.com.ar\/archivo\/wp-json\/wp\/v2\/posts\/31413\/revisions"}],"predecessor-version":[{"id":31423,"href":"https:\/\/morenoprimero.com.ar\/archivo\/wp-json\/wp\/v2\/posts\/31413\/revisions\/31423"}],"wp:featuredmedia":[{"embeddable":true,"href":"https:\/\/morenoprimero.com.ar\/archivo\/wp-json\/wp\/v2\/media\/31464"}],"wp:attachment":[{"href":"https:\/\/morenoprimero.com.ar\/archivo\/wp-json\/wp\/v2\/media?parent=31413"}],"wp:term":[{"taxonomy":"category","embeddable":true,"href":"https:\/\/morenoprimero.com.ar\/archivo\/wp-json\/wp\/v2\/categories?post=31413"},{"taxonomy":"post_tag","embeddable":true,"href":"https:\/\/morenoprimero.com.ar\/archivo\/wp-json\/wp\/v2\/tags?post=31413"}],"curies":[{"name":"wp","href":"https:\/\/api.w.org\/{rel}","templated":true}]}}