{"id":31320,"date":"2022-08-19T14:57:41","date_gmt":"2022-08-19T17:57:41","guid":{"rendered":"https:\/\/morenoprimero.com.ar\/?p=31320"},"modified":"2022-08-19T15:07:49","modified_gmt":"2022-08-19T18:07:49","slug":"el-mercado-de-la-economia-popular-lanza-una-edicion-especial-por-el-dia-de-las-infancias","status":"publish","type":"post","link":"https:\/\/morenoprimero.com.ar\/archivo\/el-mercado-de-la-economia-popular-lanza-una-edicion-especial-por-el-dia-de-las-infancias\/","title":{"rendered":"El Mercado de la Econom\u00eda Popular lanza una edici\u00f3n especial por el D\u00eda de las Infancias"},"content":{"rendered":"\n<p>El Municipio de Moreno, a trav\u00e9s del IMDEL, realiza una jornada especial por el D\u00eda de las Infancias en el Mercado de la Econom\u00eda Popular en la plaza San Martin, este viernes 19 de agosto hasta las 17 horas.<\/p>\n\n\n\n<p>En el espacio que dispone la gesti\u00f3n municipal, en conexi\u00f3n con el Instituto Municipal de Desarrollo Econ\u00f3mico Local (IMDEL), se podr\u00e1n comprar regalos a precios accesibles para las y los m\u00e1s peque\u00f1os.<\/p>\n\n\n\n<p>De esta manera, el gobierno de Mariel Fern\u00e1ndez ofrece a la comunidad morenense un mercado con precios accesibles y una econom\u00eda m\u00e1s sana y justa para todos y todas, con el fin de fomentar y fortalecer la venta de productores, artesanos y emprendedores locales y regionales.<\/p>\n\n\n\n<figure class=\"wp-block-image size-full\"><a href=\"https:\/\/morenoprimero.com.ar\/wp-content\/uploads\/2022\/08\/WhatsApp-Image-2022-08-19-at-2.15.48-PM.jpeg\"><img loading=\"lazy\" decoding=\"async\" width=\"526\" height=\"526\" src=\"https:\/\/morenoprimero.com.ar\/wp-content\/uploads\/2022\/08\/WhatsApp-Image-2022-08-19-at-2.15.48-PM.jpeg\" alt=\"\" class=\"wp-image-31322\" srcset=\"https:\/\/morenoprimero.com.ar\/archivo\/wp-content\/uploads\/2022\/08\/WhatsApp-Image-2022-08-19-at-2.15.48-PM.jpeg 526w, https:\/\/morenoprimero.com.ar\/archivo\/wp-content\/uploads\/2022\/08\/WhatsApp-Image-2022-08-19-at-2.15.48-PM-300x300.jpeg 300w, https:\/\/morenoprimero.com.ar\/archivo\/wp-content\/uploads\/2022\/08\/WhatsApp-Image-2022-08-19-at-2.15.48-PM-150x150.jpeg 150w\" sizes=\"auto, (max-width: 526px) 100vw, 526px\" \/><\/a><\/figure>\n","protected":false},"excerpt":{"rendered":"<p>El Municipio de Moreno, a trav\u00e9s del IMDEL, realiza una jornada especial por el D\u00eda de las Infancias en el Mercado de la Econom\u00eda Popular en la plaza San Martin, este viernes 19 de agosto hasta las 17 horas. En &hellip; <a href=\"https:\/\/morenoprimero.com.ar\/archivo\/el-mercado-de-la-economia-popular-lanza-una-edicion-especial-por-el-dia-de-las-infancias\/\">Sigue leyendo <span class=\"meta-nav\">&rarr;<\/span><\/a><\/p>\n","protected":false},"author":6,"featured_media":31323,"comment_status":"closed","ping_status":"closed","sticky":false,"template":"","format":"standard","meta":{"footnotes":""},"categories":[1],"tags":[],"class_list":["post-31320","post","type-post","status-publish","format-standard","has-post-thumbnail","hentry","category-sin-categoria"],"_links":{"self":[{"href":"https:\/\/morenoprimero.com.ar\/archivo\/wp-json\/wp\/v2\/posts\/31320","targetHints":{"allow":["GET"]}}],"collection":[{"href":"https:\/\/morenoprimero.com.ar\/archivo\/wp-json\/wp\/v2\/posts"}],"about":[{"href":"https:\/\/morenoprimero.com.ar\/archivo\/wp-json\/wp\/v2\/types\/post"}],"author":[{"embeddable":true,"href":"https:\/\/morenoprimero.com.ar\/archivo\/wp-json\/wp\/v2\/users\/6"}],"replies":[{"embeddable":true,"href":"https:\/\/morenoprimero.com.ar\/archivo\/wp-json\/wp\/v2\/comments?post=31320"}],"version-history":[{"count":2,"href":"https:\/\/morenoprimero.com.ar\/archivo\/wp-json\/wp\/v2\/posts\/31320\/revisions"}],"predecessor-version":[{"id":31327,"href":"https:\/\/morenoprimero.com.ar\/archivo\/wp-json\/wp\/v2\/posts\/31320\/revisions\/31327"}],"wp:featuredmedia":[{"embeddable":true,"href":"https:\/\/morenoprimero.com.ar\/archivo\/wp-json\/wp\/v2\/media\/31323"}],"wp:attachment":[{"href":"https:\/\/morenoprimero.com.ar\/archivo\/wp-json\/wp\/v2\/media?parent=31320"}],"wp:term":[{"taxonomy":"category","embeddable":true,"href":"https:\/\/morenoprimero.com.ar\/archivo\/wp-json\/wp\/v2\/categories?post=31320"},{"taxonomy":"post_tag","embeddable":true,"href":"https:\/\/morenoprimero.com.ar\/archivo\/wp-json\/wp\/v2\/tags?post=31320"}],"curies":[{"name":"wp","href":"https:\/\/api.w.org\/{rel}","templated":true}]}}