{"id":31301,"date":"2022-08-23T12:42:13","date_gmt":"2022-08-23T15:42:13","guid":{"rendered":"https:\/\/morenoprimero.com.ar\/?p=31301"},"modified":"2022-08-23T12:42:14","modified_gmt":"2022-08-23T15:42:14","slug":"se-inauguro-la-segunda-etapa-del-parque-agrario-parque-del-oeste","status":"publish","type":"post","link":"https:\/\/morenoprimero.com.ar\/archivo\/se-inauguro-la-segunda-etapa-del-parque-agrario-parque-del-oeste\/","title":{"rendered":"Se inaugur\u00f3 la segunda etapa del Parque Agrario \u201cParque del Oeste\u201d"},"content":{"rendered":"\n<p>El proyecto tiene por objetivo la producci\u00f3n agroalimentaria de gesti\u00f3n cooperativa para aumentar la provisi\u00f3n local de alimentos, generar trabajo, promover circuitos cortos de comercializaci\u00f3n y pr\u00e1cticas agroecol\u00f3gicas<\/p>\n\n\n\n<p>Este jueves<strong> se inaugur\u00f3 la segunda etapa del Parque Agrario agroecol\u00f3gico \u201cParque del Oeste\u201d<\/strong> ubicado en Esopo 5051, barrio Parque del Oeste, localidad de Cuartel V. El proyecto inici\u00f3 en el a\u00f1o 2021 y tiene por objetivo la producci\u00f3n agroalimentaria de gesti\u00f3n cooperativa para aumentar la provisi\u00f3n local de alimentos frescos, generar trabajo para el sector de la econom\u00eda popular, promover los circuitos cortos de comercializaci\u00f3n y la implementaci\u00f3n de pr\u00e1cticas agroecol\u00f3gicas.<\/p>\n\n\n\n<p>La intendenta de Moreno, <strong>Mariel Fern\u00e1ndez<\/strong>, encabez\u00f3 el acto de inauguraci\u00f3n junto a referentes de las instituciones que impulsaron y ejecutaron el proyecto: <strong>Enrique Palmeyro<\/strong>, integrante de la Red de Intercambio T\u00e9cnico de la Econom\u00eda Popular (RITEP); <strong>Oscar Mi\u00f1arro<\/strong>, administrador de la Di\u00f3cesis Merlo-Moreno;<strong> Hip\u00f3lito Madariaga<\/strong>, referente de la rama agraria de la Uni\u00f3n de Trabajadores de la Econom\u00eda Popular (UTEP);<strong> Fernando \u201cChino\u201d Navarro<\/strong>, secretario de Desarrollo Comunitario y Relaciones con la Sociedad Civil; <strong>Miguel G\u00f3mez<\/strong>, subsecretario de Agricultura Familiar Campesina e Ind\u00edgena;<strong> Gustavo Grobocopatel<\/strong>, referente de Argentina Arm\u00f3nica;<strong> Victoria Palomino<\/strong>, presidenta de la Cooperativa \u201cMariano Moreno\u201d; <strong>Ezequiel Wainer<\/strong>, director de Agricultura Familiar y Asuntos Agrarios de la Provincia de Buenos Aires y<strong> Marisa Nallino<\/strong>, coordinadora del programa municipal de Incentivo a la Producci\u00f3n Agroalimentaria y t\u00e9cnica responsable del proyecto.<\/p>\n\n\n\n<figure class=\"wp-block-gallery has-nested-images columns-default is-cropped wp-block-gallery-1 is-layout-flex wp-block-gallery-is-layout-flex\">\n<figure class=\"wp-block-image size-large\"><a href=\"https:\/\/morenoprimero.com.ar\/wp-content\/uploads\/2022\/08\/Parque-del-Oeste-1.jpg\"><img loading=\"lazy\" decoding=\"async\" width=\"1024\" height=\"682\" data-id=\"31303\" src=\"https:\/\/morenoprimero.com.ar\/wp-content\/uploads\/2022\/08\/Parque-del-Oeste-1-1024x682.jpg\" alt=\"\" class=\"wp-image-31303\" srcset=\"https:\/\/morenoprimero.com.ar\/archivo\/wp-content\/uploads\/2022\/08\/Parque-del-Oeste-1-1024x682.jpg 1024w, https:\/\/morenoprimero.com.ar\/archivo\/wp-content\/uploads\/2022\/08\/Parque-del-Oeste-1-300x200.jpg 300w, https:\/\/morenoprimero.com.ar\/archivo\/wp-content\/uploads\/2022\/08\/Parque-del-Oeste-1-768x512.jpg 768w, https:\/\/morenoprimero.com.ar\/archivo\/wp-content\/uploads\/2022\/08\/Parque-del-Oeste-1.jpg 1280w\" sizes=\"auto, (max-width: 1024px) 100vw, 1024px\" \/><\/a><\/figure>\n\n\n\n<figure class=\"wp-block-image size-large\"><a href=\"https:\/\/morenoprimero.com.ar\/wp-content\/uploads\/2022\/08\/Parque-del-Oeste-3.jpg\"><img loading=\"lazy\" decoding=\"async\" width=\"1024\" height=\"682\" data-id=\"31304\" src=\"https:\/\/morenoprimero.com.ar\/wp-content\/uploads\/2022\/08\/Parque-del-Oeste-3-1024x682.jpg\" alt=\"\" class=\"wp-image-31304\" srcset=\"https:\/\/morenoprimero.com.ar\/archivo\/wp-content\/uploads\/2022\/08\/Parque-del-Oeste-3-1024x682.jpg 1024w, https:\/\/morenoprimero.com.ar\/archivo\/wp-content\/uploads\/2022\/08\/Parque-del-Oeste-3-300x200.jpg 300w, https:\/\/morenoprimero.com.ar\/archivo\/wp-content\/uploads\/2022\/08\/Parque-del-Oeste-3-768x512.jpg 768w, https:\/\/morenoprimero.com.ar\/archivo\/wp-content\/uploads\/2022\/08\/Parque-del-Oeste-3.jpg 1280w\" sizes=\"auto, (max-width: 1024px) 100vw, 1024px\" \/><\/a><\/figure>\n\n\n\n<figure class=\"wp-block-image size-large\"><a href=\"https:\/\/morenoprimero.com.ar\/wp-content\/uploads\/2022\/08\/Parque-del-Oeste-4.jpg\"><img loading=\"lazy\" decoding=\"async\" width=\"1024\" height=\"682\" data-id=\"31305\" src=\"https:\/\/morenoprimero.com.ar\/wp-content\/uploads\/2022\/08\/Parque-del-Oeste-4-1024x682.jpg\" alt=\"\" class=\"wp-image-31305\" srcset=\"https:\/\/morenoprimero.com.ar\/archivo\/wp-content\/uploads\/2022\/08\/Parque-del-Oeste-4-1024x682.jpg 1024w, https:\/\/morenoprimero.com.ar\/archivo\/wp-content\/uploads\/2022\/08\/Parque-del-Oeste-4-300x200.jpg 300w, https:\/\/morenoprimero.com.ar\/archivo\/wp-content\/uploads\/2022\/08\/Parque-del-Oeste-4-768x512.jpg 768w, https:\/\/morenoprimero.com.ar\/archivo\/wp-content\/uploads\/2022\/08\/Parque-del-Oeste-4.jpg 1280w\" sizes=\"auto, (max-width: 1024px) 100vw, 1024px\" \/><\/a><\/figure>\n<\/figure>\n\n\n\n<p>Esta segunda etapa comprende la puesta en marcha de los m\u00f3dulos de hidropon\u00eda y la conformaci\u00f3n del parque de maquinarias de la unidad productiva llevada adelante por la Cooperativa de Provisi\u00f3n de Servicios para Productores Rurales \u201cMariano Moreno\u201d en conjunto con el Municipio de Moreno, a trav\u00e9s del Instituto Municipal de Desarrollo Econ\u00f3mico Local. Actualmente, se producen 1.500 kg de alimentos por semana y se crearon 21 puestos de trabajo genuino, con proyecci\u00f3n de crear 50 puestos en total. En 700 m2 se realiza la producci\u00f3n de hortalizas de hoja en hidropon\u00eda y en 15.000 m2 cultivos bajo cubierta asociados con arom\u00e1ticas en producci\u00f3n agroecol\u00f3gica.<\/p>\n\n\n\n<p>\u201c<strong>Mi agradecimiento a todos los espacios que apoyaron el proyecto, principalmente a Enrique Palmeiro que siempre nos acompa\u00f1a y al Obispo Fernando Maletti, porque nosotros hace a\u00f1os ve\u00edamos que esta tierra estaba ociosa y hacer realidad el sue\u00f1o que ten\u00edamos de poder hacer algo fue posible cuando el Papa Francisco lo nombr\u00f3 Obispo a Fernando. \u00c9l fue el primero que confi\u00f3 en nosotros y en que pod\u00edamos desarrollar este trabajo<\/strong>\u201d afirm\u00f3 Mariel Fern\u00e1ndez y destac\u00f3: \u201c<strong>Mi agradecimiento, felicitaciones y reconocimiento a las compa\u00f1eras que trabajan todos los d\u00edas, porque, aunque tengamos los recursos y la infraestructura sin ellas que le ponen el cuerpo, las manos y le dedican horas, esto no es posible<\/strong>.\u201d<\/p>\n\n\n\n<p>\u201c<strong>Somos 20 mujeres y dos varones que llevamos el trabajo adelante d\u00eda a d\u00eda, que logramos hacer nuestras propias verduras y poder llevar a la comunidad. Es un gran orgullo el que tengo por el grupo de compa\u00f1eras y compa\u00f1eros que tengo y de todos los que nos apoyan, as\u00ed como el equipo del IMDEL<\/strong>\u201d, expres\u00f3 Victoria Palomino.<\/p>\n\n\n\n<p>Por su parte, Miguel G\u00f3mez se\u00f1al\u00f3: \u201c<strong>Este predio era un basural antes y por una voluntad pol\u00edtica de la intendenta se pudo trabajar con los due\u00f1os de la tierra y articular el Estado provincial, nacional, Argentina Arm\u00f3nica y el Municipio sobre una propuesta de producci\u00f3n de alimentos para el abastecimiento local. Seamos propagadores de esta experiencia en cada lugar en donde estemos, contemos que es posible producir alimentos sanos, que es posible construir trabajo desde la econom\u00eda popular y que es posible construir una Argentina nueva<\/strong>\u201d.<\/p>\n\n\n\n<p>Adem\u00e1s, Fernando \u201cChino\u201d Navarro, asegur\u00f3: \u201c<strong>Nadie se salva solo. Este acto tiene sentido porque una vez hab\u00eda un basural y ahora hay 40 invern\u00e1culos y dentro de seis o siete meses puede haber 50. Si esto produce a pleno es lo que da fuerza a que la organizaci\u00f3n popular, a que la credibilidad de la sociedad, de los sectores populares, de la comunidad organizada con el quehacer p\u00fablico y con la pol\u00edtica se vuelva a alinear en una misma avenida y transitemos juntos construir una Argentina donde la pobreza, la inequidad y la desesperanza sea un recuerdo y vivamos como corresponde, con dignidad, con certeza y sabiendo que ma\u00f1ana para nuestros pibes, para nosotros y nuestros abuelos va a ser mejor que hoy<\/strong>\u201d.<\/p>\n\n\n\n<p>Tambi\u00e9n estuvieron presentes autoridades nacionales, provinciales y municipales e integrantes de los distintos espacios e instituciones que participan del proyecto tales como la Universidad Nacional de Hurlingham; Universidad Nacional de General Sarmiento; Universidad Nacional de Luj\u00e1n y el Instituto Nacional de Tecnolog\u00eda Agropecuaria.<\/p>\n\n\n\n<p><\/p>\n\n\n\n<figure class=\"wp-block-image size-large\"><a href=\"https:\/\/morenoprimero.com.ar\/wp-content\/uploads\/2022\/08\/Parque-del-Oeste-2.jpg\"><img loading=\"lazy\" decoding=\"async\" width=\"1024\" height=\"682\" src=\"https:\/\/morenoprimero.com.ar\/wp-content\/uploads\/2022\/08\/Parque-del-Oeste-2-1024x682.jpg\" alt=\"\" class=\"wp-image-31307\" srcset=\"https:\/\/morenoprimero.com.ar\/archivo\/wp-content\/uploads\/2022\/08\/Parque-del-Oeste-2-1024x682.jpg 1024w, https:\/\/morenoprimero.com.ar\/archivo\/wp-content\/uploads\/2022\/08\/Parque-del-Oeste-2-300x200.jpg 300w, https:\/\/morenoprimero.com.ar\/archivo\/wp-content\/uploads\/2022\/08\/Parque-del-Oeste-2-768x512.jpg 768w, https:\/\/morenoprimero.com.ar\/archivo\/wp-content\/uploads\/2022\/08\/Parque-del-Oeste-2.jpg 1280w\" sizes=\"auto, (max-width: 1024px) 100vw, 1024px\" \/><\/a><\/figure>\n","protected":false},"excerpt":{"rendered":"<p>El proyecto tiene por objetivo la producci\u00f3n agroalimentaria de gesti\u00f3n cooperativa para aumentar la provisi\u00f3n local de alimentos, generar trabajo, promover circuitos cortos de comercializaci\u00f3n y pr\u00e1cticas agroecol\u00f3gicas Este jueves se inaugur\u00f3 la segunda etapa del Parque Agrario agroecol\u00f3gico \u201cParque &hellip; <a href=\"https:\/\/morenoprimero.com.ar\/archivo\/se-inauguro-la-segunda-etapa-del-parque-agrario-parque-del-oeste\/\">Sigue leyendo <span class=\"meta-nav\">&rarr;<\/span><\/a><\/p>\n","protected":false},"author":6,"featured_media":31302,"comment_status":"open","ping_status":"open","sticky":false,"template":"","format":"standard","meta":{"footnotes":""},"categories":[2328],"tags":[3360],"class_list":["post-31301","post","type-post","status-publish","format-standard","has-post-thumbnail","hentry","category-local","tag-parque-del-oeste"],"_links":{"self":[{"href":"https:\/\/morenoprimero.com.ar\/archivo\/wp-json\/wp\/v2\/posts\/31301","targetHints":{"allow":["GET"]}}],"collection":[{"href":"https:\/\/morenoprimero.com.ar\/archivo\/wp-json\/wp\/v2\/posts"}],"about":[{"href":"https:\/\/morenoprimero.com.ar\/archivo\/wp-json\/wp\/v2\/types\/post"}],"author":[{"embeddable":true,"href":"https:\/\/morenoprimero.com.ar\/archivo\/wp-json\/wp\/v2\/users\/6"}],"replies":[{"embeddable":true,"href":"https:\/\/morenoprimero.com.ar\/archivo\/wp-json\/wp\/v2\/comments?post=31301"}],"version-history":[{"count":2,"href":"https:\/\/morenoprimero.com.ar\/archivo\/wp-json\/wp\/v2\/posts\/31301\/revisions"}],"predecessor-version":[{"id":31310,"href":"https:\/\/morenoprimero.com.ar\/archivo\/wp-json\/wp\/v2\/posts\/31301\/revisions\/31310"}],"wp:featuredmedia":[{"embeddable":true,"href":"https:\/\/morenoprimero.com.ar\/archivo\/wp-json\/wp\/v2\/media\/31302"}],"wp:attachment":[{"href":"https:\/\/morenoprimero.com.ar\/archivo\/wp-json\/wp\/v2\/media?parent=31301"}],"wp:term":[{"taxonomy":"category","embeddable":true,"href":"https:\/\/morenoprimero.com.ar\/archivo\/wp-json\/wp\/v2\/categories?post=31301"},{"taxonomy":"post_tag","embeddable":true,"href":"https:\/\/morenoprimero.com.ar\/archivo\/wp-json\/wp\/v2\/tags?post=31301"}],"curies":[{"name":"wp","href":"https:\/\/api.w.org\/{rel}","templated":true}]}}