{"id":31204,"date":"2022-08-19T12:41:54","date_gmt":"2022-08-19T15:41:54","guid":{"rendered":"https:\/\/morenoprimero.com.ar\/?p=31204"},"modified":"2022-08-19T12:41:54","modified_gmt":"2022-08-19T15:41:54","slug":"la-agencia-nacional-de-seguridad-vial-capacito-y-entrego-cascos-a-trabajadores-y-trabajadoras-de-reparto-de-moreno","status":"publish","type":"post","link":"https:\/\/morenoprimero.com.ar\/archivo\/la-agencia-nacional-de-seguridad-vial-capacito-y-entrego-cascos-a-trabajadores-y-trabajadoras-de-reparto-de-moreno\/","title":{"rendered":"La Agencia Nacional de Seguridad Vial capacit\u00f3 y entreg\u00f3 cascos a trabajadores y trabajadoras de reparto de Moreno"},"content":{"rendered":"\n<p>La Agencia Nacional de Seguridad Vial (ANSV) -organismo del Ministerio de Transporte- capacit\u00f3, este martes 16 de agosto, a 100 trabajadores y trabajadoras de reparto en moto de Moreno. Al finalizar la instrucci\u00f3n, se le entreg\u00f3 a cada motociclista un casco homologado para que circulen protegidos. La capacitaci\u00f3n consiste en la conducci\u00f3n segura de motos -te\u00f3rica y pr\u00e1ctica- sobre cuestiones y aspectos b\u00e1sicos que hacen a un manejo adecuado de este tipo de veh\u00edculos. La jornada se realiz\u00f3 en la nueva pista de manejo de examen pr\u00e1ctico donde Mariel Fern\u00e1ndez destac\u00f3 las mejoras de infraestructura en la zona.<\/p>\n\n\n\n<p>Esta capacitaci\u00f3n y entrega de materiales corresponde al Programa Federal de Entrega de Cascos que lleva adelante la ANSV, con el objetivo de mejorar la seguridad vial de los usuarios de motos, como tambi\u00e9n, el concientizar y fomentar el uso del casco. Este programa comenz\u00f3 en diciembre de 2020 y desde entonces, 22 mil motociclistas de todo el pa\u00eds recibieron la capacitaci\u00f3n y el casco correspondiente.<\/p>\n\n\n\n<p>\u201cHoy en Moreno capacitamos en manejo seguro a quienes trabajan todos los d\u00edas arriba de una moto. Es fundamental que incorporen estos conocimientos como, por ejemplo, la posici\u00f3n correcta para conducir y las t\u00e9cnicas de frenado. Tambi\u00e9n recibieron un casco, que es el elemento de protecci\u00f3n m\u00e1s importante y que puede salvarles la vida ante un siniestro vial. Con estas acciones, continuamos llegando a motociclistas de todo el pa\u00eds con el \u00fanico objetivo de mejorar la seguridad vial de todos los argentinos\u201d, dijo el director ejecutivo de la ANSV, Pablo Mart\u00ednez Carignano.<\/p>\n\n\n\n<figure class=\"wp-block-gallery has-nested-images columns-default is-cropped wp-block-gallery-1 is-layout-flex wp-block-gallery-is-layout-flex\">\n<figure class=\"wp-block-image size-large\"><a href=\"https:\/\/morenoprimero.com.ar\/wp-content\/uploads\/2022\/08\/WhatsApp-Image-2022-08-17-at-2.44.13-PM-1.jpeg\"><img loading=\"lazy\" decoding=\"async\" width=\"1024\" height=\"682\" data-id=\"31216\" src=\"https:\/\/morenoprimero.com.ar\/wp-content\/uploads\/2022\/08\/WhatsApp-Image-2022-08-17-at-2.44.13-PM-1.jpeg\" alt=\"\" class=\"wp-image-31216\" srcset=\"https:\/\/morenoprimero.com.ar\/archivo\/wp-content\/uploads\/2022\/08\/WhatsApp-Image-2022-08-17-at-2.44.13-PM-1.jpeg 1024w, https:\/\/morenoprimero.com.ar\/archivo\/wp-content\/uploads\/2022\/08\/WhatsApp-Image-2022-08-17-at-2.44.13-PM-1-300x200.jpeg 300w, https:\/\/morenoprimero.com.ar\/archivo\/wp-content\/uploads\/2022\/08\/WhatsApp-Image-2022-08-17-at-2.44.13-PM-1-768x512.jpeg 768w\" sizes=\"auto, (max-width: 1024px) 100vw, 1024px\" \/><\/a><\/figure>\n\n\n\n<figure class=\"wp-block-image size-large\"><a href=\"https:\/\/morenoprimero.com.ar\/wp-content\/uploads\/2022\/08\/WhatsApp-Image-2022-08-17-at-2.44.13-PM-2.jpeg\"><img loading=\"lazy\" decoding=\"async\" width=\"1024\" height=\"682\" data-id=\"31213\" src=\"https:\/\/morenoprimero.com.ar\/wp-content\/uploads\/2022\/08\/WhatsApp-Image-2022-08-17-at-2.44.13-PM-2.jpeg\" alt=\"\" class=\"wp-image-31213\" srcset=\"https:\/\/morenoprimero.com.ar\/archivo\/wp-content\/uploads\/2022\/08\/WhatsApp-Image-2022-08-17-at-2.44.13-PM-2.jpeg 1024w, https:\/\/morenoprimero.com.ar\/archivo\/wp-content\/uploads\/2022\/08\/WhatsApp-Image-2022-08-17-at-2.44.13-PM-2-300x200.jpeg 300w, https:\/\/morenoprimero.com.ar\/archivo\/wp-content\/uploads\/2022\/08\/WhatsApp-Image-2022-08-17-at-2.44.13-PM-2-768x512.jpeg 768w\" sizes=\"auto, (max-width: 1024px) 100vw, 1024px\" \/><\/a><\/figure>\n<\/figure>\n\n\n\n<p><\/p>\n\n\n\n<p>Por su parte, la intendenta de Moreno, Mariel Fern\u00e1ndez, dijo: \u201cAgradecemos a la Agencia Nacional de Seguridad Vial por acercarnos estos materiales y la capacitaci\u00f3n que les va a facilitar el trabajo a nuestras vecinas y vecinos. Nos da alegr\u00eda porque de esta forma no solo mejoramos la seguridad vial de las y los trabajadores de reparto, sino tambi\u00e9n de todas las personas que transitan en nuestra ciudad\u201d.<br>La actividad se realiz\u00f3 en la nueva pista de manejo de examen pr\u00e1ctico ubicada en el Parque Industrial de la localidad de Trujui, instalada por el Municipio a trav\u00e9s de la Secretar\u00eda de Tr\u00e1nsito y Transporte para garantizar mayor seguridad y tranquilidad a quienes rindan las pruebas para evitar accidentes.<\/p>\n\n\n\n<p>En este sentido, la intendenta destac\u00f3 las mejoras que se realizaron en la zona: \u201cEs un orgullo poder contar con esta infraestructura y que le podamos brindar a los vecinos y vecinas de Moreno mejores condiciones. Pudimos atender la demanda de muchos a\u00f1os en la calle 2 de Abril, que conecta la Ruta 23 con Camino del Buen Aire, y lo hicimos con la asfaltera municipal; esto hace que ustedes puedan ingresar mejor a esta pista, promueve el crecimiento de este Parque Industrial que necesitaba mejorar este camino\u201d. Continu\u00f3 resaltando: \u201cnos da alegr\u00eda poder contar con infraestructura y materiales, y brindarle mejores condiciones de vida a nuestras vecinas y vecinos.\u201d<\/p>\n\n\n\n<figure class=\"wp-block-gallery has-nested-images columns-default is-cropped wp-block-gallery-2 is-layout-flex wp-block-gallery-is-layout-flex\">\n<figure class=\"wp-block-image size-large\"><a href=\"https:\/\/morenoprimero.com.ar\/wp-content\/uploads\/2022\/08\/WhatsApp-Image-2022-08-17-at-2.44.13-PM.jpeg\"><img loading=\"lazy\" decoding=\"async\" width=\"1024\" height=\"682\" data-id=\"31214\" src=\"https:\/\/morenoprimero.com.ar\/wp-content\/uploads\/2022\/08\/WhatsApp-Image-2022-08-17-at-2.44.13-PM.jpeg\" alt=\"\" class=\"wp-image-31214\" srcset=\"https:\/\/morenoprimero.com.ar\/archivo\/wp-content\/uploads\/2022\/08\/WhatsApp-Image-2022-08-17-at-2.44.13-PM.jpeg 1024w, https:\/\/morenoprimero.com.ar\/archivo\/wp-content\/uploads\/2022\/08\/WhatsApp-Image-2022-08-17-at-2.44.13-PM-300x200.jpeg 300w, https:\/\/morenoprimero.com.ar\/archivo\/wp-content\/uploads\/2022\/08\/WhatsApp-Image-2022-08-17-at-2.44.13-PM-768x512.jpeg 768w\" sizes=\"auto, (max-width: 1024px) 100vw, 1024px\" \/><\/a><\/figure>\n\n\n\n<figure class=\"wp-block-image size-large\"><a href=\"https:\/\/morenoprimero.com.ar\/wp-content\/uploads\/2022\/08\/WhatsApp-Image-2022-08-17-at-2.44.12-PM.jpeg\"><img loading=\"lazy\" decoding=\"async\" width=\"1024\" height=\"682\" data-id=\"31215\" src=\"https:\/\/morenoprimero.com.ar\/wp-content\/uploads\/2022\/08\/WhatsApp-Image-2022-08-17-at-2.44.12-PM.jpeg\" alt=\"\" class=\"wp-image-31215\" srcset=\"https:\/\/morenoprimero.com.ar\/archivo\/wp-content\/uploads\/2022\/08\/WhatsApp-Image-2022-08-17-at-2.44.12-PM.jpeg 1024w, https:\/\/morenoprimero.com.ar\/archivo\/wp-content\/uploads\/2022\/08\/WhatsApp-Image-2022-08-17-at-2.44.12-PM-300x200.jpeg 300w, https:\/\/morenoprimero.com.ar\/archivo\/wp-content\/uploads\/2022\/08\/WhatsApp-Image-2022-08-17-at-2.44.12-PM-768x512.jpeg 768w\" sizes=\"auto, (max-width: 1024px) 100vw, 1024px\" \/><\/a><\/figure>\n<\/figure>\n\n\n\n<p><\/p>\n\n\n\n<p>Seg\u00fan las estad\u00edsticas del Observatorio Vial de la ANSV correspondientes al a\u00f1o 2021, las y los motociclistas representaron el 46% de las v\u00edctimas fatales en siniestros viales, en su mayor\u00eda hombres y menores de 35 a\u00f1os. Seg\u00fan la Organizaci\u00f3n Mundial de la Salud (OMS), usar casco de buena calidad y de la medida adecuada reduce en un 40% los riesgos de muerte y hasta un 70% las probabilidades de lesiones graves.<\/p>\n\n\n\n<p>Durante la jornada, el equipo del \u00c1rea de Seguridad de Motociclistas de la ANSV, tambi\u00e9n brind\u00f3 una capacitaci\u00f3n para las y los examinadores del Centro Emisor de Licencias de conducir (CEL) y para agentes de Tr\u00e1nsito motorizados de Moreno. En cuanto a los examinadores, la finalidad es brindar las herramientas necesarias para fortalecer la evaluaci\u00f3n pr\u00e1ctica de futuros motociclistas que obtengan su licencia de conducir.<\/p>\n","protected":false},"excerpt":{"rendered":"<p>La Agencia Nacional de Seguridad Vial (ANSV) -organismo del Ministerio de Transporte- capacit\u00f3, este martes 16 de agosto, a 100 trabajadores y trabajadoras de reparto en moto de Moreno. Al finalizar la instrucci\u00f3n, se le entreg\u00f3 a cada motociclista un &hellip; <a href=\"https:\/\/morenoprimero.com.ar\/archivo\/la-agencia-nacional-de-seguridad-vial-capacito-y-entrego-cascos-a-trabajadores-y-trabajadoras-de-reparto-de-moreno\/\">Sigue leyendo <span class=\"meta-nav\">&rarr;<\/span><\/a><\/p>\n","protected":false},"author":6,"featured_media":31212,"comment_status":"closed","ping_status":"closed","sticky":false,"template":"","format":"standard","meta":{"footnotes":""},"categories":[2328],"tags":[4182,276,6],"class_list":["post-31204","post","type-post","status-publish","format-standard","has-post-thumbnail","hentry","category-local","tag-agencia-nacional-de-seguridad-vial","tag-mariel-fernandez","tag-moreno"],"_links":{"self":[{"href":"https:\/\/morenoprimero.com.ar\/archivo\/wp-json\/wp\/v2\/posts\/31204","targetHints":{"allow":["GET"]}}],"collection":[{"href":"https:\/\/morenoprimero.com.ar\/archivo\/wp-json\/wp\/v2\/posts"}],"about":[{"href":"https:\/\/morenoprimero.com.ar\/archivo\/wp-json\/wp\/v2\/types\/post"}],"author":[{"embeddable":true,"href":"https:\/\/morenoprimero.com.ar\/archivo\/wp-json\/wp\/v2\/users\/6"}],"replies":[{"embeddable":true,"href":"https:\/\/morenoprimero.com.ar\/archivo\/wp-json\/wp\/v2\/comments?post=31204"}],"version-history":[{"count":2,"href":"https:\/\/morenoprimero.com.ar\/archivo\/wp-json\/wp\/v2\/posts\/31204\/revisions"}],"predecessor-version":[{"id":31219,"href":"https:\/\/morenoprimero.com.ar\/archivo\/wp-json\/wp\/v2\/posts\/31204\/revisions\/31219"}],"wp:featuredmedia":[{"embeddable":true,"href":"https:\/\/morenoprimero.com.ar\/archivo\/wp-json\/wp\/v2\/media\/31212"}],"wp:attachment":[{"href":"https:\/\/morenoprimero.com.ar\/archivo\/wp-json\/wp\/v2\/media?parent=31204"}],"wp:term":[{"taxonomy":"category","embeddable":true,"href":"https:\/\/morenoprimero.com.ar\/archivo\/wp-json\/wp\/v2\/categories?post=31204"},{"taxonomy":"post_tag","embeddable":true,"href":"https:\/\/morenoprimero.com.ar\/archivo\/wp-json\/wp\/v2\/tags?post=31204"}],"curies":[{"name":"wp","href":"https:\/\/api.w.org\/{rel}","templated":true}]}}