{"id":31022,"date":"2022-08-10T18:03:43","date_gmt":"2022-08-10T21:03:43","guid":{"rendered":"https:\/\/morenoprimero.com.ar\/?p=31022"},"modified":"2022-08-10T18:03:43","modified_gmt":"2022-08-10T21:03:43","slug":"kicillof-el-gobierno-anterior-cerraba-escuelas-nosotros-las-abrimos","status":"publish","type":"post","link":"https:\/\/morenoprimero.com.ar\/archivo\/kicillof-el-gobierno-anterior-cerraba-escuelas-nosotros-las-abrimos\/","title":{"rendered":"Kicillof: \u00abEl Gobierno anterior cerraba escuelas, nosotros las abrimos\u00bb"},"content":{"rendered":"\n<p>Con una inversi\u00f3n de $129 millones, el gobernador bonaerense entreg\u00f3 21 combis a establecimientos de educaci\u00f3n especial durante un acto que se realiz\u00f3 en el municipio de Ensenada, donde se\u00f1al\u00f3 que el gobierno anterior no invirti\u00f3 en educaci\u00f3n y \u00abgast\u00f3 ese dinero en la timba financiera\u00bb.<\/p>\n\n\n\n<p>El gobernador bonaerense, Axel Kicillof, entreg\u00f3 este martes 21 combis a establecimientos de educaci\u00f3n especial durante un acto que se realiz\u00f3 en el municipio de Ensenada, donde asegur\u00f3 que mientras el Gobierno anterior cerraba escuelas, el suyo abre nuevas e invierte en el \u00e1rea.<\/p>\n\n\n\n<p>En el marco del D\u00eda Nacional de la Educaci\u00f3n Especial, el mandatario expres\u00f3 que<strong>&nbsp;\u00abestas camionetas son para trasladar desde sus domicilios a la escuela a quienes tienen dificultades, pero tambi\u00e9n sirven para actividades como hacer paseos, excursiones a museos o lugares de entretenimiento o educativos\u00bb.<\/strong><\/p>\n\n\n\n<p>Desde el Poder Ejecutivo se precis\u00f3 que en territorio bonaerense hay 600 escuelas de modalidad especial con 90.000 estudiantes.<\/p>\n\n\n\n<p>En la primera entrega masiva de veh\u00edculos realizada desde el gobierno, se otorgaron hoy 21 combis Mercedes Benz Sprinter 0km, cuyo combustible costear\u00e1 el Estado.<\/p>\n\n\n\n<p><strong>Con una inversi\u00f3n de $129 millones<\/strong>, se otorgaron combis para colegios de La Plata, Coronel Brandsen, Quilmes, Tigre, San Clemente, General Pueyrredon, General Alvarado, Villarino, Azul, Adolfo Gonzales Chaves, Ayacucho, Almirante Brown, Azul, Bragado, Daireaux, Ensenada, Ezeiza, Moreno, La Costa, La Matanza, Lomas de Zamora.<\/p>\n\n\n\n<p>Los veh\u00edculos tienen capacidad para 15 estudiantes y un docente, y est\u00e1n equipadas con rampa electr\u00f3nica, seg\u00fan indicaron fuentes oficiales.<\/p>\n\n\n\n<p>Acompa\u00f1ado por el director general de Cultura y Educaci\u00f3n, Alberto Sileoni, y el intendente Mario Secco, Kicillof dijo en su discurso que<strong>&nbsp;\u00abdurante el gobierno peronista de N\u00e9stor y Cristina, que dur\u00f3 12 a\u00f1os, se distribuyeron 200 camionetas en la provincia\u00bb.<\/strong><\/p>\n\n\n\n<p><strong>\u00abDespu\u00e9s vino un gobierno al que si algo no le falt\u00f3 fue plata, pero no compr\u00f3 ni una camioneta sino que gast\u00f3 ese dinero en timba financiera\u00bb,<\/strong>&nbsp;razon\u00f3.<\/p>\n\n\n\n<p>En ese contexto, el gobernador plante\u00f3 que durante su administraci\u00f3n \u00abtoc\u00f3 pandemia y guerra, sumado al desastre que hab\u00eda dejado\u00bb el Gobierno de Cambiemos, pese a lo cual \u00abfestejamos haciendo lo que debemos hacer: reconocer derechos de aquellos que lo necesitan\u00bb.<\/p>\n\n\n\n<p><strong>\u00abEl gobierno anterior cerraba escuelas, nosotros abrimos escuelas y seguimos invirtiendo.<\/strong>&nbsp;Falta un mont\u00f3n, pero eso no nos quita la obligaci\u00f3n de ir recorriendo el camino de la recuperaci\u00f3n, del reconocimiento y de la justicia social\u00bb, prosigui\u00f3.<\/p>\n\n\n\n<p>Cuestion\u00f3 despu\u00e9s a quienes se refieren a los \u00abcostos\u00bb que implican para el Estado ese tipo de inversiones y evalu\u00f3 que \u00absi uno se pone con la calculadora y mirada fr\u00eda, termina como el gobierno anterior: tachando renglones de los que no considera imprescindibles\u00bb.<\/p>\n\n\n\n<p><strong>\u00abCuando hay una necesidad, hay un derecho. Donde hay un derecho, hay una obligaci\u00f3n del Estado de reconocerlo y de acompa\u00f1arlo.&nbsp;<\/strong>Para nosotros no son un rengl\u00f3n de costo sino una prioridad en la educaci\u00f3n\u00bb, complet\u00f3 Kicillof y subray\u00f3 que continuar\u00e1 \u00abtrabajando para reconocer los derechos de quienes m\u00e1s los necesitan y tengan un futuro mejor\u00bb.<\/p>\n\n\n\n<p>En ese marco,&nbsp;<strong>Sileoni indic\u00f3 que \u00abestos maestros y maestras trabajan con estos pibes orgullosamente\u00bb&nbsp;<\/strong>y apunt\u00f3 que \u00aben las escuelas especiales se ense\u00f1a y se aprende como en el resto del sistema educativo\u00bb.<\/p>\n\n\n\n<p>Luego, puso de relieve: \u00abtodos tenemos diferencias, \u00e9stas no anulan los v\u00ednculos sino que nos hacen mejores\u00bb y celebr\u00f3 las diferencias, \u00abporque somos iguales en la condici\u00f3n humana\u00bb.<\/p>\n\n\n\n<p>El funcionario record\u00f3 que \u00abla \u00faltima entrega grande de combis la hizo Cristina Fern\u00e1ndez de Kirchner en 2010. Entre 2016 y 2019 hubo cero entregas\u00bb y concluy\u00f3: \u00abAc\u00e1 est\u00e1 el Estado detr\u00e1s de lo \u00fanico importante: los pibes\u00bb.<\/p>\n\n\n\n<p>A su turno,<strong>&nbsp;Secco manifest\u00f3 que \u00absi tenemos educaci\u00f3n competitiva es para que nuestros hijos sean m\u00e1s capaces que nosotros\u00bb<\/strong>&nbsp;y a\u00f1adi\u00f3 que \u00abotorgar herramientas como estas, para ir a buscar a los chicos que viven lejos y tienen problemas para llegar, les da la posibilidad de acceder a la escuela\u00bb.<\/p>\n\n\n\n<p>\u00abEsto es hermoso. Estas 21 camionetas ser\u00e1n entregadas a sus escuelas para seguir creciendo y mejorando\u00bb, cerr\u00f3.<\/p>\n\n\n\n<p>Desde la administraci\u00f3n bonaerense se resalt\u00f3 que<strong>&nbsp;el transporte escolar es de suma importancia para sostener la continuidad pedag\u00f3gica y participar en salidas educativas, en especial para los alumnos con discapacidad motriz.<\/strong><\/p>\n\n\n\n<p>En cada camioneta se trasladan, en promedio, 25 estudiantes por d\u00eda acompa\u00f1ados por docentes del establecimiento al que asisten. Durante la pandemia, las camionetas de Transporte Oficial se usaron para entregar alimentos y material educativo a las familias.<\/p>\n","protected":false},"excerpt":{"rendered":"<p>Con una inversi\u00f3n de $129 millones, el gobernador bonaerense entreg\u00f3 21 combis a establecimientos de educaci\u00f3n especial durante un acto que se realiz\u00f3 en el municipio de Ensenada, donde se\u00f1al\u00f3 que el gobierno anterior no invirti\u00f3 en educaci\u00f3n y \u00abgast\u00f3 &hellip; <a href=\"https:\/\/morenoprimero.com.ar\/archivo\/kicillof-el-gobierno-anterior-cerraba-escuelas-nosotros-las-abrimos\/\">Sigue leyendo <span class=\"meta-nav\">&rarr;<\/span><\/a><\/p>\n","protected":false},"author":6,"featured_media":31023,"comment_status":"open","ping_status":"open","sticky":false,"template":"","format":"standard","meta":{"footnotes":""},"categories":[2329],"tags":[132],"class_list":["post-31022","post","type-post","status-publish","format-standard","has-post-thumbnail","hentry","category-provincial","tag-axel-kicillof"],"_links":{"self":[{"href":"https:\/\/morenoprimero.com.ar\/archivo\/wp-json\/wp\/v2\/posts\/31022","targetHints":{"allow":["GET"]}}],"collection":[{"href":"https:\/\/morenoprimero.com.ar\/archivo\/wp-json\/wp\/v2\/posts"}],"about":[{"href":"https:\/\/morenoprimero.com.ar\/archivo\/wp-json\/wp\/v2\/types\/post"}],"author":[{"embeddable":true,"href":"https:\/\/morenoprimero.com.ar\/archivo\/wp-json\/wp\/v2\/users\/6"}],"replies":[{"embeddable":true,"href":"https:\/\/morenoprimero.com.ar\/archivo\/wp-json\/wp\/v2\/comments?post=31022"}],"version-history":[{"count":1,"href":"https:\/\/morenoprimero.com.ar\/archivo\/wp-json\/wp\/v2\/posts\/31022\/revisions"}],"predecessor-version":[{"id":31024,"href":"https:\/\/morenoprimero.com.ar\/archivo\/wp-json\/wp\/v2\/posts\/31022\/revisions\/31024"}],"wp:featuredmedia":[{"embeddable":true,"href":"https:\/\/morenoprimero.com.ar\/archivo\/wp-json\/wp\/v2\/media\/31023"}],"wp:attachment":[{"href":"https:\/\/morenoprimero.com.ar\/archivo\/wp-json\/wp\/v2\/media?parent=31022"}],"wp:term":[{"taxonomy":"category","embeddable":true,"href":"https:\/\/morenoprimero.com.ar\/archivo\/wp-json\/wp\/v2\/categories?post=31022"},{"taxonomy":"post_tag","embeddable":true,"href":"https:\/\/morenoprimero.com.ar\/archivo\/wp-json\/wp\/v2\/tags?post=31022"}],"curies":[{"name":"wp","href":"https:\/\/api.w.org\/{rel}","templated":true}]}}