{"id":31019,"date":"2022-08-10T18:00:15","date_gmt":"2022-08-10T21:00:15","guid":{"rendered":"https:\/\/morenoprimero.com.ar\/?p=31019"},"modified":"2022-08-10T18:00:16","modified_gmt":"2022-08-10T21:00:16","slug":"alberto-fernandez-con-el-gas-tenemos-una-oportunidad-historica-y-unica-como-pais","status":"publish","type":"post","link":"https:\/\/morenoprimero.com.ar\/archivo\/alberto-fernandez-con-el-gas-tenemos-una-oportunidad-historica-y-unica-como-pais\/","title":{"rendered":"Alberto Fern\u00e1ndez: \u00abCon el gas, tenemos una oportunidad hist\u00f3rica y \u00fanica como pa\u00eds\u00bb"},"content":{"rendered":"\n<p>El Presidente encabez\u00f3 la ceremonia en la que se firmaron los contratos para la construcci\u00f3n del gasoducto Presidente N\u00e9stor Kirchner con la que se da por finalizado el proceso licitatorio y se pondr\u00e1n en marcha los trabajos de la primera etapa.<\/p>\n\n\n\n<p>El presidente Alberto Fern\u00e1ndez afirm\u00f3 este mi\u00e9rcoles que la Argentina \u00abtiene una oportunidad hist\u00f3rica y \u00fanica\u00bb en materia de producci\u00f3n de gas, al encabezar en la localidad bonaerense de Salliquel\u00f3 la firma de contratos para la construcci\u00f3n del gasoducto Presidente N\u00e9stor Kirchner y manifest\u00f3 que \u00abno queremos nunca m\u00e1s\u00bb que \u00ablas tarifas en la Argentina est\u00e9n dolarizadas\u00bb.<\/p>\n\n\n\n<p>\u00abTenemos una gran oportunidad como pa\u00eds; podemos convertirnos en proveedores de gas en todo el mundo\u00bb, dijo el mandatario en el acto, acompa\u00f1ado por los ministros de Econom\u00eda, Sergio Massa, y de Interior, Eduardo \u00abWado\u00bb de Pedro; los gobernadores Axel Kicillof (Buenos Aires), Sergio Ziliotto (La Pampa) y Omar Guti\u00e9rrez (Neuqu\u00e9n), el vicegobernador de R\u00edo Negro, Alejandro Palmieri y los funcionarios del \u00e1rea de Energ\u00eda.<\/p>\n\n\n\n<p>En su primera etapa,&nbsp;<strong>la obra permitir\u00e1 incrementar la capacidad de transporte en 24 millones de metros c\u00fabicos (m3) de gas diarios para reemplazar la importaci\u00f3n de combustibles<\/strong>&nbsp;y se extender\u00e1 a lo largo de 558 kil\u00f3metros con una inversi\u00f3n estimada en US$ 1.500 millones.<\/p>\n\n\n\n<p>La obra conectar\u00e1 la zona de producci\u00f3n de hidrocarburos no convencionales de Vaca Muerta, en la localidad de Tratay\u00e9n, en Neuqu\u00e9n, y permitir\u00e1 ampliar un 25% la capacidad del sistema de transporte de gas natural y ayudar\u00e1 a desarrollar la producci\u00f3n creciente en el yacimiento.<\/p>\n\n\n\n<p>El Presidente remarc\u00f3 que el gasoducto es \u00abuna obra fundamental\u00bb, destac\u00f3 que actualmente se registra un \u00abr\u00e9cord de producci\u00f3n de gas en la historia argentina\u00bb y dijo que el pa\u00eds \u00abtiene el insumo central que ha sido declarado por la Uni\u00f3n Europea como energ\u00eda de transici\u00f3n hacia las energ\u00edas renovables\u00bb.<\/p>\n\n\n\n<p>\u00ab<strong>No queremos que las tarifas en la Argentina est\u00e9n dolarizadas. Nunca m\u00e1s las tarifas dolarizadas. Tenemos nuestro gas que podemos distribuir y que los argentinos nos paguen en pesos, a precios razonables<\/strong>\u00ab, sostuvo el primer mandatario durante el acto, en el que destac\u00f3 que la obra del gasoducto \u00able hace falta a la Argentina, no al Gobierno de Alberto Fern\u00e1ndez\u00bb.<\/p>\n\n\n\n<p>Asimismo, asegur\u00f3: \u00abTenemos un futuro pr\u00f3spero que no debemos desaprovechar y por eso debemos trabajar todos unidos, tanto empresarios, funcionarios y trabajadores\u00bb.<\/p>\n\n\n\n<h2 class=\"wp-block-heading\">\u00abTenemos que transformar nuestros recursos en riqueza y desarrollo\u00bb<\/h2>\n\n\n\n<p>En el acto tambi\u00e9n habl\u00f3 el ministro de Econom\u00eda, quien coincidi\u00f3 en cuestionar la pol\u00edtica energ\u00e9tica y la inversi\u00f3n en infraestructura de Cambiemos al se\u00f1alar que \u00abnos hubi\u00e9ramos ahorrado la mayor\u00eda de los 4.100 millones de d\u00f3lares que nos cost\u00f3 la guerra si este gasoducto ya se hubiese hecho, porque estar\u00edan fluyendo m\u00e1s de 11 millones de metros c\u00fabicos de gas desde Vaca Muerta\u00bb y remarc\u00f3 que \u00abesa es la importancia estrat\u00e9gica de este gasoducto\u00bb.<\/p>\n\n\n\n<p>Massa agreg\u00f3 que \u00abel Estado garantiza que tiene los fondos para sostener esta obra\u00bb que\u00a0<strong>\u00abnos va a permitir el a\u00f1o que viene ahorrar 1.300 millones de d\u00f3lares en importaci\u00f3n\u00bb<\/strong>\u00a0y \u00abadem\u00e1s significa empleo con casi 10 mil puestos de trabajo\u00bb.<\/p>\n\n\n\n<p>\u00abHoy estamos firmando el contrato del primer tramo, esperemos que en no m\u00e1s de 30 d\u00edas estemos licitando la ingenier\u00eda del segundo\u00bb, dijo.<\/p>\n\n\n\n<p>El jefe del Palacio de Hacienda enfatiz\u00f3 que los argentinos&nbsp;<strong>\u00abtenemos que transformar nuestros recursos en riqueza y desarrollo\u00bb<\/strong>, adem\u00e1s de remarcar que \u00abla energ\u00eda es uno de los cuatro grandes jugadores de la econom\u00eda mundial con la agroindustria, el conocimiento y los minerales\u00bb.<\/p>\n\n\n\n<p>\u00abNuestro d\u00eda a d\u00eda nos impide ver qu\u00e9 est\u00e1 pasando en el mundo\u00bb, advirti\u00f3 al hablar en la localidad bonaerense de Salliquel\u00f3, en el acto de firma del contrato para la construcci\u00f3n del gasoducto, en referencia a los cortes en el suministro de gas y electricidad en varios pa\u00edses de Europa, en \u00abun escenario que tiene precios para los pa\u00edses\u00bb.<\/p>\n\n\n\n<p>Al respecto, manifest\u00f3 que \u00abla guerra le est\u00e1 costando a todos los pa\u00edses del mundo en t\u00e9rminos econ\u00f3micos y en t\u00e9rminos energ\u00e9ticos\u00bb, y en ese sentido se pregunt\u00f3 \u00abc\u00f3mo nos hubiese ido si este gasoducto ya estuviese hecho, si esos 11 millones de metros c\u00fabicos por d\u00eda de m\u00ednima hubiesen estado hoy al servicio de los argentinos\u00bb.<\/p>\n","protected":false},"excerpt":{"rendered":"<p>El Presidente encabez\u00f3 la ceremonia en la que se firmaron los contratos para la construcci\u00f3n del gasoducto Presidente N\u00e9stor Kirchner con la que se da por finalizado el proceso licitatorio y se pondr\u00e1n en marcha los trabajos de la primera &hellip; <a href=\"https:\/\/morenoprimero.com.ar\/archivo\/alberto-fernandez-con-el-gas-tenemos-una-oportunidad-historica-y-unica-como-pais\/\">Sigue leyendo <span class=\"meta-nav\">&rarr;<\/span><\/a><\/p>\n","protected":false},"author":6,"featured_media":31020,"comment_status":"open","ping_status":"open","sticky":false,"template":"","format":"standard","meta":{"footnotes":""},"categories":[2330],"tags":[645,132],"class_list":["post-31019","post","type-post","status-publish","format-standard","has-post-thumbnail","hentry","category-nacional","tag-alberto-fernandez-2","tag-axel-kicillof"],"_links":{"self":[{"href":"https:\/\/morenoprimero.com.ar\/archivo\/wp-json\/wp\/v2\/posts\/31019","targetHints":{"allow":["GET"]}}],"collection":[{"href":"https:\/\/morenoprimero.com.ar\/archivo\/wp-json\/wp\/v2\/posts"}],"about":[{"href":"https:\/\/morenoprimero.com.ar\/archivo\/wp-json\/wp\/v2\/types\/post"}],"author":[{"embeddable":true,"href":"https:\/\/morenoprimero.com.ar\/archivo\/wp-json\/wp\/v2\/users\/6"}],"replies":[{"embeddable":true,"href":"https:\/\/morenoprimero.com.ar\/archivo\/wp-json\/wp\/v2\/comments?post=31019"}],"version-history":[{"count":1,"href":"https:\/\/morenoprimero.com.ar\/archivo\/wp-json\/wp\/v2\/posts\/31019\/revisions"}],"predecessor-version":[{"id":31021,"href":"https:\/\/morenoprimero.com.ar\/archivo\/wp-json\/wp\/v2\/posts\/31019\/revisions\/31021"}],"wp:featuredmedia":[{"embeddable":true,"href":"https:\/\/morenoprimero.com.ar\/archivo\/wp-json\/wp\/v2\/media\/31020"}],"wp:attachment":[{"href":"https:\/\/morenoprimero.com.ar\/archivo\/wp-json\/wp\/v2\/media?parent=31019"}],"wp:term":[{"taxonomy":"category","embeddable":true,"href":"https:\/\/morenoprimero.com.ar\/archivo\/wp-json\/wp\/v2\/categories?post=31019"},{"taxonomy":"post_tag","embeddable":true,"href":"https:\/\/morenoprimero.com.ar\/archivo\/wp-json\/wp\/v2\/tags?post=31019"}],"curies":[{"name":"wp","href":"https:\/\/api.w.org\/{rel}","templated":true}]}}