{"id":3094,"date":"2020-09-25T15:41:54","date_gmt":"2020-09-25T15:41:54","guid":{"rendered":"https:\/\/morenoprimero.com.ar\/?p=3094"},"modified":"2020-09-25T15:41:54","modified_gmt":"2020-09-25T15:41:54","slug":"el-ministro-arroyo-tiene-covid","status":"publish","type":"post","link":"https:\/\/morenoprimero.com.ar\/archivo\/el-ministro-arroyo-tiene-covid\/","title":{"rendered":"EL MINISTRO ARROYO TIENE COVID"},"content":{"rendered":"\n<h4 class=\"wp-block-heading\"><strong>A trav\u00e9s de un tweet en su cuenta personal, Daniel Arroyo, el ministro de Desarrollo Social, hizo de p\u00fablico conocimiento que tiene Coronavirus.<\/strong><\/h4>\n\n\n\n<p>A trav\u00e9s de su cuenta en la red social&nbsp;Twitter el <strong>ministro de Desarrollo Social<\/strong>,&nbsp;Daniel Arroyo, inform\u00f3 que dio positivo de&nbsp;<strong>Covid-19<\/strong> por lo que permanecer\u00e1 aislado.<\/p>\n\n\n\n<p>\u00abQuiero contarles que di positivo de <strong>COVID-19<\/strong>. Tengo s\u00edntomas leves y me encuentro bien de \u00e1nimo. Voy a seguir trabajando de forma remota. Es muy importante que sigamos cuid\u00e1ndonos entre todas y todos\u00bb, escribi\u00f3 el funcionario.<\/p>\n\n\n\n<figure class=\"wp-block-image size-large\"><img loading=\"lazy\" decoding=\"async\" width=\"480\" height=\"641\" src=\"https:\/\/morenoprimero.com.ar\/wp-content\/uploads\/2020\/09\/WhatsApp-Image-2020-09-25-at-09.49.24.jpeg\" alt=\"\" class=\"wp-image-3096\" srcset=\"https:\/\/morenoprimero.com.ar\/archivo\/wp-content\/uploads\/2020\/09\/WhatsApp-Image-2020-09-25-at-09.49.24.jpeg 480w, https:\/\/morenoprimero.com.ar\/archivo\/wp-content\/uploads\/2020\/09\/WhatsApp-Image-2020-09-25-at-09.49.24-225x300.jpeg 225w\" sizes=\"auto, (max-width: 480px) 100vw, 480px\" \/><\/figure>\n","protected":false},"excerpt":{"rendered":"<p>A trav\u00e9s de un tweet en su cuenta personal, Daniel Arroyo, el ministro de Desarrollo Social, hizo de p\u00fablico conocimiento que tiene Coronavirus. A trav\u00e9s de su cuenta en la red social&nbsp;Twitter el ministro de Desarrollo Social,&nbsp;Daniel Arroyo, inform\u00f3 que &hellip; <a href=\"https:\/\/morenoprimero.com.ar\/archivo\/el-ministro-arroyo-tiene-covid\/\">Sigue leyendo <span class=\"meta-nav\">&rarr;<\/span><\/a><\/p>\n","protected":false},"author":6,"featured_media":3100,"comment_status":"open","ping_status":"open","sticky":false,"template":"","format":"standard","meta":{"footnotes":""},"categories":[27,5,20],"tags":[94,777],"class_list":["post-3094","post","type-post","status-publish","format-standard","has-post-thumbnail","hentry","category-politica","category-recomendadas","category-sociedad","tag-covid-19","tag-ministerio-de-desarrollo-social"],"_links":{"self":[{"href":"https:\/\/morenoprimero.com.ar\/archivo\/wp-json\/wp\/v2\/posts\/3094","targetHints":{"allow":["GET"]}}],"collection":[{"href":"https:\/\/morenoprimero.com.ar\/archivo\/wp-json\/wp\/v2\/posts"}],"about":[{"href":"https:\/\/morenoprimero.com.ar\/archivo\/wp-json\/wp\/v2\/types\/post"}],"author":[{"embeddable":true,"href":"https:\/\/morenoprimero.com.ar\/archivo\/wp-json\/wp\/v2\/users\/6"}],"replies":[{"embeddable":true,"href":"https:\/\/morenoprimero.com.ar\/archivo\/wp-json\/wp\/v2\/comments?post=3094"}],"version-history":[{"count":2,"href":"https:\/\/morenoprimero.com.ar\/archivo\/wp-json\/wp\/v2\/posts\/3094\/revisions"}],"predecessor-version":[{"id":3122,"href":"https:\/\/morenoprimero.com.ar\/archivo\/wp-json\/wp\/v2\/posts\/3094\/revisions\/3122"}],"wp:featuredmedia":[{"embeddable":true,"href":"https:\/\/morenoprimero.com.ar\/archivo\/wp-json\/wp\/v2\/media\/3100"}],"wp:attachment":[{"href":"https:\/\/morenoprimero.com.ar\/archivo\/wp-json\/wp\/v2\/media?parent=3094"}],"wp:term":[{"taxonomy":"category","embeddable":true,"href":"https:\/\/morenoprimero.com.ar\/archivo\/wp-json\/wp\/v2\/categories?post=3094"},{"taxonomy":"post_tag","embeddable":true,"href":"https:\/\/morenoprimero.com.ar\/archivo\/wp-json\/wp\/v2\/tags?post=3094"}],"curies":[{"name":"wp","href":"https:\/\/api.w.org\/{rel}","templated":true}]}}